{"id":44529,"date":"2011-11-24T08:48:53","date_gmt":"2011-11-24T07:48:53","guid":{"rendered":"http:\/\/kulturbloggen.com\/?p=44529"},"modified":"2011-11-24T08:48:53","modified_gmt":"2011-11-24T07:48:53","slug":"avdelning-305-en-forestallning-som-ligger-helt-ratt-i-tiden-och-borde-ses-av-alla-som-har-tankar-kring-sjukvard","status":"publish","type":"post","link":"https:\/\/kulturbloggen.com\/?p=44529","title":{"rendered":"Avdelning 305 &#8211; en f\u00f6rest\u00e4llning som ligger helt r\u00e4tt i tiden och borde ses av alla som har tankar kring sjukv\u00e5rd"},"content":{"rendered":"<p>Avdelning 305<br \/>\nTeateretablissemanget i Stockholm<br \/>\nUrpremi\u00e4r: 23 november 2011<\/p>\n<p>Premi\u00e4ren f\u00f6r Avdelning 305, en pj\u00e4s om arbete, makt och skuld, hade knappast kunnat \u00e4ga rum vid ett l\u00e4mpligare tillf\u00e4lle \u00e4n just nu med tanke p\u00e5 de v\u00e5rddebatter som p\u00e5g\u00e5r i de svenska medierna. Det \u00e4r en liten pj\u00e4s, b\u00e5de i avseende p\u00e5 lokalerna den tar i besittning och med avseende p\u00e5 pj\u00e4sens l\u00e4ngd (en dryg timme). \u00c4nd\u00e5 har den oerh\u00f6rt mycket att s\u00e4ga om v\u00e5r samtid.<br \/>\nDen hade urpremi\u00e4r av den nystartade, fria teatergruppen <a href=\"http:\/\/avd305.wordpress.com\/om-teateretablissemanget\/\"><strong>Teateretablissemanget i Stockholm<\/strong><\/a>.<\/p>\n<p>Karin l\u00e4ser str\u00f6kurser p\u00e5 universitetet i Uppsala under terminerna och hoppar in p\u00e5 \u00e4ldrev\u00e5rdsavdelningen 305 som vikarie under en sommar. De konflikter med den ordinarie personalen som hon st\u00f6ter p\u00e5 tror jag att m\u00e5nga k\u00e4nner igen fr\u00e5n sin ungdoms semestervikariat. \u00c5lderdomshemmet blir ett tydligt exempel p\u00e5 en arbetsplats dit unga m\u00e4nniskor s\u00f6ker sig under korta perioder. De \u00e4r fulla av energi och vet att de snart kommer att forts\u00e4tta vidare i livet. Den fasta personalens bitterhet blir en stark kontrast.<\/p>\n<p>Gertrud Larsson st\u00e5r f\u00f6r manus och regi. Pj\u00e4sen bygger p\u00e5 hennes egna erfarenheter fr\u00e5n en sommar inom \u00e4ldrev\u00e5rden. Pj\u00e4sen lyckas vara b\u00e5de specifikt inriktad p\u00e5 \u00e4ldrev\u00e5rden och allm\u00e4ngiltig p\u00e5 samma g\u00e5ng. Den mobbning som \u00e4ger rum i fikarummet hade kunnat ske i vilket fikarum som helst, men karakt\u00e4rerna och dialogerna k\u00e4nns imponerande branschspecifika.<\/p>\n<p>I centrum f\u00f6r handlingen st\u00e5r en tidigare h\u00e4ndelse. Ett p\u00e5st\u00e5tt slarv fr\u00e5n undersk\u00f6terskan Lenas sida anses ha orsakat en gammal mans d\u00f6d. Detta, bland mycket annat, viskas det om bakom Lenas rygg. Lena \u00e4r ensamst\u00e5ende mamma och borta fr\u00e5n arbetet lite v\u00e4l ofta. \u00c4r det inte barnen som \u00e4r sjuka s\u00e5 \u00e4r det visst hon sj\u00e4lv. Inget l\u00e4karintyg har n\u00e5gonsin visats.  Antagligen s\u00e5 dricker hon lite f\u00f6r mycket. Med sitt perspektiv utifr\u00e5n ser Karin den mobbning som den ordinarie personalen blundar f\u00f6r. <\/p>\n<p>Jag har aldrig tidigare sett s\u00e5 h\u00f6gkvalitativ teater i s\u00e5 litet format. <\/p>\n<p>Vid ing\u00e5ngen fick man v\u00e4lja mellan att ta av sig skorna eller s\u00e4tta p\u00e5 sig ett par bl\u00e5a skoskydd. Tre rader stolar stod uppradade i rummet. L\u00e4ngst fram stod ytterligare en rad med vita, l\u00e5ga badrumspallar. Det sm\u00e5skaliga formatet gjorde mycket f\u00f6r upplevelsen, dels kom handlingen n\u00e4ra inp\u00e5, och dels blev det en v\u00e4ldigt trevlig st\u00e4mning bland publiken, d\u00e4r alla hj\u00e4lptes \u00e5t och flyttade p\u00e5 sig tills alla var n\u00f6jda och kunde se ordentligt.<\/p>\n<p>De medverkande sk\u00e5despelarna \u00e4r Anne Kalmering, Anne-Li Norberg, Anna-Lena Efverman och Helena Sandstr\u00f6m. <\/p>\n<p><strong>Text: Sigrid Abenius<\/strong><\/p>\n<p>L\u00e4s \u00e4ven andra bloggares \u00e5sikter om <a href=\"http:\/\/bloggar.se\/om\/Avd+305\" rel=\"tag\">Avd 305<\/a>, <a href=\"http:\/\/bloggar.se\/om\/teater\" rel=\"tag\">teater<\/a>, <a href=\"http:\/\/bloggar.se\/om\/teaterrecension\" rel=\"tag\">teaterrecension<\/a>, <a href=\"http:\/\/bloggar.se\/om\/Teateretablissemanget\" rel=\"tag\">Teateretablissemanget<\/a><\/p>\n","protected":false},"excerpt":{"rendered":"<p>Avdelning 305 Teateretablissemanget i Stockholm Urpremi\u00e4r: 23 november 2011 Premi\u00e4ren f\u00f6r Avdelning 305, en pj\u00e4s om arbete, makt och skuld, hade knappast kunnat \u00e4ga rum vid ett l\u00e4mpligare tillf\u00e4lle \u00e4n just nu med tanke p\u00e5 de v\u00e5rddebatter som p\u00e5g\u00e5r i de svenska medierna. Det \u00e4r en liten pj\u00e4s, b\u00e5de i avseende p\u00e5 lokalerna den tar [&hellip;]<\/p>\n","protected":false},"author":2,"featured_media":44530,"comment_status":"open","ping_status":"open","sticky":false,"template":"","format":"standard","meta":{"_genesis_hide_title":false,"_genesis_hide_breadcrumbs":false,"_genesis_hide_singular_image":false,"_genesis_hide_footer_widgets":false,"_genesis_custom_body_class":"","_genesis_custom_post_class":"","_genesis_layout":"","footnotes":""},"categories":[16,20,31],"tags":[6615,12288,6616,12289],"class_list":{"0":"post-44529","1":"post","2":"type-post","3":"status-publish","4":"format-standard","5":"has-post-thumbnail","7":"category-recension","8":"category-film","9":"category-teaterrecension","10":"tag-avd-305","11":"tag-teater","12":"tag-teateretablissemanget","13":"tag-teaterrecension","14":"entry"},"_links":{"self":[{"href":"https:\/\/kulturbloggen.com\/index.php?rest_route=\/wp\/v2\/posts\/44529","targetHints":{"allow":["GET"]}}],"collection":[{"href":"https:\/\/kulturbloggen.com\/index.php?rest_route=\/wp\/v2\/posts"}],"about":[{"href":"https:\/\/kulturbloggen.com\/index.php?rest_route=\/wp\/v2\/types\/post"}],"author":[{"embeddable":true,"href":"https:\/\/kulturbloggen.com\/index.php?rest_route=\/wp\/v2\/users\/2"}],"replies":[{"embeddable":true,"href":"https:\/\/kulturbloggen.com\/index.php?rest_route=%2Fwp%2Fv2%2Fcomments&post=44529"}],"version-history":[{"count":1,"href":"https:\/\/kulturbloggen.com\/index.php?rest_route=\/wp\/v2\/posts\/44529\/revisions"}],"predecessor-version":[{"id":44531,"href":"https:\/\/kulturbloggen.com\/index.php?rest_route=\/wp\/v2\/posts\/44529\/revisions\/44531"}],"wp:featuredmedia":[{"embeddable":true,"href":"https:\/\/kulturbloggen.com\/index.php?rest_route=\/wp\/v2\/media\/44530"}],"wp:attachment":[{"href":"https:\/\/kulturbloggen.com\/index.php?rest_route=%2Fwp%2Fv2%2Fmedia&parent=44529"}],"wp:term":[{"taxonomy":"category","embeddable":true,"href":"https:\/\/kulturbloggen.com\/index.php?rest_route=%2Fwp%2Fv2%2Fcategories&post=44529"},{"taxonomy":"post_tag","embeddable":true,"href":"https:\/\/kulturbloggen.com\/index.php?rest_route=%2Fwp%2Fv2%2Ftags&post=44529"}],"curies":[{"name":"wp","href":"https:\/\/api.w.org\/{rel}","templated":true}]}}