{"id":44433,"date":"2011-11-21T09:03:35","date_gmt":"2011-11-21T08:03:35","guid":{"rendered":"http:\/\/kulturbloggen.com\/?p=44433"},"modified":"2011-11-22T09:05:58","modified_gmt":"2011-11-22T08:05:58","slug":"stockholm-far-en-progmusikfestival-lordag-den-26e-november","status":"publish","type":"post","link":"https:\/\/kulturbloggen.com\/?p=44433","title":{"rendered":"Stockholm f\u00e5r en progmusikfestival l\u00f6rdag den 26e november"},"content":{"rendered":"<p>L\u00f6rdagen den 26e november \u00e4r det premi\u00e4r f\u00f6r <strong><a href=\"http:\/\/www.swedenprog.se\">Sweden Prog Fest.<\/a><\/strong> F\u00f6r f\u00f6rsta g\u00e5ngen n\u00e5gonsin f\u00e5r Stockholm sin egen progrock-festival, ber\u00e4ttar ett pressmeddelande.<\/p>\n<p>Pressmeddelandet ber\u00e4ttar:<br \/>\n<a href=\"http:\/\/kulturbloggen.com\/wp-content\/uploads\/2011\/11\/swedenprogfestbanner.jpg\"><img loading=\"lazy\" decoding=\"async\" src=\"http:\/\/kulturbloggen.com\/wp-content\/uploads\/2011\/11\/swedenprogfestbanner-150x150.jpg\" alt=\"\" title=\"swedenprogfestbanner\" width=\"150\" height=\"150\" class=\"alignright size-thumbnail wp-image-44436\" \/><\/a>Sverige har en unik position som pionj\u00e4rer inom progrock (ungef\u00e4r som inom heavy metal) och det \u00e4r helt obegripligt att ingen redan etablerat en s\u00e5dan h\u00e4r festival.<\/p>\n<p>P\u00e5 scen st\u00e5r v\u00e5r absolut st\u00f6rsta internationella stj\u00e4rna Roine Stolt som efter stora succ\u00e9er med s\u00e5v\u00e4l egna bandet The Flower Kings som det internationella superbandet Transatlantic bildat \u00e4nnu ett succ\u00e9band:<br \/>\n<a href=\"http:\/\/www.agentsofmercy.com\/\">Agents of Mercy<\/a> som nyligen sl\u00e4ppt sitt tredje och redan mest hyllade<br \/>\nalbum The Black Forest. <\/p>\n<p>Vi f\u00e5r \u00e4ven m\u00f6ta <a href=\"http:\/\/www.coste.se\/flash\/index.html\">Coste&#8217;s Cosmos lett av prog-legendaren Coste Apetrea<\/a> (Samla Mammas Manna, Jukka Tolonen Band m fl) som spelar b\u00e5de \u00e4ldre klassiker och nytt material som n\u00e4rmast kan beskrivas som lekfull prog-metal. <\/p>\n<p>Tv\u00e5 relativt unga band i genren \u00e4r G\u00f6sta Berlings Saga och Brighteye Brison.<\/p>\n<p><a href=\"http:\/\/www.gostaberlingssaga.se\/\">G\u00f6sta Berlings Saga<\/a> spelar m\u00f6rk, vacker instrumental progressiv rock med r\u00f6tterna i 1970-talet men tar musiken n\u00e5gon helt annanstans.<\/p>\n<p><a href=\"http:\/\/www.brighteyebrison.com\/frames.htm\">Brighteye Brison<\/a> \u00e4r p\u00e5 m\u00e5nga s\u00e4tt deras motsats. Deras sound bygger mycket p\u00e5 deras proffsiga st\u00e4ms\u00e5ng och starka melodier.<\/p>\n<p><a href=\"https:\/\/www.facebook.com\/thekingdomofficial?ref=ts&#038;sk=app_178091127385\">The Kingdom<\/a> \u00e4r folkrock-trio med prog-influenser som framf\u00f6rs p\u00e5 bland annat distad s\u00e4ckpipa och elfiol. Troligtvis de enda i sitt slag.<\/p>\n<p>Bilden ovan: Agents of Mercy<\/p>\n<p>P\u00e5 bilden nedan:<br \/>\n<a href=\"http:\/\/kulturbloggen.com\/wp-content\/uploads\/2011\/11\/gbs_press2011_01.jpg\"><img loading=\"lazy\" decoding=\"async\" src=\"http:\/\/kulturbloggen.com\/wp-content\/uploads\/2011\/11\/gbs_press2011_01-300x200.jpg\" alt=\"\" title=\"gbs_press2011_01\" width=\"300\" height=\"200\" class=\"aligncenter size-medium wp-image-44435\" srcset=\"https:\/\/kulturbloggen.com\/wp-content\/uploads\/2011\/11\/gbs_press2011_01-300x200.jpg 300w, https:\/\/kulturbloggen.com\/wp-content\/uploads\/2011\/11\/gbs_press2011_01-1024x685.jpg 1024w, https:\/\/kulturbloggen.com\/wp-content\/uploads\/2011\/11\/gbs_press2011_01-200x133.jpg 200w, https:\/\/kulturbloggen.com\/wp-content\/uploads\/2011\/11\/gbs_press2011_01-175x117.jpg 175w, https:\/\/kulturbloggen.com\/wp-content\/uploads\/2011\/11\/gbs_press2011_01-343x230.jpg 343w, https:\/\/kulturbloggen.com\/wp-content\/uploads\/2011\/11\/gbs_press2011_01-97x65.jpg 97w, https:\/\/kulturbloggen.com\/wp-content\/uploads\/2011\/11\/gbs_press2011_01-80x53.jpg 80w, https:\/\/kulturbloggen.com\/wp-content\/uploads\/2011\/11\/gbs_press2011_01-150x100.jpg 150w, https:\/\/kulturbloggen.com\/wp-content\/uploads\/2011\/11\/gbs_press2011_01-590x394.jpg 590w, https:\/\/kulturbloggen.com\/wp-content\/uploads\/2011\/11\/gbs_press2011_01-920x615.jpg 920w\" sizes=\"auto, (max-width: 300px) 100vw, 300px\" \/><\/a><\/p>\n<p>L\u00e4s \u00e4ven andra bloggares \u00e5sikter om <a href=\"http:\/\/bloggar.se\/om\/musik\" rel=\"tag\">musik<\/a>, <a href=\"http:\/\/bloggar.se\/om\/progmusik\" rel=\"tag\">progmusik<\/a>, <a href=\"http:\/\/bloggar.se\/om\/progfest\" rel=\"tag\">progfest<\/a>, <a href=\"http:\/\/bloggar.se\/om\/musikfestival\" rel=\"tag\">musikfestival<\/a><\/p>\n","protected":false},"excerpt":{"rendered":"<p>L\u00f6rdagen den 26e november \u00e4r det premi\u00e4r f\u00f6r Sweden Prog Fest. F\u00f6r f\u00f6rsta g\u00e5ngen n\u00e5gonsin f\u00e5r Stockholm sin egen progrock-festival, ber\u00e4ttar ett pressmeddelande. Pressmeddelandet ber\u00e4ttar: Sverige har en unik position som pionj\u00e4rer inom progrock (ungef\u00e4r som inom heavy metal) och det \u00e4r helt obegripligt att ingen redan etablerat en s\u00e5dan h\u00e4r festival. P\u00e5 scen st\u00e5r [&hellip;]<\/p>\n","protected":false},"author":2,"featured_media":44434,"comment_status":"open","ping_status":"open","sticky":false,"template":"","format":"standard","meta":{"_genesis_hide_title":false,"_genesis_hide_breadcrumbs":false,"_genesis_hide_singular_image":false,"_genesis_hide_footer_widgets":false,"_genesis_custom_body_class":"","_genesis_custom_post_class":"","_genesis_layout":"","footnotes":""},"categories":[7],"tags":[12282,3844,6606],"class_list":{"0":"post-44433","1":"post","2":"type-post","3":"status-publish","4":"format-standard","5":"has-post-thumbnail","7":"category-musik","8":"tag-musik","9":"tag-musikfestival","10":"tag-progfest","11":"entry"},"_links":{"self":[{"href":"https:\/\/kulturbloggen.com\/index.php?rest_route=\/wp\/v2\/posts\/44433","targetHints":{"allow":["GET"]}}],"collection":[{"href":"https:\/\/kulturbloggen.com\/index.php?rest_route=\/wp\/v2\/posts"}],"about":[{"href":"https:\/\/kulturbloggen.com\/index.php?rest_route=\/wp\/v2\/types\/post"}],"author":[{"embeddable":true,"href":"https:\/\/kulturbloggen.com\/index.php?rest_route=\/wp\/v2\/users\/2"}],"replies":[{"embeddable":true,"href":"https:\/\/kulturbloggen.com\/index.php?rest_route=%2Fwp%2Fv2%2Fcomments&post=44433"}],"version-history":[{"count":2,"href":"https:\/\/kulturbloggen.com\/index.php?rest_route=\/wp\/v2\/posts\/44433\/revisions"}],"predecessor-version":[{"id":44438,"href":"https:\/\/kulturbloggen.com\/index.php?rest_route=\/wp\/v2\/posts\/44433\/revisions\/44438"}],"wp:featuredmedia":[{"embeddable":true,"href":"https:\/\/kulturbloggen.com\/index.php?rest_route=\/wp\/v2\/media\/44434"}],"wp:attachment":[{"href":"https:\/\/kulturbloggen.com\/index.php?rest_route=%2Fwp%2Fv2%2Fmedia&parent=44433"}],"wp:term":[{"taxonomy":"category","embeddable":true,"href":"https:\/\/kulturbloggen.com\/index.php?rest_route=%2Fwp%2Fv2%2Fcategories&post=44433"},{"taxonomy":"post_tag","embeddable":true,"href":"https:\/\/kulturbloggen.com\/index.php?rest_route=%2Fwp%2Fv2%2Ftags&post=44433"}],"curies":[{"name":"wp","href":"https:\/\/api.w.org\/{rel}","templated":true}]}}