{"id":44338,"date":"2011-11-21T13:59:24","date_gmt":"2011-11-21T12:59:24","guid":{"rendered":"http:\/\/kulturbloggen.com\/?p=44338"},"modified":"2011-11-21T14:38:38","modified_gmt":"2011-11-21T13:38:38","slug":"bokrelease-pa-dramaten-%e2%80%93-scenvaxlingar","status":"publish","type":"post","link":"https:\/\/kulturbloggen.com\/?p=44338","title":{"rendered":"Bokrelease p\u00e5 Dramaten \u2013 Scenv\u00e4xlingar"},"content":{"rendered":"<p>Scenv\u00e4xlingar \u00e4r en antologi som \u00e4r resultatet ett l\u00e5ngvarigt samarbetsprojekt mellan Bonniers Konsthall och Dramaten&#038;. Den presenteras p\u00e5 en releasetillst\u00e4llning p\u00e5 Dramaten s\u00f6ndagskv\u00e4llen 20 novembern.<\/p>\n<p>Bokens texter och bilder \u00e4r h\u00e4mtade fr\u00e5n den utst\u00e4llning med samma namn som \u00e4gde rum p\u00e5 Bonniers Konsthall h\u00f6sten 2010. <\/p>\n<p>Delar av projektet \u00e4gde rum p\u00e5 Dramatens scener, andra komponenter har utg\u00e5tt fr\u00e5n det mer traditionella utst\u00e4llningsrummet som konsthallen utg\u00f6r. Temat f\u00f6r s\u00e5v\u00e4l utst\u00e4llningen som antologin \u00e4r relationen mellan konsten och teatern. Sara Arrhenius, konsthallschef, anger under kv\u00e4llens inledande diskussion den samtida konsten i sig som avg\u00f6rande f\u00f6r samarbetets uppkomst. Id\u00e9n f\u00f6ddes ur iakttagelsen att konsten ofta r\u00f6r sig i ett gr\u00e4nsland mellan olika konstn\u00e4rliga uttryckss\u00e4tt. Mycket av den samtida konsten har en dragning till teaterns v\u00e4rld.<\/p>\n<p>I antologin presenteras de deltagande konstn\u00e4rerna: Pablo Bronstein, Miriam B\u00e4ckstr\u00f6m, Keren Cytter, Andrew Kerton, Inci Eviner, Gabr\u00edela Fridriksd\u00f3ttir, Ragnar Kjartansson, Ylva Ogland, Christodoulos Panayiotou, Lili Reynaud-Dewar, KirstineRoepstorff, Pietro Roccasalva, Markus Schinwald, Sriwhana Spong, och Catherine Sullivan.<\/p>\n<p>Traditionellt sett har en avg\u00f6rande skillnad mellan bildkonsten och teatern varit att bildkonsten har varit f\u00f6rankrad i ett fysiskt objekt, ofta med en stark v\u00e4rdeladdning. F\u00f6r teatern har ist\u00e4llet \u00f6gonblicket varit i fokus, det ogripbara. En viktig id\u00e9 f\u00f6r samarbetet var att dessa olika syns\u00e4tt skulle m\u00f6tas. M\u00e5nga av verken i utst\u00e4llningen var \u00e4mnade att vara just f\u00f6r\u00e4nderliga. N\u00e5gra verk \u00e4gde rum vid enskilda tillf\u00e4llen under utst\u00e4llningsperioden. <\/p>\n<p>Konstn\u00e4ren Ylva Ogland \u00e4r p\u00e5 plats under kv\u00e4llen och ber\u00e4ttar om sitt medverkande konstverk \u201dSn\u00f6frid och den seende platsen\u201d. \u201dSn\u00f6frid\u201d \u00e4r konstn\u00e4rens alterego som har varit med i hennes konstn\u00e4rliga arbete under en l\u00e4ngre tid. I utst\u00e4llningen p\u00e5 Bonniers Konsthall intog hon skepnaden av en vit marionettdocka som under en kv\u00e4ll fick liv och framf\u00f6rde ett slags f\u00f6delsedans p\u00e5 Dramatens scen. P\u00e5 Bonniers Konsthall fanns dockan att besk\u00e5da p\u00e5 n\u00e4ra h\u00e5ll tillsammans med konstn\u00e4rens m\u00e5lningar och annan rekvisita. Ett av verken som \u00e4gde rum p\u00e5 teaterns scen var Pablo Bronsteins Ber\u00f6mda d\u00f6dsfall ur den europeiska litteraturen. Hundra mycket k\u00e4nda d\u00f6dsfall ur litteraturhistorien spelades upp p\u00e5 mindre \u00e4n en timme. Tv\u00e5 av de medverkande sk\u00e5despelarna \u00e4r p\u00e5 plats under releasekv\u00e4llen och ber\u00e4ttar om arbetet och deras syn p\u00e5 skillnaden mellan att arbeta med en konstn\u00e4r och en regiss\u00f6r. Publiken fick \u00e4ven ett stycke ur verket framf\u00f6rt under kv\u00e4llen.<\/p>\n<p>M\u00e5nga av bokens texter fungerar som dokumentation, andra som f\u00f6rdjupning och diskussion. En samlingsutst\u00e4llning som Scenv\u00e4xlingar, med m\u00e5nga deltagande konstn\u00e4rer samlande under en gemensam utg\u00e5ngspunkt, f\u00f6reg\u00e5s av mycket reflekterande. Denna tankeverksamhet ger antologin Scenv\u00e4xlingar inblick i &#8211; en enligt mig s\u00e4llsynt m\u00f6jlighet.<\/p>\n<p><strong>Text: Sigrid Abenius<\/strong><\/p>\n<p>Foto: S\u00f6ren Vilks<\/p>\n<p><a href=\"http:\/\/kulturbloggen.com\/wp-content\/uploads\/2011\/11\/Bronstein_1234.jpg\"><img loading=\"lazy\" decoding=\"async\" src=\"http:\/\/kulturbloggen.com\/wp-content\/uploads\/2011\/11\/Bronstein_1234-300x200.jpg\" alt=\"\" title=\"Dramaten&amp; Ber\u00c3\u00b6mda d\u00c3\u00b6dsfall ur den Europeiska litteraturen\" width=\"300\" height=\"200\" class=\"aligncenter size-medium wp-image-44340\" srcset=\"https:\/\/kulturbloggen.com\/wp-content\/uploads\/2011\/11\/Bronstein_1234-300x200.jpg 300w, https:\/\/kulturbloggen.com\/wp-content\/uploads\/2011\/11\/Bronstein_1234-1024x682.jpg 1024w, https:\/\/kulturbloggen.com\/wp-content\/uploads\/2011\/11\/Bronstein_1234-200x133.jpg 200w, https:\/\/kulturbloggen.com\/wp-content\/uploads\/2011\/11\/Bronstein_1234-175x116.jpg 175w, https:\/\/kulturbloggen.com\/wp-content\/uploads\/2011\/11\/Bronstein_1234-345x230.jpg 345w, https:\/\/kulturbloggen.com\/wp-content\/uploads\/2011\/11\/Bronstein_1234-97x65.jpg 97w, https:\/\/kulturbloggen.com\/wp-content\/uploads\/2011\/11\/Bronstein_1234-80x53.jpg 80w, https:\/\/kulturbloggen.com\/wp-content\/uploads\/2011\/11\/Bronstein_1234-150x100.jpg 150w, https:\/\/kulturbloggen.com\/wp-content\/uploads\/2011\/11\/Bronstein_1234-590x393.jpg 590w, https:\/\/kulturbloggen.com\/wp-content\/uploads\/2011\/11\/Bronstein_1234-920x613.jpg 920w\" sizes=\"auto, (max-width: 300px) 100vw, 300px\" \/><\/a><\/p>\n<p>L\u00e4s \u00e4ven andra bloggares \u00e5sikter om <a href=\"http:\/\/bloggar.se\/om\/Dramaten\" rel=\"tag\">Dramaten<\/a>, <a href=\"http:\/\/bloggar.se\/om\/Bonniers+Konsthall\" rel=\"tag\">Bonniers Konsthall<\/a>, <a href=\"http:\/\/bloggar.se\/om\/antologi\" rel=\"tag\">antologi<\/a>, <a href=\"http:\/\/bloggar.se\/om\/konst\" rel=\"tag\">konst<\/a>, <a href=\"http:\/\/bloggar.se\/om\/scenv%E4xlingar\" rel=\"tag\">scenv\u00e4xlingar<\/a><\/p>\n","protected":false},"excerpt":{"rendered":"<p>Scenv\u00e4xlingar \u00e4r en antologi som \u00e4r resultatet ett l\u00e5ngvarigt samarbetsprojekt mellan Bonniers Konsthall och Dramaten&#038;. Den presenteras p\u00e5 en releasetillst\u00e4llning p\u00e5 Dramaten s\u00f6ndagskv\u00e4llen 20 novembern. Bokens texter och bilder \u00e4r h\u00e4mtade fr\u00e5n den utst\u00e4llning med samma namn som \u00e4gde rum p\u00e5 Bonniers Konsthall h\u00f6sten 2010. Delar av projektet \u00e4gde rum p\u00e5 Dramatens scener, andra komponenter [&hellip;]<\/p>\n","protected":false},"author":13,"featured_media":44341,"comment_status":"open","ping_status":"open","sticky":false,"template":"","format":"standard","meta":{"_genesis_hide_title":false,"_genesis_hide_breadcrumbs":false,"_genesis_hide_singular_image":false,"_genesis_hide_footer_widgets":false,"_genesis_custom_body_class":"","_genesis_custom_post_class":"","_genesis_layout":"","footnotes":""},"categories":[3],"tags":[6598,6597,1366,3009,6599],"class_list":{"0":"post-44338","1":"post","2":"type-post","3":"status-publish","4":"format-standard","5":"has-post-thumbnail","7":"category-litteratur","8":"tag-antologi","9":"tag-bonniers-konsthall","10":"tag-dramaten","11":"tag-konst","12":"tag-scenvaxlingar","13":"entry"},"_links":{"self":[{"href":"https:\/\/kulturbloggen.com\/index.php?rest_route=\/wp\/v2\/posts\/44338","targetHints":{"allow":["GET"]}}],"collection":[{"href":"https:\/\/kulturbloggen.com\/index.php?rest_route=\/wp\/v2\/posts"}],"about":[{"href":"https:\/\/kulturbloggen.com\/index.php?rest_route=\/wp\/v2\/types\/post"}],"author":[{"embeddable":true,"href":"https:\/\/kulturbloggen.com\/index.php?rest_route=\/wp\/v2\/users\/13"}],"replies":[{"embeddable":true,"href":"https:\/\/kulturbloggen.com\/index.php?rest_route=%2Fwp%2Fv2%2Fcomments&post=44338"}],"version-history":[{"count":2,"href":"https:\/\/kulturbloggen.com\/index.php?rest_route=\/wp\/v2\/posts\/44338\/revisions"}],"predecessor-version":[{"id":44350,"href":"https:\/\/kulturbloggen.com\/index.php?rest_route=\/wp\/v2\/posts\/44338\/revisions\/44350"}],"wp:featuredmedia":[{"embeddable":true,"href":"https:\/\/kulturbloggen.com\/index.php?rest_route=\/wp\/v2\/media\/44341"}],"wp:attachment":[{"href":"https:\/\/kulturbloggen.com\/index.php?rest_route=%2Fwp%2Fv2%2Fmedia&parent=44338"}],"wp:term":[{"taxonomy":"category","embeddable":true,"href":"https:\/\/kulturbloggen.com\/index.php?rest_route=%2Fwp%2Fv2%2Fcategories&post=44338"},{"taxonomy":"post_tag","embeddable":true,"href":"https:\/\/kulturbloggen.com\/index.php?rest_route=%2Fwp%2Fv2%2Ftags&post=44338"}],"curies":[{"name":"wp","href":"https:\/\/api.w.org\/{rel}","templated":true}]}}