{"id":4432,"date":"2008-11-14T23:38:42","date_gmt":"2008-11-14T22:38:42","guid":{"rendered":"http:\/\/kulturbloggen.com\/?p=4432"},"modified":"2008-11-14T23:38:42","modified_gmt":"2008-11-14T22:38:42","slug":"hellre-en-kloak-som-lyssnar","status":"publish","type":"post","link":"https:\/\/kulturbloggen.com\/?p=4432","title":{"rendered":"Hellre en kloak som lyssnar &#8230;"},"content":{"rendered":"<p><img loading=\"lazy\" decoding=\"async\" src=\"http:\/\/sodergren.com\/kulturbloggen\/wp-content\/uploads\/2008\/11\/kloak125.jpg\" alt=\"\" title=\"kloak125\" width=\"125\" height=\"250\" class=\"alignright size-full wp-image-4435\" \/><br \/>\nJag \u00e4r borta i tre dagar, eller ja inte ens bortrest utan fullt sysselsatt med andra saker \u00e4n att ha koll p\u00e5 bloggv\u00e4rlden och nyhetsfl\u00f6dena och n\u00e4r jag nu har tid att kolla l\u00e4get, ja d\u00e5 p\u00e5g\u00e5r en h\u00f6gintressant diskussion, som bara poppat upp.<\/p>\n<p>Bo Rothstein \u00e4r professor i statsvetenskap. Han skulle kunna vara bloggare med tanke p\u00e5 hans s\u00e4tt att utrycka sig. Inte vilken bloggare som helst utan den d\u00e4r sorten som vi i bloggv\u00e4rlden kallar troll. Eller kanske inte riktigt troll, men bra n\u00e4ra gr\u00e4nsen. Han kallar bloggv\u00e4rlden f\u00f6r kloak. S\u00e5 h\u00e4r <a href=\"http:\/\/gp.se\/gp\/jsp\/Crosslink.jsp?d=121&#038;a=457670\">uttrycker han sig i G\u00f6teborgs-Posten<\/a>:<\/p>\n<blockquote><p>Debatt- och ins\u00e4ndarredakt\u00f6rer har fram tills nu fungerat som en slags d\u00f6rrvakter och f\u00f6ljande etablerad pressetik f\u00f6rhindrat den f\u00f6rslumning av det offentliga samtalet som nu sker i bloggosf\u00e4ren. Nu \u00e4r sp\u00e4rrarna borta och att titta in i denna sf\u00e4r \u00e4r som att \u00f6ppna locket till en kloakbrunn.<\/p><\/blockquote>\n<p>Den som varit aktiv p\u00e5 n\u00e4tet en l\u00e4ngre tid vet vad troll \u00e4r. De g\u00e5r till exempel inte att diskutera med. De \u00e4r env\u00e4gskommunikat\u00f6rer. Elaka och anv\u00e4nder f\u00f6rnedrande uttyck mot medm\u00e4nniskor p\u00e5 n\u00e4tet.<\/p>\n<p>Det \u00e4r ju just vad denna professor g\u00f6r. Kallar oss f\u00f6r kloak.<\/p>\n<p>N\u00e5, till sj\u00e4lva saken: Har redaktionerna sk\u00f6tt sin uppgift som d\u00f6rrvaktare? Har de sl\u00e4ppt in alla samh\u00e4llsklasser in till debatten i medier? Har alla grupper kommit till tals?<\/p>\n<p><strong>Knappast.<\/strong> Redaktionerna m\u00e5ste g\u00e5 runt ekonomiskt och v\u00e4ljer att g\u00f6ra det genom att s\u00e4lja p\u00e5 n\u00f6jesjournalistik, p\u00e5 snabba, korta nyheter. De traditionella medierna har ingen uth\u00e5llighet, de h\u00e5ller inte fast i n\u00e5gon fr\u00e5ga. Medierna svek i FRA-fr\u00e5gan, de rapporterade bara n\u00e4r det var som mest nyhetsm\u00e4ssigt, sedan sl\u00e4pper de fr\u00e5gorna.<\/p>\n<p>Debattsidorna p\u00e5 redaktionerna styrs med j\u00e4rnhand, det \u00e4r bara en liten grupp som har tillg\u00e5ng dit.<\/p>\n<p>Det var f\u00f6rresten r\u00e4tt l\u00e4nge sedan de traditionella medierna, gammelmedia, var ett verktyg f\u00f6r demokratin eller n\u00e5gon granskande makt. Det finns en liten, liten elitgrupp inom journalistk\u00e5ren som f\u00e5r granska makten och som har inflytande \u00f6ver sin arbetssituation. Nittiofem procent av journalistk\u00e5ren \u00e4r redaktionsslavar, som bara lyder order fr\u00e5n chefen. Det \u00e4r tyv\u00e4rr sant. Jag har nyligen gjort en resa p\u00e5 ett \u00e5r p\u00e5 en av de stora dagstidningarnas redaktioner och kan konstatera att journalisterna idag har \u00e4nnu mindre m\u00f6jlighet att styra vad som ska rapporteras om \u00e4n f\u00f6r tjugo \u00e5r sedan d\u00e5 jag b\u00f6rjade jobba som journalist. En liten grupp chefer styr allt.<\/p>\n<p>S\u00e5 kom inte och s\u00e4g att gammelmedier st\u00e5r f\u00f6r demokrati.<\/p>\n<p><strong>Dessutom<\/strong> \u00e4r anst\u00e4llningsf\u00f6rh\u00e5llandena inom journalistbranschen s\u00e5 d\u00e5liga att det inte heller fr\u00e4mjar n\u00e5gon granskade eller skapande journalistik. En stor grupp medarbetare \u00e4r vikarier och om de skulle kr\u00e4va n\u00e5got skulle de inte bli l\u00e5ngvariga p\u00e5 redaktionen. Det \u00e4r n\u00e4stan s\u00e5 man kan misst\u00e4nka att det ligger i de m\u00e4ktiga \u00e4garnas intresse att ha s\u00e5dana anst\u00e4llningsf\u00f6rh\u00e5llanden att de stryper journalisternas granskande roll.<\/p>\n<p>Och om man ser p\u00e5 hur redaktionerna \u00e4r f\u00f6rdelade k\u00f6nsm\u00e4ssigt \u00e4r majoriteten av de anst\u00e4llda p\u00e5 stockholmsredaktionerna m\u00e4n och bland de nyanst\u00e4llda m\u00e4n i 30-\u00e5rs\u00e5ldern.<\/p>\n<p>DN.se fick ju f\u00f6rresten <a href=\"http:\/\/internetworld.idg.se\/2.1006\/1.191870\">pris av Internetworld<\/a> som b\u00e4sta mediesajt. Och det rapporterade tidningen givetvis stolt om, men med en bluffbild. De hade st\u00e4llt redaktionen enda kvinnor l\u00e4ngst fram p\u00e5 bilden s\u00e5 det s\u00e5g ut som om det finns m\u00e5nga kvinnor d\u00e4r. Fast bakom, n\u00e4stan alla andra bakom kvinnorna d\u00e4r framme \u00e4r m\u00e4n.<\/p>\n<p>Nej, det var l\u00e4nge sedan de traditionella medierna stod f\u00f6r demokratiska v\u00e4rden eller var en granskande makt. De \u00e4r f\u00f6retag i nyhetsurval och i m\u00e5nga fall n\u00f6jesf\u00f6rmedlare.<\/p>\n<p>Dels kommer majoriteten av m\u00e4nniskor inte till tals i gammelmedia. M\u00e5nga m\u00e4nniskor upplever att deras verklighet rapporteras det inte om. Ett annat problem \u00e4r att av de m\u00e5nga som utbildar sig inom medier \u00e4r det bara ett f\u00e5tal som f\u00e5r  jobb inom medier. Av denna lilla grupp som f\u00e5r jobb \u00e4r det bara n\u00e5gon procent som ens har n\u00e5got inflytande p\u00e5 vad som ska tas upp och raporteras om.<\/p>\n<p>S<strong>ociala medier,<\/strong> som bloggar och mikrobloggar, ger m\u00e4nniskor, vem som helst, en unik m\u00f6jlighet att delta i debatten. Sociala medier handlar om interaktivitet, handlar om kommunikation, att vi lyssnar p\u00e5 varandra, diskuterar. Det \u00e4r som med gammelmedia som \u00e4r en megafon eller h\u00f6gtalare som bara f\u00f6r ut en syn p\u00e5 saken. De traditionella mediernas reportrar f\u00f6rs\u00f6ker sig p\u00e5 att anv\u00e4nda bloggverktyg ibland, de tror att de bloggar. Men d\u00e5 \u00e4r det \u00e4nd\u00e5 med samma gamla inst\u00e4llning: de vr\u00e4ker ur sig sina ideer men deltar inte i n\u00e5gon debatt och diskussion p\u00e5 n\u00e4tet, de l\u00e4nkar inte till andra, svara inte p\u00e5 kommentarer.<\/p>\n<p>Att det sedan finns bloggare som skriver illa, som uttrycker sig illa och som kan skriva om trams: tja, livet \u00e4r fullt av s\u00e5dant och de som \u00e4r mest tramsiga \u00e4r ofta gammelmedias redaktionsmedlemmar n\u00e4r de leker bloggare. Javisst, det finns elaka m\u00e4nniskor inom bloggv\u00e4rlden. Det finns elaka m\u00e4nniskor \u00f6verallt, i kyrkan ocks\u00e5. Det \u00e4ndrar inte p\u00e5 ett faktum: sociala medier ger alla en m\u00f6jlighet att delta i debatten, en m\u00f6jlighet som de st\u00e4ngts ute fr\u00e5n av gammelmedier som styrs av en liten elit av redaktionschefer.<\/p>\n<p>M\u00e5nga bloggar har tagit upp professorns angrepp p\u00e5 bloggv\u00e4rlden:<\/p>\n<p><a href=\"http:\/\/samesamebutdifferent.se\/2008\/11\/13\/rothstein-anklagar-bloggosfaren\/\">Same Same but Different<\/a>:<\/p>\n<blockquote><p>Bloggarna kommer att vara viktiga opinionsinstrument. Framf\u00f6rallt \u00e4r det viktigt att inte gl\u00f6mma att bloggen endast \u00e4r en kanal. Att d\u00f6ma ut kanalen utifr\u00e5n att den \u00e4r fri, enkel och tillg\u00e4nglig \u00e4r att forts\u00e4tta att f\u00f6rhindra en breddning av demokratin. Det \u00e4r att forts\u00e4tta att f\u00f6rklara att det finns en hierarki n\u00e4r det g\u00e4ller \u00e5sikter: de som \u00e4r p\u00f6belns och som inte b\u00f6r komma ut och de som \u00e4r r\u00e4tta och har tillg\u00e5ng till kanalerna. Sociala medier v\u00e4nder upp och ner p\u00e5 det syns\u00e4ttet. Opinionsarbetet sker nu vid ett digitalt k\u00f6ksbord, vid ett kaffebord som inte \u00e4r rumsligt begr\u00e4nsat. Precis som n\u00e4r det g\u00e4ller i annan social interaktion kommer avarterna att frysas ut, bli ointressanta desto mer formatet och kanalen blir accepterad. Rothstein borde snarare omfamna det f\u00f6r att p\u00e5 s\u00e5 s\u00e4tt skapa en st\u00f6rre acceptans och d\u00e4rmed ta udden av de som missk\u00f6ter sig.<\/p><\/blockquote>\n<p><a href=\"http:\/\/metrobloggen.se\/jsp\/public\/permalink.jsp?article=19.5619932\">En vanlig Svensson 1<\/a>, <a href=\"http:\/\/metrobloggen.se\/jsp\/public\/permalink.jsp?article=19.4755308\">En vanlig Svensson 2<\/a>, <a href=\"http:\/\/mymlanthereal.wordpress.com\/2008\/11\/14\/rasister-ar-vi-allihopa\/\">The Real Mymlan<\/a>, <a href=\"http:\/\/pasteysplats.blogspot.com\/2008\/11\/ett-meddelande-frn-kloaken.html\">Pasteys Plats<\/a>, <a href=\"http:\/\/biologyandpolitics.blogspot.com\/2008\/11\/bo-rothstein-om-bloggosfren-och.html\">Biology &#038; Politics<\/a>, <a href=\"http:\/\/ulfbjereld.blogspot.com\/2008\/11\/r-bloggosfren-en-kloakbrunn.html\">Ulf Bjereld<\/a> och <a href=\"http:\/\/blogg.svd.se\/reklamochmedier?id=10345\">Martin J\u00f6nsson (f\u00f6r \u00f6vrigt ett undantag bland gammelmedias bloggare som faktiskt l\u00e4nkar till andra)<\/a>.<\/p>\n<p><img loading=\"lazy\" decoding=\"async\" src=\"http:\/\/sodergren.com\/kulturbloggen\/wp-content\/uploads\/2008\/11\/kloak260.jpg\" alt=\"\" title=\"kloak260\" width=\"260\" height=\"150\" class=\"alignright size-full wp-image-4437\" \/><br \/>\nAndra bloggar om: <a href=\"http:\/\/bloggar.se\/om\/journalistik\" rel=\"tag\">journalistik<\/a>, <a href=\"http:\/\/bloggar.se\/om\/medier\" rel=\"tag\">medier<\/a>, <a href=\"http:\/\/bloggar.se\/om\/statsvetenskap\" rel=\"tag\">statsvetenskap<\/a>, <a href=\"http:\/\/bloggar.se\/om\/Rothstein\" rel=\"tag\">Rothstein<\/a>, <a href=\"http:\/\/bloggar.se\/om\/kloak\" rel=\"tag\">kloak<\/a>, <a href=\"http:\/\/bloggar.se\/om\/troll\" rel=\"tag\">troll<\/a>, <a href=\"http:\/\/bloggar.se\/om\/professor\" rel=\"tag\">professor<\/a>, <a href=\"http:\/\/bloggar.se\/om\/demokrati\" rel=\"tag\">demokrati<\/a>, <a href=\"http:\/\/bloggar.se\/om\/journalister\" rel=\"tag\">journalister<\/a><\/p>\n","protected":false},"excerpt":{"rendered":"<p>Jag \u00e4r borta i tre dagar, eller ja inte ens bortrest utan fullt sysselsatt med andra saker \u00e4n att ha koll p\u00e5 bloggv\u00e4rlden och nyhetsfl\u00f6dena och n\u00e4r jag nu har tid att kolla l\u00e4get, ja d\u00e5 p\u00e5g\u00e5r en h\u00f6gintressant diskussion, som bara poppat upp. Bo Rothstein \u00e4r professor i statsvetenskap. Han skulle kunna vara bloggare [&hellip;]<\/p>\n","protected":false},"author":2,"featured_media":0,"comment_status":"open","ping_status":"open","sticky":false,"template":"","format":"standard","meta":{"_genesis_hide_title":false,"_genesis_hide_breadcrumbs":false,"_genesis_hide_singular_image":false,"_genesis_hide_footer_widgets":false,"_genesis_custom_body_class":"","_genesis_custom_post_class":"","_genesis_layout":"","footnotes":""},"categories":[62],"tags":[2765,3582],"class_list":{"0":"post-4432","1":"post","2":"type-post","3":"status-publish","4":"format-standard","6":"category-medie-och-kulturpolitik","7":"tag-journalistik","8":"tag-medier","9":"entry"},"_links":{"self":[{"href":"https:\/\/kulturbloggen.com\/index.php?rest_route=\/wp\/v2\/posts\/4432","targetHints":{"allow":["GET"]}}],"collection":[{"href":"https:\/\/kulturbloggen.com\/index.php?rest_route=\/wp\/v2\/posts"}],"about":[{"href":"https:\/\/kulturbloggen.com\/index.php?rest_route=\/wp\/v2\/types\/post"}],"author":[{"embeddable":true,"href":"https:\/\/kulturbloggen.com\/index.php?rest_route=\/wp\/v2\/users\/2"}],"replies":[{"embeddable":true,"href":"https:\/\/kulturbloggen.com\/index.php?rest_route=%2Fwp%2Fv2%2Fcomments&post=4432"}],"version-history":[{"count":0,"href":"https:\/\/kulturbloggen.com\/index.php?rest_route=\/wp\/v2\/posts\/4432\/revisions"}],"wp:attachment":[{"href":"https:\/\/kulturbloggen.com\/index.php?rest_route=%2Fwp%2Fv2%2Fmedia&parent=4432"}],"wp:term":[{"taxonomy":"category","embeddable":true,"href":"https:\/\/kulturbloggen.com\/index.php?rest_route=%2Fwp%2Fv2%2Fcategories&post=4432"},{"taxonomy":"post_tag","embeddable":true,"href":"https:\/\/kulturbloggen.com\/index.php?rest_route=%2Fwp%2Fv2%2Ftags&post=4432"}],"curies":[{"name":"wp","href":"https:\/\/api.w.org\/{rel}","templated":true}]}}