{"id":44295,"date":"2011-11-20T19:13:28","date_gmt":"2011-11-20T18:13:28","guid":{"rendered":"http:\/\/kulturbloggen.com\/?p=44295"},"modified":"2011-11-21T14:44:09","modified_gmt":"2011-11-21T13:44:09","slug":"lasse-brandeby-vila-i-frid-vad-vi-ska-sakna-dig","status":"publish","type":"post","link":"https:\/\/kulturbloggen.com\/?p=44295","title":{"rendered":"Lasse Brandeby, vila i frid &#8211; vad vi ska sakna dig"},"content":{"rendered":"<p>Det borde inte vara sant. Jag vill inte att det ska vara sant.<br \/>\nJag s\u00e5g rubriken i Facebook, som h\u00e4nvisar till Aftonbladet som ber\u00e4ttar att allas v\u00e5r Kurtan, Lasse Brandeby har d\u00f6tt. Han blev 66 \u00e5r. Det blir en stor saknad f\u00f6r alla oss som \u00e4lskade denne g\u00f6teborgare som bj\u00f6d p\u00e5 s\u00e5 mycket varm humor.<\/p>\n<p><a href=\"http:\/\/www.dn.se\/kultur-noje\/film-tv\/lars-brandeby-har-avlidit\">Ur DN:<\/a><\/p>\n<blockquote><p>Lars Brandebys sambo Ninnie Fjelkeg\u00e5rd, dottern Anna Brandeby Harstr\u00f6m och v\u00e4nnen Lars Kron\u00e9r skriver p\u00e5 s\u00f6ndagskv\u00e4llen i ett mejl till TT:<\/p>\n<p>\u201dDet \u00e4r med stor sorg och saknad vi m\u00e5ste meddela att v\u00e5r \u00e4lskade goe Lasse Brandeby har g\u00e5tt bort efter en tids sjukdom. 2011 11 20 somnade Lasse in omgiven av n\u00e4ra och k\u00e4ra.\u201d<\/p><\/blockquote>\n<p>Vem har inte sett hans figur Kurt Olsson, som roat b\u00e5de gammal och ung. Men Lasse Brandeby var mycket mer \u00e4n Kurt Olsson. Han var journalist ocks\u00e5 och han hade ett stort engagemang f\u00f6r samh\u00e4llsfr\u00e5gor.<\/p>\n<p>Janne Josefsson <a href=\"http:\/\/www.aftonbladet.se\/nyheter\/article13962189.ab\">ber\u00e4ttar f\u00f6r Aftonbladet<\/a>:<br \/>\n<em>Han var lika rolig privat, om inte roligare. Han hatade or\u00e4ttvisor, han tillh\u00f6rde inte det h\u00e4r gl\u00e4ttiga g\u00e4nget som m\u00e5nga kanske tror. K\u00e4nde man Lasse visste man det. Han var en oerh\u00f6rt stor m\u00e4nniska, det finns inget negativt att s\u00e4ga om honom.<br \/>\nJanne Josefsson minns s\u00e4rskilt d\u00e5 han och Brandeby hade radioprogrammet &#8221;Elfte timmen&#8221; mellan 1983 och 1985.<br \/>\n\u2013 En g\u00e5ng ringde vi upp Pinochet och spelade Victor Jara i \u00f6rat p\u00e5 honom. Han la p\u00e5 luren.<\/em><\/p>\n<p>66 \u00e5r \u00e4r ingen \u00e5lder och vi \u00e4r m\u00e5nga som nu kommer att sakna honom och hans underfundiga, varma humor. D\u00f6dsbeskedet ligger \u00f6verst p\u00e5 alla stora svenska redaktioners webbplatser nu och det visar hur stor han var. <\/p>\n<p><iframe loading=\"lazy\" width=\"420\" height=\"315\" src=\"http:\/\/www.youtube.com\/embed\/8imJiWVvtWY\" frameborder=\"0\" allowfullscreen><\/iframe><\/p>\n<p><iframe loading=\"lazy\" width=\"420\" height=\"315\" src=\"http:\/\/www.youtube.com\/embed\/VI92P8esfAc\" frameborder=\"0\" allowfullscreen><\/iframe><\/p>\n<p><iframe loading=\"lazy\" width=\"420\" height=\"315\" src=\"http:\/\/www.youtube.com\/embed\/MLAWAZ2k6LY\" frameborder=\"0\" allowfullscreen><\/iframe><\/p>\n<p>Mer om Lars Brandeby:<br \/>\n<a href=\"http:\/\/www.aftonbladet.se\/nyheter\/article13962397.ab\">Aftonbladet 1<\/a>, <a href=\"http:\/\/www.aftonbladet.se\/nyheter\/article13962316.ab\">Aftonbladet 2<\/a>, <a href=\"http:\/\/svt.se\/2.27170\/1.2609305\/vannen_han_var_omtyckt_av_alla\">SVT<\/a>, <a href=\"http:\/\/www.svd.se\/kultur\/lasse-brandeby-ar-dod_6648612.svd\">Svenska Dagbladet<\/a> och <a href=\"http:\/\/www.expressen.se\/noje\/1.2627847\/lasse-brandeby-dod\">Expressen.<\/a><\/p>\n<p>L\u00e4s \u00e4ven andra bloggares \u00e5sikter om <a href=\"http:\/\/bloggar.se\/om\/Lars+Brandeby\" rel=\"tag\">Lars Brandeby<\/a>, <a href=\"http:\/\/bloggar.se\/om\/Kurt+Olsson\" rel=\"tag\">Kurt Olsson<\/a>, <a href=\"http:\/\/bloggar.se\/om\/rip\" rel=\"tag\">rip<\/a>, <a href=\"http:\/\/bloggar.se\/om\/vila+i+frid\" rel=\"tag\">vila i frid<\/a>, <a href=\"http:\/\/bloggar.se\/om\/komiker\" rel=\"tag\">komiker<\/a><\/p>\n","protected":false},"excerpt":{"rendered":"<p>Det borde inte vara sant. Jag vill inte att det ska vara sant. Jag s\u00e5g rubriken i Facebook, som h\u00e4nvisar till Aftonbladet som ber\u00e4ttar att allas v\u00e5r Kurtan, Lasse Brandeby har d\u00f6tt. Han blev 66 \u00e5r. Det blir en stor saknad f\u00f6r alla oss som \u00e4lskade denne g\u00f6teborgare som bj\u00f6d p\u00e5 s\u00e5 mycket varm humor. [&hellip;]<\/p>\n","protected":false},"author":2,"featured_media":44351,"comment_status":"open","ping_status":"open","sticky":false,"template":"","format":"standard","meta":{"_genesis_hide_title":false,"_genesis_hide_breadcrumbs":false,"_genesis_hide_singular_image":false,"_genesis_hide_footer_widgets":false,"_genesis_custom_body_class":"","_genesis_custom_post_class":"","_genesis_layout":"","footnotes":""},"categories":[20],"tags":[6591,6589,6588,4761,6590],"class_list":{"0":"post-44295","1":"post","2":"type-post","3":"status-publish","4":"format-standard","5":"has-post-thumbnail","7":"category-film","8":"tag-komiker","9":"tag-kurt-olsson","10":"tag-lars-brandeby","11":"tag-rip","12":"tag-vila-i-frid","13":"entry"},"_links":{"self":[{"href":"https:\/\/kulturbloggen.com\/index.php?rest_route=\/wp\/v2\/posts\/44295","targetHints":{"allow":["GET"]}}],"collection":[{"href":"https:\/\/kulturbloggen.com\/index.php?rest_route=\/wp\/v2\/posts"}],"about":[{"href":"https:\/\/kulturbloggen.com\/index.php?rest_route=\/wp\/v2\/types\/post"}],"author":[{"embeddable":true,"href":"https:\/\/kulturbloggen.com\/index.php?rest_route=\/wp\/v2\/users\/2"}],"replies":[{"embeddable":true,"href":"https:\/\/kulturbloggen.com\/index.php?rest_route=%2Fwp%2Fv2%2Fcomments&post=44295"}],"version-history":[{"count":6,"href":"https:\/\/kulturbloggen.com\/index.php?rest_route=\/wp\/v2\/posts\/44295\/revisions"}],"predecessor-version":[{"id":44352,"href":"https:\/\/kulturbloggen.com\/index.php?rest_route=\/wp\/v2\/posts\/44295\/revisions\/44352"}],"wp:featuredmedia":[{"embeddable":true,"href":"https:\/\/kulturbloggen.com\/index.php?rest_route=\/wp\/v2\/media\/44351"}],"wp:attachment":[{"href":"https:\/\/kulturbloggen.com\/index.php?rest_route=%2Fwp%2Fv2%2Fmedia&parent=44295"}],"wp:term":[{"taxonomy":"category","embeddable":true,"href":"https:\/\/kulturbloggen.com\/index.php?rest_route=%2Fwp%2Fv2%2Fcategories&post=44295"},{"taxonomy":"post_tag","embeddable":true,"href":"https:\/\/kulturbloggen.com\/index.php?rest_route=%2Fwp%2Fv2%2Ftags&post=44295"}],"curies":[{"name":"wp","href":"https:\/\/api.w.org\/{rel}","templated":true}]}}