{"id":43659,"date":"2011-11-13T18:38:49","date_gmt":"2011-11-13T17:38:49","guid":{"rendered":"http:\/\/kulturbloggen.com\/?p=43659"},"modified":"2011-11-21T23:14:47","modified_gmt":"2011-11-21T22:14:47","slug":"cirkus-orion-en-sagolik-forestallning-med-hastar-och-hundar","status":"publish","type":"post","link":"https:\/\/kulturbloggen.com\/?p=43659","title":{"rendered":"Cirkus Orion &#8211; en sagolik f\u00f6rest\u00e4llning med h\u00e4star och hundar"},"content":{"rendered":"<p><a href=\"http:\/\/kulturbloggen.com\/wp-content\/uploads\/2011\/11\/Cirkus-Orion.jpg\"><img loading=\"lazy\" decoding=\"async\" class=\"aligncenter size-full wp-image-43875\" title=\"Cirkus-Orion\" src=\"http:\/\/kulturbloggen.com\/wp-content\/uploads\/2011\/11\/Cirkus-Orion.jpg\" alt=\"\" width=\"200\" height=\"300\" \/><\/a><\/p>\n<p>Cirkus Orion<br \/>\nOrionteatern, Stockholm<br \/>\nPremi\u00e4r: 28 oktober 2011<\/p>\n<p>F\u00f6r tredje g\u00e5ngen s\u00e4tter Orionteatern upp en f\u00f6rest\u00e4llning som utforskar samr\u00f6ret mellan djuren och m\u00e4nniskorna. Efter sex mimare tillsammans med sex svarta Frieserh\u00e4star respektive sex vita Arabh\u00e4star \u00e4r det nu Cirkus Orion som framf\u00f6rs under h\u00f6sten 2011 och v\u00e5ren 2012. Det \u00e4r en barnv\u00e4nlig f\u00f6rest\u00e4llning med m\u00e5nga s\u00f6ta djur och gott om sm\u00e5barnsfamiljer i publiken.<\/p>\n<p>I Cirkus Orion medverkar \u00e5tta h\u00e4star av olika storlekar och tre hundar. H\u00e4st- och hundtr\u00e4nare Suzanne Berdino, som \u00e4r f\u00f6dd i cirkusfamilj i fj\u00e4rde generationen, har med sina tre barn Charmaine, Oliver och Stephanie i f\u00f6rest\u00e4llningen. Systrarna \u00e4r ryttare och rockringsspecialiser medan brodern \u00e4r jongl\u00f6r och akrobat p\u00e5 h\u00e4stryggen.<\/p>\n<p>Cirkusnumren f\u00e5r en extra dimension av fadern (sk\u00e5despelaren Thomas Roos) och dottern (dansaren Sara Larsson-Fryxell) som kommer som \u00e5sk\u00e5dare, men dras in i den sagolika f\u00f6rest\u00e4llningen. I manegen skildras p\u00e5 ett fint s\u00e4tt flickans l\u00e4ngtan efter att ocks\u00e5 hon f\u00e5 tillh\u00f6ra cirkusen och bli ett med de vackra h\u00e4starna. Fadern blir det humoristiska inslaget i cirkusen n\u00e4r han letar efter sin dotter och g\u00f6r tafatta f\u00f6rs\u00f6k att kommunicera med djuren.<\/p>\n<p>Numren \u00e4r lagom l\u00e5nga och den magiska k\u00e4nslan f\u00f6rst\u00e4rks av vacker musik. H\u00e4ftigast tycker jag att numren med de stora, kraftfulla h\u00e4starna \u00e4r. Speciellt n\u00e4r Sara Larsson-Fryxell dansar i manegen tillsammans med den sagolika svartvita Lord Wellington of England av rasen Irish Cob och hans ryttarinna.<\/p>\n<p>Medverkande<\/p>\n<p>M\u00e4nniskorna:<br \/>\nSuzanne Berdino, h\u00e4st- och hundtr\u00e4nare, ryttare och frihetsdress\u00f6r, Cirkus Arena, Cirkus Ahoy, Holland.<\/p>\n<p>Oliver Berdino, jongl\u00f6r, akrobat p\u00e5 h\u00e4strygg, Cirkus Arena, Cirkus Skratt.<\/p>\n<p>Charmaine Berdino, ryttare, hula hop-artist, Cirkus Arena, Cirkus Skratt.<\/p>\n<p>Stephanie Berdino, ryttare, hula hop-artist, Cirkus Arena, Cirkus Skratt.<\/p>\n<p>Thomas Roos, sk\u00e5despelare, komiker, teater, TV, film, en av grundarna av Orionteatern, Tolvskillingsoperan, Peer Gynt, Stockholms Stadsteater, Vems lilla m\u00f6ssa flyger, Orionteatern.<\/p>\n<p>Sara Larsson-Fryxell, dansare, koreograf, Aniara, Stockholms Stadsteater, Cecilia och Apkungen Drottningholms Slottsteater, Utan titel, DC3 och 6 Mimare 6 Vita h\u00e4star, Orionteatern.<\/p>\n<p>H\u00e4starna:<br \/>\nLexus, Mini Shetlander<\/p>\n<p>Loui, Mini Shetlander<\/p>\n<p>Pascha, Welsh mountain ponny<\/p>\n<p>Odysseus, Welsh mountain ponny<\/p>\n<p>Lord Wellington of England, Irish Cob<\/p>\n<p>Javito, PRE (pour rase espanol &#8211; spansk renras)<\/p>\n<p>Kazarro, PRE (pour rase espanol &#8211; spansk renras)<\/p>\n<p>Duglas, Noriker<\/p>\n<p>Hundarna:<br \/>\nViktor och Valde, Dansksvensk g\u00e5rdshund<\/p>\n<p>Bendji, Border collie<\/p>\n<p>L\u00e4s recensioner i <a href=\"http:\/\/www.dn.se\/kultur-noje\/scenrecensioner\/cirkus-orion-pa-orionteatern\" target=\"_blank\">DN<\/a>, <a href=\"http:\/\/www.expressen.se\/kultur\/1.2608073\/cirkus-orion-orionteatern\" target=\"_blank\">Expressen<\/a> och <a href=\"http:\/\/www.svd.se\/kultur\/scen\/en-manege-fylld-av-poesi_6596136.svd\" target=\"_blank\">Svenska Dagbladet<\/a>.<\/p>\n<p>L\u00e4s \u00e4ven andra bloggares \u00e5sikter om <a href=\"http:\/\/bloggar.se\/om\/cirkus\" rel=\"tag\">cirkus<\/a>, <a href=\"http:\/\/bloggar.se\/om\/h%E4star\" rel=\"tag\">h\u00e4star<\/a>, <a href=\"http:\/\/bloggar.se\/om\/Orionteatern\" rel=\"tag\">Orionteatern<\/a><\/p>\n","protected":false},"excerpt":{"rendered":"<p>Cirkus Orion Orionteatern, Stockholm Premi\u00e4r: 28 oktober 2011 F\u00f6r tredje g\u00e5ngen s\u00e4tter Orionteatern upp en f\u00f6rest\u00e4llning som utforskar samr\u00f6ret mellan djuren och m\u00e4nniskorna. Efter sex mimare tillsammans med sex svarta Frieserh\u00e4star respektive sex vita Arabh\u00e4star \u00e4r det nu Cirkus Orion som framf\u00f6rs under h\u00f6sten 2011 och v\u00e5ren 2012. Det \u00e4r en barnv\u00e4nlig f\u00f6rest\u00e4llning med m\u00e5nga [&hellip;]<\/p>\n","protected":false},"author":13,"featured_media":43875,"comment_status":"open","ping_status":"open","sticky":false,"template":"","format":"standard","meta":{"_genesis_hide_title":false,"_genesis_hide_breadcrumbs":false,"_genesis_hide_singular_image":false,"_genesis_hide_footer_widgets":false,"_genesis_custom_body_class":"","_genesis_custom_post_class":"","_genesis_layout":"","footnotes":""},"categories":[20],"tags":[1007,2374,4202],"class_list":{"0":"post-43659","1":"post","2":"type-post","3":"status-publish","4":"format-standard","5":"has-post-thumbnail","7":"category-film","8":"tag-cirkus","9":"tag-hastar","10":"tag-orionteatern","11":"entry"},"_links":{"self":[{"href":"https:\/\/kulturbloggen.com\/index.php?rest_route=\/wp\/v2\/posts\/43659","targetHints":{"allow":["GET"]}}],"collection":[{"href":"https:\/\/kulturbloggen.com\/index.php?rest_route=\/wp\/v2\/posts"}],"about":[{"href":"https:\/\/kulturbloggen.com\/index.php?rest_route=\/wp\/v2\/types\/post"}],"author":[{"embeddable":true,"href":"https:\/\/kulturbloggen.com\/index.php?rest_route=\/wp\/v2\/users\/13"}],"replies":[{"embeddable":true,"href":"https:\/\/kulturbloggen.com\/index.php?rest_route=%2Fwp%2Fv2%2Fcomments&post=43659"}],"version-history":[{"count":3,"href":"https:\/\/kulturbloggen.com\/index.php?rest_route=\/wp\/v2\/posts\/43659\/revisions"}],"predecessor-version":[{"id":44414,"href":"https:\/\/kulturbloggen.com\/index.php?rest_route=\/wp\/v2\/posts\/43659\/revisions\/44414"}],"wp:featuredmedia":[{"embeddable":true,"href":"https:\/\/kulturbloggen.com\/index.php?rest_route=\/wp\/v2\/media\/43875"}],"wp:attachment":[{"href":"https:\/\/kulturbloggen.com\/index.php?rest_route=%2Fwp%2Fv2%2Fmedia&parent=43659"}],"wp:term":[{"taxonomy":"category","embeddable":true,"href":"https:\/\/kulturbloggen.com\/index.php?rest_route=%2Fwp%2Fv2%2Fcategories&post=43659"},{"taxonomy":"post_tag","embeddable":true,"href":"https:\/\/kulturbloggen.com\/index.php?rest_route=%2Fwp%2Fv2%2Ftags&post=43659"}],"curies":[{"name":"wp","href":"https:\/\/api.w.org\/{rel}","templated":true}]}}