{"id":43611,"date":"2011-11-13T09:57:15","date_gmt":"2011-11-13T08:57:15","guid":{"rendered":"http:\/\/kulturbloggen.com\/?p=43611"},"modified":"2011-11-17T21:59:57","modified_gmt":"2011-11-17T21:59:57","slug":"katitzi-en-poetisk-familjeforestallning-om-fordomar-overlevnad-och-hopp","status":"publish","type":"post","link":"https:\/\/kulturbloggen.com\/?p=43611","title":{"rendered":"Katitzi &#8211; en poetisk familjef\u00f6rest\u00e4llning om f\u00f6rdomar, \u00f6verlevnad och hopp"},"content":{"rendered":"<p><a href=\"http:\/\/kulturbloggen.com\/wp-content\/uploads\/2011\/11\/katitzi_web.jpg\"><img loading=\"lazy\" decoding=\"async\" src=\"http:\/\/kulturbloggen.com\/wp-content\/uploads\/2011\/11\/katitzi_web-141x300.jpg\" alt=\"\" title=\"katitzi_web\" width=\"141\" height=\"300\" class=\"aligncenter size-medium wp-image-43616\" \/><\/a><\/p>\n<p>Katitzi \u2013 efter Katarina Taikons b\u00f6cker<br \/>\n<a href=\"http:\/\/www.folkteatern.se\/\" target=\"_blank\">Folkteatern G\u00f6teborg<\/a><br \/>\nNypremi\u00e4r den 11 november<\/p>\n<p>F\u00f6lj med p\u00e5 ett vindlande \u00e4ventyr i Katitzis v\u00e4rld. Det \u00e4r en fantastisk f\u00f6rest\u00e4llning. Musikerna; Jonathan Larsson (dragspel), Pedram Shahlai (m\u00e4sterlig med fiolen), Niklas Rom\u00e1n (dragspel); kommer ut till publiken och spelar upp och f\u00e5r oss att klappa takten. Katitzi spelas underbart av Cecilia Milocco. Ulla Svedin \u00e4r professionell i rollen som pappa Istvan Johan Taikons fru. Hon \u00e4r gadjen som blivit rom. F\u00f6r den som \u00e4r uppvuxen med Katarina Taikons b\u00f6cker \u00e4r det l\u00e4tt att k\u00e4nna igen sig i Paul, Shebly Niavarani, i Rosa, Sanna Hultman, i Johan, Dag Malmberg. <\/p>\n<p>Inte lika igenk\u00e4nnbar \u00e4r Johan Friberg som kastar sten p\u00e5 Katitzi och kallar henne \u201dl\u00e5ngn\u00e4sa\u201d. R\u00e4tt vad det \u00e4r kommer mamman och anklagar Katitzi f\u00f6r att ha gett hennes son n\u00e4sblod och kallar henne \u201dzigenardj\u00e4vel\u201d. N\u00e4r Katitzis blir besviken \u00f6ver att inte f\u00e5 b\u00f6rja skolan rymmer hon till Mami, som gestaltas av Sara Wikstr\u00f6m, som tagit hand om henne n\u00e4r hon var yngre. Mami har koncentrationsl\u00e4gersiffror p\u00e5 armen. Jag p\u00e5minns om att under andra v\u00e4rldskriget s\u00e5 var det ju framf\u00f6r allt judar som blev d\u00f6dade; 6 miljoner. Inte lika m\u00e5nga k\u00e4nner till att bland romerna blev \u00bd miljon m\u00e4nniskor d\u00f6dade i koncentrationsl\u00e4gren.<\/p>\n<p>Katitzi \u00e4r en vacker, sorglig, rolig, politisk pj\u00e4s, om f\u00f6rdomar (\u201dde d\u00e4r\u201d), \u00f6verlevnad, hopp, med enkel scenografi, professionell musik. Rosa Taikon blev silversmed, och forts\u00e4tter kampen mot or\u00e4ttvisor, mot f\u00f6rdomar. Katarina \u201dKatitzi\u201d Taikon blev 63 \u00e5r gammal n\u00e4r hon gick bort 1995 (f\u00f6dd 1932). Hennes b\u00f6cker lever i pj\u00e4sen. En sev\u00e4rd pj\u00e4s som har mycket att s\u00e4ga.<\/p>\n<p>Katitzi<\/p>\n<p>Dramatisering: Emma Brostr\u00f6m<br \/>\nRegi: Lars-Eric Brossner<br \/>\nScenografi: S\u00f6ren Brunes<br \/>\nKostym. Magdalena Nilsson<br \/>\nLjuddesign. Allan Anttila<br \/>\nMusik: Lars-Eric Brossner och trad. Musik<br \/>\nLjusdesign. Mattie Hollosy-Lamberg<br \/>\nMask\/Peruk: Lars Carlsson och Linda Bill<br \/>\nFotograf: Patrik Gunnar Helin<br \/>\nMedverkande: Johan Friberg, Sanna Hultman, Dag Malmberg, Cecilia Milocco, Shebly Niavarani, Ulla Svedin och Sara Wikstr\u00f6m.<br \/>\nMusiker: Jonathan Larsson, Niklas Rom\u00e1n och Pedram Shahlai<\/p>\n<p>\u201dPoetisk, visuellt maffig och v\u00e4lspelad\u201d GP<br \/>\n\u201den humor och en sorg som griper tag ordentligt\u201d GT<\/p>\n<p><strong>Text: Katarina Bredberg<\/strong><\/p>\n<p>L\u00e4s \u00e4ven andra bloggares \u00e5sikter om <a href=\"http:\/\/bloggar.se\/om\/Katitzi\" rel=\"tag\">Katitzi<\/a>, <a href=\"http:\/\/bloggar.se\/om\/Katarina+Taikon\" rel=\"tag\">Katarina Taikon<\/a>, <a href=\"http:\/\/bloggar.se\/om\/Folkteatern+G%F6teborg\" rel=\"tag\">Folkteatern G\u00f6teborg<\/a><\/p>\n","protected":false},"excerpt":{"rendered":"<p>Katitzi \u2013 efter Katarina Taikons b\u00f6cker Folkteatern G\u00f6teborg Nypremi\u00e4r den 11 november F\u00f6lj med p\u00e5 ett vindlande \u00e4ventyr i Katitzis v\u00e4rld. Det \u00e4r en fantastisk f\u00f6rest\u00e4llning. Musikerna; Jonathan Larsson (dragspel), Pedram Shahlai (m\u00e4sterlig med fiolen), Niklas Rom\u00e1n (dragspel); kommer ut till publiken och spelar upp och f\u00e5r oss att klappa takten. Katitzi spelas underbart av [&hellip;]<\/p>\n","protected":false},"author":13,"featured_media":43887,"comment_status":"open","ping_status":"open","sticky":false,"template":"","format":"standard","meta":{"_genesis_hide_title":false,"_genesis_hide_breadcrumbs":false,"_genesis_hide_singular_image":false,"_genesis_hide_footer_widgets":false,"_genesis_custom_body_class":"","_genesis_custom_post_class":"","_genesis_layout":"","footnotes":""},"categories":[16,20,30],"tags":[1653,1821],"class_list":{"0":"post-43611","1":"post","2":"type-post","3":"status-publish","4":"format-standard","5":"has-post-thumbnail","7":"category-recension","8":"category-film","9":"category-teater","10":"tag-familjeforestallning","11":"tag-folkteatern-goteborg","12":"entry"},"_links":{"self":[{"href":"https:\/\/kulturbloggen.com\/index.php?rest_route=\/wp\/v2\/posts\/43611","targetHints":{"allow":["GET"]}}],"collection":[{"href":"https:\/\/kulturbloggen.com\/index.php?rest_route=\/wp\/v2\/posts"}],"about":[{"href":"https:\/\/kulturbloggen.com\/index.php?rest_route=\/wp\/v2\/types\/post"}],"author":[{"embeddable":true,"href":"https:\/\/kulturbloggen.com\/index.php?rest_route=\/wp\/v2\/users\/13"}],"replies":[{"embeddable":true,"href":"https:\/\/kulturbloggen.com\/index.php?rest_route=%2Fwp%2Fv2%2Fcomments&post=43611"}],"version-history":[{"count":1,"href":"https:\/\/kulturbloggen.com\/index.php?rest_route=\/wp\/v2\/posts\/43611\/revisions"}],"predecessor-version":[{"id":43888,"href":"https:\/\/kulturbloggen.com\/index.php?rest_route=\/wp\/v2\/posts\/43611\/revisions\/43888"}],"wp:featuredmedia":[{"embeddable":true,"href":"https:\/\/kulturbloggen.com\/index.php?rest_route=\/wp\/v2\/media\/43887"}],"wp:attachment":[{"href":"https:\/\/kulturbloggen.com\/index.php?rest_route=%2Fwp%2Fv2%2Fmedia&parent=43611"}],"wp:term":[{"taxonomy":"category","embeddable":true,"href":"https:\/\/kulturbloggen.com\/index.php?rest_route=%2Fwp%2Fv2%2Fcategories&post=43611"},{"taxonomy":"post_tag","embeddable":true,"href":"https:\/\/kulturbloggen.com\/index.php?rest_route=%2Fwp%2Fv2%2Ftags&post=43611"}],"curies":[{"name":"wp","href":"https:\/\/api.w.org\/{rel}","templated":true}]}}