{"id":43570,"date":"2011-11-12T09:52:58","date_gmt":"2011-11-12T07:52:58","guid":{"rendered":"http:\/\/kulturbloggen.com\/?p=43570"},"modified":"2011-11-12T09:52:58","modified_gmt":"2011-11-12T07:52:58","slug":"black-sabbath-aterforenas-ryktet-bekraftat-pa-presskonferens","status":"publish","type":"post","link":"https:\/\/kulturbloggen.com\/?p=43570","title":{"rendered":"Black Sabbath \u00e5terf\u00f6renas &#8211; ryktet bekr\u00e4ftat p\u00e5 presskonferens"},"content":{"rendered":"<p><a href=\"http:\/\/kulturbloggen.com\/wp-content\/uploads\/2011\/11\/blacksabbath.jpg\"><img loading=\"lazy\" decoding=\"async\" src=\"http:\/\/kulturbloggen.com\/wp-content\/uploads\/2011\/11\/blacksabbath.jpg\" alt=\"\" title=\"blacksabbath\" width=\"249\" height=\"202\" class=\"aligncenter size-full wp-image-43573\" \/><\/a><\/p>\n<p>Black Sabbath \u00e5terf\u00f6renas<br \/>\nRyktet st\u00e4mde. N\u00e4sta \u00e5r blir det ny skiva och v\u00e4rldsturn\u00e9 f\u00f6r Black Sabbath.<br \/>\n<a href=\"http:\/\/www.gp.se\/kulturnoje\/musik\/1.772829-black-sabbath-aterforenas\">K\u00e4lla: G\u00f6teborgsposten<\/a> som ber\u00e4ttar att bandet p\u00e5 fredagskv\u00e4llen den 11 november 2011 h\u00f6lls en presskonferens i Los Angeles d\u00e4r bandet bekr\u00e4ftade \u00e5terf\u00f6reningen. <\/p>\n<p><a href=\"http:\/\/sv.wikipedia.org\/wiki\/Black_Sabbath\">Wikipedia skriver:<\/a><\/p>\n<blockquote><p>F\u00f6r 14 dagar sedan (2011-08-02) ska Ozzy Osbourne, Tony Iommi, Geezer Butler och Bill Ward kommit \u00f6verens om en \u00e5terf\u00f6rening. Bandmedlemmarna ska enligt uppgift ha tr\u00e4ffats i en hemlig replokal under g\u00e5rdagen och planerat f\u00f6r en kommande turn\u00e9 och ett nytt album.<\/p><\/blockquote>\n<p><a href=\"http:\/\/www.aftonbladet.se\/nojesbladet\/musik\/hardrock\/article13923264.ab\">Aftonbladet skriver<\/a>:<br \/>\n<em>Den enda inplanerade spelningen \u00e4r p\u00e5 brittiska Download festival i juni 2012. Men bandet utlovar en v\u00e4rldsturn\u00e9.<\/em><\/p>\n<p><iframe loading=\"lazy\" width=\"420\" height=\"315\" src=\"http:\/\/www.youtube.com\/embed\/FrUmO8PeLEA\" frameborder=\"0\" allowfullscreen><\/iframe><\/p>\n<p>Relaterat: <a href=\"http:\/\/www.svd.se\/kultur\/black-sabbath-aterforenas-2012_6629646.svd\">Svenska Dagbladet<\/a><\/p>\n","protected":false},"excerpt":{"rendered":"<p>Black Sabbath \u00e5terf\u00f6renas Ryktet st\u00e4mde. N\u00e4sta \u00e5r blir det ny skiva och v\u00e4rldsturn\u00e9 f\u00f6r Black Sabbath. K\u00e4lla: G\u00f6teborgsposten som ber\u00e4ttar att bandet p\u00e5 fredagskv\u00e4llen den 11 november 2011 h\u00f6lls en presskonferens i Los Angeles d\u00e4r bandet bekr\u00e4ftade \u00e5terf\u00f6reningen. Wikipedia skriver: F\u00f6r 14 dagar sedan (2011-08-02) ska Ozzy Osbourne, Tony Iommi, Geezer Butler och Bill Ward [&hellip;]<\/p>\n","protected":false},"author":13,"featured_media":0,"comment_status":"open","ping_status":"open","sticky":false,"template":"","format":"standard","meta":{"_genesis_hide_title":false,"_genesis_hide_breadcrumbs":false,"_genesis_hide_singular_image":false,"_genesis_hide_footer_widgets":false,"_genesis_custom_body_class":"","_genesis_custom_post_class":"","_genesis_layout":"","footnotes":""},"categories":[7],"tags":[699],"class_list":{"0":"post-43570","1":"post","2":"type-post","3":"status-publish","4":"format-standard","6":"category-musik","7":"tag-black-sabbath","8":"entry"},"_links":{"self":[{"href":"https:\/\/kulturbloggen.com\/index.php?rest_route=\/wp\/v2\/posts\/43570","targetHints":{"allow":["GET"]}}],"collection":[{"href":"https:\/\/kulturbloggen.com\/index.php?rest_route=\/wp\/v2\/posts"}],"about":[{"href":"https:\/\/kulturbloggen.com\/index.php?rest_route=\/wp\/v2\/types\/post"}],"author":[{"embeddable":true,"href":"https:\/\/kulturbloggen.com\/index.php?rest_route=\/wp\/v2\/users\/13"}],"replies":[{"embeddable":true,"href":"https:\/\/kulturbloggen.com\/index.php?rest_route=%2Fwp%2Fv2%2Fcomments&post=43570"}],"version-history":[{"count":0,"href":"https:\/\/kulturbloggen.com\/index.php?rest_route=\/wp\/v2\/posts\/43570\/revisions"}],"wp:attachment":[{"href":"https:\/\/kulturbloggen.com\/index.php?rest_route=%2Fwp%2Fv2%2Fmedia&parent=43570"}],"wp:term":[{"taxonomy":"category","embeddable":true,"href":"https:\/\/kulturbloggen.com\/index.php?rest_route=%2Fwp%2Fv2%2Fcategories&post=43570"},{"taxonomy":"post_tag","embeddable":true,"href":"https:\/\/kulturbloggen.com\/index.php?rest_route=%2Fwp%2Fv2%2Ftags&post=43570"}],"curies":[{"name":"wp","href":"https:\/\/api.w.org\/{rel}","templated":true}]}}