{"id":43488,"date":"2011-11-10T10:37:05","date_gmt":"2011-11-10T08:37:05","guid":{"rendered":"http:\/\/kulturbloggen.com\/?p=43488"},"modified":"2011-11-18T16:11:57","modified_gmt":"2011-11-18T16:11:57","slug":"varfor-blundar-ovriga-medier-for-dns-artikel-om-att-unga-pensioneras-bort-fran-jobben","status":"publish","type":"post","link":"https:\/\/kulturbloggen.com\/?p=43488","title":{"rendered":"Varf\u00f6r blundar \u00f6vriga medier f\u00f6r DN:s artikel om att unga pensioneras bort fr\u00e5n jobben?"},"content":{"rendered":"<p>Unga pensioneras bort fr\u00e5n jobben<br \/>\nDrastisk \u00f6kning av f\u00f6rtidspensioner. I \u00e5ldrarna 20\u201324 \u00e5r \u00f6kade antalet med aktivitetsers\u00e4ttning med drygt 80 procent \u00e5ren 2003\u20132011.<br \/>\n<a href=\"http:\/\/www.dn.se\/ekonomi\/jobb\/unga-pensioneras-bort-fran-jobben\">Det ber\u00e4ttar DN<\/a> och det \u00e4r verkligen anm\u00e4rkningsv\u00e4rt. Den moderatstyrda regeringen upprepade som ett mantra att de skulle minska arbetsl\u00f6sheten inf\u00f6r valet n\u00e4r de tog \u00f6ver regeringsmakten efter G\u00f6ran Perssons s-regering.<br \/>\nModeraterna med st\u00f6dpartier skulle f\u00e5 in fler i arbete.<br \/>\nDe har misslyckats totalt.<br \/>\nDet kan bero p\u00e5 massor av olika sk\u00e4l. Finanskrisen \u00e4r ett sk\u00e4l, javisst. Men ocks\u00e5 hur de bygger om det svenska samh\u00e4llet. Genom att s\u00e4nka a-kassan och kasta ut l\u00e5ngtidssjuka fr\u00e5n sjukf\u00f6rs\u00e4kringen minskar de ju k\u00f6pkraften, exempelvis.<\/p>\n<p>Men det kanske mest skr\u00e4mmande \u00e4r rapporten som kom idag i DN om att antalet unga som f\u00e5r aktivitetsers\u00e4ttningen (Moderaternas version av f\u00f6rtidspension) har n\u00e4stan f\u00f6rdubblats.<\/p>\n<p>Det \u00e4r s\u00e5 tragiskt att s\u00e5 m\u00e5nga unga m\u00e4nniskor kastas ut fr\u00e5n arbetsliv direkt. Under \u00e5ren mellan 20-30, n\u00e4r de beh\u00f6ver som allra mest komma ig\u00e5ng med arbetslivet passiviseras de.<\/p>\n<p>ur DN:<br \/>\n<em>Det som tidigare hette f\u00f6rtidspension kallas sedan 2003 f\u00f6r aktivitetsers\u00e4ttning. Den f\u00e5r man tills man fyller 30 \u00e5r om man bed\u00f6ms ha nedsatt arbetsf\u00f6rm\u00e5ga under minst ett \u00e5r. D\u00e4refter byter f\u00f6rtidspensionen namn till sjukers\u00e4ttning. D\u00e5 \u00e4r kravet p\u00e5 nedsatt arbetsf\u00f6rm\u00e5ga striktare.<\/em><\/p>\n<blockquote><p>Rapporten visar att l\u00e5g utbildningsniv\u00e5, arbetsl\u00f6shet och d\u00e5liga uppv\u00e4xtvillkor alltf\u00f6r ofta leder till f\u00f6rtidspension. Men den formella orsaken \u00e4r m\u00e5nga g\u00e5nger en medicinsk, psykiatrisk diagnos. Hela 73 procent av ungdomarna har s\u00e5dana diagnoser, bland annat autism, adhd och Aspergers syndrom.<\/p><\/blockquote>\n<p>Jag reagerar p\u00e5 flera saker i samband med DN:s artikel:<br \/>\n1. Varf\u00f6r tar inte \u00f6vriga medier upp detta allvarliga problem?<br \/>\nVill de inte syna den moderatstyrda regeringen eller vill de inte visa att DN var f\u00f6rst med att ta upp problemet, eller f\u00f6rst\u00e5r det inte vilken katastrof det h\u00e4r \u00e4r f\u00f6r varje enskild individ.<\/p>\n<p>2. Jag har sv\u00e5rt att tro p\u00e5 myten som anger d\u00e5liga uppv\u00e4xtvillkor som ett av sk\u00e4len till att ungdomar hamnar med aktivitetsers\u00e4ttning. I artikeln st\u00e5r att hela 73 procent av ungdomarna har s\u00e5dana diagnoser, bland annat autism, adhd och Aspergers syndrom.<br \/>\nSkulle dessa diagnoser vara \u00f6verrepresentare bland ungdomar med d\u00e5liga uppv\u00e4xtvillkor?<br \/>\nS\u00e5dana myter g\u00f6r det ju \u00e4nnu mer skamligt och sv\u00e5rt f\u00f6r familjer att ber\u00e4tta om de har en familjemedlem med en s\u00e5dan diagnos. D\u00e5 blir det ju st\u00e4mplade som d\u00e5liga familjer.<br \/>\nJag undrar om det \u00e4r statistiskt s\u00e4kerst\u00e4llt att m\u00e4nniskor som har autism, adhd och Aspergers syndrom kommer fr\u00e5n familjer med d\u00e5liga uppv\u00e4xtvillkor?<\/p>\n<p>3. En sak som inte alls tas upp \u00e4r det stora drogproblemet i samh\u00e4llet. Sj\u00e4lvklart m\u00e5ste det vara s\u00e5 att massor av ungdomar f\u00e5r grava psykiska problem p\u00e5 grund av missbruk.<\/p>\n<p>Sedan \u00e4r ju fr\u00e5gan om hur mycket en del av dessa diagnoser \u00e4r produkter av dagens \u00f6verstressade samh\u00e4lle d\u00e4r ungdomar f\u00f6ruts\u00e4tts ha stora planer och h\u00f6ga ambitioner redan fr\u00e5n barnsben och de ska alltid t\u00e4vla om allt. De ska t\u00e4vla som i Idol och p\u00e5 varje jobb \u00e4r det tusentals s\u00f6kanden. M\u00e4nniskor som inte \u00e4r supereffektiva och kanske till och med lite mer eftert\u00e4nksamma sl\u00e5s ut i hetsen. Bara den som \u00e4r beredd att g\u00e5 p\u00e5 lik f\u00f6r att till varje pris n\u00e5 framg\u00e5ng hyllas. P\u00e5 arbetsf\u00f6rmedlingen f\u00e5r de l\u00e4ra sig skriva CV. Men vad ska de fylla sina CV med n\u00e4r de st\u00e5r tusen i k\u00f6 p\u00e5 varje jobb? <\/p>\n<p>Varf\u00f6r blundar \u00f6vriga medier f\u00f6r DN:s artikel om att unga pensioneras bort fr\u00e5n jobben?<br \/>\nDet \u00e4r en s\u00e5 viktig fr\u00e5ga av s\u00e5 m\u00e5nga sk\u00e4l. Givetvis \u00e4r det ett bevis f\u00f6r att den moderatstyrda regeringen misslyckats totalt med sin arbetslinje.<br \/>\nMen det \u00e4r \u00e4nnu mer ett bevis p\u00e5 hur samh\u00e4llet idag st\u00e4nger ut m\u00e4nniskor.<\/p>\n<p>Uppdatering:<br \/>\nJag \u00e4r glad att jag hade fel. Flera medier har tagit upp den h\u00e4r viktiga fr\u00e5gan nu under dagen. <a href=\"http:\/\/svt.se\/2.22620\/1.2598458\/ny_vag_av_psykisk_ohalsa_bland_unga\">SVT har f\u00f6rt \u00e4mnet vidare under rubriken<\/a>: Ny v\u00e5g av psykisk oh\u00e4lsa bland unga<br \/>\n<em>Samtidigt som allt fler unga pensioneras bort fr\u00e5n arbetsmarknaden varnar stressforskare f\u00f6r att en ny v\u00e5g av stressrelaterad psykisk oh\u00e4lsa kan vara p\u00e5 v\u00e4g hos yngre m\u00e4nniskor.<\/em><\/p>\n<p>Relaterat:<br \/>\n<a href=\"http:\/\/www.dn.se\/ekonomi\/jobb\/det-ar-en-grupp-som-blir-osynlig\">Dagens Nyheter<\/a>, <a href=\"http:\/\/svt.se\/2.22620\/1.2597763\/jobbrist_pensionerar_unga\">SVT Nyheter<\/a><\/p>\n<p>L\u00e4s \u00e4ven andra bloggares \u00e5sikter om <a href=\"http:\/\/bloggar.se\/om\/debatt\" rel=\"tag\">debatt<\/a>, <a href=\"http:\/\/bloggar.se\/om\/samh%E4lle\" rel=\"tag\">samh\u00e4lle<\/a>, <a href=\"http:\/\/bloggar.se\/om\/arbetslinjen\" rel=\"tag\">arbetslinjen<\/a>, <a href=\"http:\/\/bloggar.se\/om\/Moderaterna\" rel=\"tag\">Moderaterna<\/a>, <a href=\"http:\/\/bloggar.se\/om\/medier\" rel=\"tag\">medier<\/a>, <a href=\"http:\/\/bloggar.se\/om\/mediepolitik\" rel=\"tag\">mediepolitik<\/a><\/p>\n","protected":false},"excerpt":{"rendered":"<p>Unga pensioneras bort fr\u00e5n jobben Drastisk \u00f6kning av f\u00f6rtidspensioner. I \u00e5ldrarna 20\u201324 \u00e5r \u00f6kade antalet med aktivitetsers\u00e4ttning med drygt 80 procent \u00e5ren 2003\u20132011. Det ber\u00e4ttar DN och det \u00e4r verkligen anm\u00e4rkningsv\u00e4rt. Den moderatstyrda regeringen upprepade som ett mantra att de skulle minska arbetsl\u00f6sheten inf\u00f6r valet n\u00e4r de tog \u00f6ver regeringsmakten efter G\u00f6ran Perssons s-regering. Moderaterna [&hellip;]<\/p>\n","protected":false},"author":2,"featured_media":0,"comment_status":"open","ping_status":"open","sticky":false,"template":"","format":"standard","meta":{"_genesis_hide_title":false,"_genesis_hide_breadcrumbs":false,"_genesis_hide_singular_image":false,"_genesis_hide_footer_widgets":false,"_genesis_custom_body_class":"","_genesis_custom_post_class":"","_genesis_layout":"","footnotes":""},"categories":[44,62],"tags":[377,1191,3581,3582,4917],"class_list":{"0":"post-43488","1":"post","2":"type-post","3":"status-publish","4":"format-standard","6":"category-chadie","7":"category-medie-och-kulturpolitik","8":"tag-arbetslinjen","9":"tag-debatt","10":"tag-mediepolitik","11":"tag-medier","12":"tag-samhalle","13":"entry"},"_links":{"self":[{"href":"https:\/\/kulturbloggen.com\/index.php?rest_route=\/wp\/v2\/posts\/43488","targetHints":{"allow":["GET"]}}],"collection":[{"href":"https:\/\/kulturbloggen.com\/index.php?rest_route=\/wp\/v2\/posts"}],"about":[{"href":"https:\/\/kulturbloggen.com\/index.php?rest_route=\/wp\/v2\/types\/post"}],"author":[{"embeddable":true,"href":"https:\/\/kulturbloggen.com\/index.php?rest_route=\/wp\/v2\/users\/2"}],"replies":[{"embeddable":true,"href":"https:\/\/kulturbloggen.com\/index.php?rest_route=%2Fwp%2Fv2%2Fcomments&post=43488"}],"version-history":[{"count":1,"href":"https:\/\/kulturbloggen.com\/index.php?rest_route=\/wp\/v2\/posts\/43488\/revisions"}],"predecessor-version":[{"id":44032,"href":"https:\/\/kulturbloggen.com\/index.php?rest_route=\/wp\/v2\/posts\/43488\/revisions\/44032"}],"wp:attachment":[{"href":"https:\/\/kulturbloggen.com\/index.php?rest_route=%2Fwp%2Fv2%2Fmedia&parent=43488"}],"wp:term":[{"taxonomy":"category","embeddable":true,"href":"https:\/\/kulturbloggen.com\/index.php?rest_route=%2Fwp%2Fv2%2Fcategories&post=43488"},{"taxonomy":"post_tag","embeddable":true,"href":"https:\/\/kulturbloggen.com\/index.php?rest_route=%2Fwp%2Fv2%2Ftags&post=43488"}],"curies":[{"name":"wp","href":"https:\/\/api.w.org\/{rel}","templated":true}]}}