{"id":43475,"date":"2011-11-10T10:39:13","date_gmt":"2011-11-10T08:39:13","guid":{"rendered":"http:\/\/kulturbloggen.com\/?p=43475"},"modified":"2011-11-18T16:12:45","modified_gmt":"2011-11-18T16:12:45","slug":"scenkonst-sormland-turnerar-med-satiren-svensksald","status":"publish","type":"post","link":"https:\/\/kulturbloggen.com\/?p=43475","title":{"rendered":"Scenkonst S\u00f6rmland turnerar med satiren Svensks\u00e5ld"},"content":{"rendered":"<p>Svensks\u00e5ld<br \/>\nScenkonst S\u00f6rmland<br \/>\nPremi\u00e4r: 6 oktober p\u00e5 Eskilstuna Teater<\/p>\n<p>Den 9 november var det g\u00e4stspelspremi\u00e4r p\u00e5 Gertrud Larssons Svensks\u00e5ld p\u00e5 Teater Pero i Stockholm. Pj\u00e4sen, som regisserats av Ellen Lamm, \u00e4r en Sverigesatir i kabaretform med allvarliga undertoner. Med hj\u00e4lp av nedslag i historien belyser den svenskheten och fr\u00e4mlingsfientligheten i v\u00e5rt land genom tiderna. F\u00f6rsta halvan av f\u00f6rest\u00e4llningen tar upp saker som vi idag \u00e4r mindre stolta \u00f6ver, s\u00e5som:<\/p>\n<p>Anders Retzius skallindex fr\u00e5n b\u00f6rjan av 1900-talet, Rasbiologiska institutet som grundades 1922, en Skansen-utst\u00e4llning av sk\u00e5despelare utkl\u00e4dda till tattare och tv\u00e5ngssteriliseringen av o\u00f6nskade personer som p\u00e5gick \u00e4nda fram till 1975.<\/p>\n<p>Det \u00e4r l\u00e4tt att f\u00f6rf\u00e4ras \u00f6ver att detta kunde \u00e4ga rum i Sverige, men andra delen av Svensks\u00e5ld visar p\u00e5 liknande fenomen \u00e4ven i dag. Nu pratar vi inte l\u00e4ngre om ras, men r\u00e4dslan och motst\u00e5ndet mot annorlunda m\u00e4nniskor och kulturer finns kvar.<\/p>\n<p>Pj\u00e4sen tar upp aktuella exempel som journalistens Ulf Nilssons <a href=\"http:\/\/www.expressen.se\/kronikorer\/ulfnilson\/1.2253836\/ulf-nilson-ingen-risk-att-de-militanta-muslimerna-lyckas-i-sin-avsikt\" target=\"_blank\">kr\u00f6nika<\/a> om att pursvenskarna m\u00e5ste f\u00f6da fler barn f\u00f6r att inte d\u00f6 ut, Sveriges utvisning av tiggande romer och Sverigedemokraternas int\u00e5g i Riksdagen.<\/p>\n<p>Pia Kjaersgaard och danskarna f\u00e5r sig ocks\u00e5 en k\u00e4nga f\u00f6r sina f\u00f6rs\u00f6k att st\u00e4nga gr\u00e4nserna kring sitt folk. I ett nummer speglas en annan sida av v\u00e5rt problematiska f\u00f6rh\u00e5llande till svenskheten som g\u00f6r att vi avst\u00e5r fr\u00e5n att anv\u00e4nda svenska flaggor och sjunga nationals\u00e5ngen.<\/p>\n<p>Kabaretformatet \u00e4r l\u00e4ttsamt och underh\u00e5llande och de tre sk\u00e5despelarna v\u00e4xlar mellan en stor m\u00e4ngd rollfigurer. Att Kjartan Hansen, Jakob H\u00f6glund och Ingrid Meling Enoksen kommer fr\u00e5n F\u00e4r\u00f6arna, Finland respektive Norge, g\u00f6r komplexiteten i fr\u00e5gan om vad och vem som egentligen \u00e4r svensk extra tydlig. Musiken, som framf\u00f6rs p\u00e5 dragspel och fiol av Isak Bergstr\u00f6m och Sheshti Johansson ikl\u00e4dda bl\u00e5 adidasoveraller och allt som oftast klingar falskt, \u00e4r ocks\u00e5 en viktig del i Svensks\u00e5ld. Liksom diverse kaffekoppar, kaffetermosar, dalah\u00e4star, aladinaskar och andra prylar som \u00e4r mer eller mindre viktiga f\u00f6r v\u00e5r svenskhet.<\/p>\n<p>Svensks\u00e5ld, som har producerats av Scenkonst S\u00f6rmland, framf\u00f6rs i Stockholm \u00e4ven i kv\u00e4ll den 10 november och forts\u00e4tter sedan att spelas i S\u00f6rmland och Stockholmsomr\u00e5det till och med den 4 december.<\/p>\n<p>Bilder: H\u00e5kan Larsson, Extreme Production.<\/p>\n<p>Medverkande<\/p>\n<p>Sk\u00e5despelare: Kjartan Hansen, Jakob H\u00f6glund och Ingrid Meling Enoksen<br \/>\nMusiker: Isak Bergstr\u00f6m &#8211; dragspel, Sheshti Johansson &#8211; fiol<br \/>\nDramatiker: Gertrud Larsson<br \/>\nRegi: Ellen Lamm<br \/>\nScenografi: Anna Dolata<br \/>\nMusik: Janne Tavares<br \/>\nMask: Linda Sandberg<br \/>\nLjus: Anders Westbom<br \/>\nProduktion: Scenkonst S\u00f6rmland<\/p>\n<p>L\u00e4s mer p\u00e5 <a href=\"http:\/\/scenkonstsormland.se\/offentlig-publik\/Svensksald\/\" target=\"_blank\">Scenkonst S\u00f6rmlands hemsida<\/a>.<\/p>\n<p>L\u00e4s recension i <a href=\"http:\/\/www.sn.se\/kulturnoje\/2.737\/1.1219647\" target=\"_blank\">S\u00f6rmlands Nyheter<\/a> av f\u00f6rest\u00e4llningen i Oxel\u00f6sund.<\/p>\n<p><a href=\"http:\/\/kulturbloggen.com\/wp-content\/uploads\/2011\/11\/Herman-Hitler-Herman.jpg\"><img loading=\"lazy\" decoding=\"async\" class=\"aligncenter size-medium wp-image-43498\" title=\"Herman Hitler Herman\" src=\"http:\/\/kulturbloggen.com\/wp-content\/uploads\/2011\/11\/Herman-Hitler-Herman-300x200.jpg\" alt=\"\" width=\"300\" height=\"200\" \/><\/a><\/p>\n<p>L\u00e4s \u00e4ven andra bloggares \u00e5sikter om <a href=\"http:\/\/bloggar.se\/om\/Scenkonst+S%F6rmland\" rel=\"tag\">Scenkonst S\u00f6rmland<\/a>, <a href=\"http:\/\/bloggar.se\/om\/satir\" rel=\"tag\">satir<\/a>, <a href=\"http:\/\/bloggar.se\/om\/svenskhet\" rel=\"tag\">svenskhet<\/a>, <a href=\"http:\/\/bloggar.se\/om\/fr%E4mlingsfientlighet\" rel=\"tag\">fr\u00e4mlingsfientlighet<\/a><\/p>\n","protected":false},"excerpt":{"rendered":"<p>Svensks\u00e5ld Scenkonst S\u00f6rmland Premi\u00e4r: 6 oktober p\u00e5 Eskilstuna Teater Den 9 november var det g\u00e4stspelspremi\u00e4r p\u00e5 Gertrud Larssons Svensks\u00e5ld p\u00e5 Teater Pero i Stockholm. Pj\u00e4sen, som regisserats av Ellen Lamm, \u00e4r en Sverigesatir i kabaretform med allvarliga undertoner. Med hj\u00e4lp av nedslag i historien belyser den svenskheten och fr\u00e4mlingsfientligheten i v\u00e5rt land genom tiderna. F\u00f6rsta [&hellip;]<\/p>\n","protected":false},"author":13,"featured_media":0,"comment_status":"open","ping_status":"open","sticky":false,"template":"","format":"standard","meta":{"_genesis_hide_title":false,"_genesis_hide_breadcrumbs":false,"_genesis_hide_singular_image":false,"_genesis_hide_footer_widgets":false,"_genesis_custom_body_class":"","_genesis_custom_post_class":"","_genesis_layout":"","footnotes":""},"categories":[20],"tags":[1490,1889,4956,5529,5645],"class_list":{"0":"post-43475","1":"post","2":"type-post","3":"status-publish","4":"format-standard","6":"category-film","7":"tag-ellen-lamm","8":"tag-framlingsfientlighet","9":"tag-scenkonst-sormland","10":"tag-svenskt","11":"tag-teater-pero","12":"entry"},"_links":{"self":[{"href":"https:\/\/kulturbloggen.com\/index.php?rest_route=\/wp\/v2\/posts\/43475","targetHints":{"allow":["GET"]}}],"collection":[{"href":"https:\/\/kulturbloggen.com\/index.php?rest_route=\/wp\/v2\/posts"}],"about":[{"href":"https:\/\/kulturbloggen.com\/index.php?rest_route=\/wp\/v2\/types\/post"}],"author":[{"embeddable":true,"href":"https:\/\/kulturbloggen.com\/index.php?rest_route=\/wp\/v2\/users\/13"}],"replies":[{"embeddable":true,"href":"https:\/\/kulturbloggen.com\/index.php?rest_route=%2Fwp%2Fv2%2Fcomments&post=43475"}],"version-history":[{"count":1,"href":"https:\/\/kulturbloggen.com\/index.php?rest_route=\/wp\/v2\/posts\/43475\/revisions"}],"predecessor-version":[{"id":44033,"href":"https:\/\/kulturbloggen.com\/index.php?rest_route=\/wp\/v2\/posts\/43475\/revisions\/44033"}],"wp:attachment":[{"href":"https:\/\/kulturbloggen.com\/index.php?rest_route=%2Fwp%2Fv2%2Fmedia&parent=43475"}],"wp:term":[{"taxonomy":"category","embeddable":true,"href":"https:\/\/kulturbloggen.com\/index.php?rest_route=%2Fwp%2Fv2%2Fcategories&post=43475"},{"taxonomy":"post_tag","embeddable":true,"href":"https:\/\/kulturbloggen.com\/index.php?rest_route=%2Fwp%2Fv2%2Ftags&post=43475"}],"curies":[{"name":"wp","href":"https:\/\/api.w.org\/{rel}","templated":true}]}}