{"id":4337,"date":"2008-11-11T16:54:00","date_gmt":"2008-11-11T15:54:00","guid":{"rendered":"http:\/\/kulturbloggen.com\/?p=4337"},"modified":"2008-11-11T16:54:00","modified_gmt":"2008-11-11T15:54:00","slug":"synd-att-elmander-aldrig-fick-chansen-nar-han-var-som-bast","status":"publish","type":"post","link":"https:\/\/kulturbloggen.com\/?p=4337","title":{"rendered":"Synd att Elmander aldrig fick chansen n\u00e4r han var som b\u00e4st"},"content":{"rendered":"<p><img loading=\"lazy\" decoding=\"async\" src=\"http:\/\/sodergren.com\/kulturbloggen\/wp-content\/uploads\/2008\/11\/elmander125.jpg\" alt=\"\" title=\"elmander125\" width=\"125\" height=\"250\" class=\"alignright size-full wp-image-4347\" \/>Elmander var ett stort l\u00f6fte en g\u00e5ng i tiden. Tyv\u00e4rr fick han, som r\u00e4tt m\u00e5nga andra unga lovande talanger, inte f\u00f6rtroendet att spela s\u00e5 mycket i landslaget just d\u00e5 n\u00e4r de hade som b\u00e4st f\u00f6ruts\u00e4ttningar att blomma ut.<\/p>\n<p>Att leda ett lag handlar om att ha fingertoppsk\u00e4nsla och tajming f\u00f6r n\u00e4r en talang och lovande f\u00f6rm\u00e5ga ska f\u00e5 chansen att ta f\u00f6r sig.<\/p>\n<p>Nu har Elmander inte visat s\u00e5 bra form p\u00e5 sista tiden. S\u00e5 det bara logiskt att han inte \u00e4r med i truppen. Men det \u00e4r synd att det inte satsades hundra p\u00e5 honom n\u00e4r han var i b\u00e4st form och hade st\u00f6rst potential att blomma ut.<\/p>\n<p>Men som sagt: n\u00e4sta onsdag,  19 november, spelas \u00e5rets sista landskamp i fotboll.<br \/>\nSverige m\u00f6ter Holland i Amsterdam.<\/p>\n<p>Matchen s\u00e4nds  i kanal 9, kickoff 20.45.<\/p>\n<p>Kul \u00e4r att en debutant finns med i truppen: Ajax mittf\u00e4ltare Rasmus Lindgren.<\/p>\n<p>Och s\u00e5 ser jag fram emot att Sebastian Larsson ska f\u00e5 mer speltid.<\/p>\n<p><a href=\"http:\/\/www.dn.se\/DNet\/jsp\/polopoly.jsp?d=647&#038;a=850543\">S\u00e5 h\u00e4r tycker Andreas Rolfer p\u00e5 DN:<\/a><\/p>\n<blockquote><p>Den inneh\u00e5ller visserligen fr\u00e4scha namn som Petter Andersson och Rasmus Lindgren, men utan att det skett p\u00e5 bekostnad av n\u00e5gon &#8221;gammal goding&#8221;.<br \/>\nDe nya spelarna har f\u00e5tt platser som redan l\u00e4mnats tomma. Safari, Holm\u00e9n, Elm, Andersson, Lindgren och Berg skulle lika g\u00e4rna kunnat vara Edman, Alexandersson, Svensson, Linderoth, Ljungberg och Allb\u00e4ck.<br \/>\nOm det inte vore f\u00f6r att de sistn\u00e4mnda tackat f\u00f6r sig eller k\u00e4mpat mot skadebesv\u00e4r tror jag Lagerb\u00e4cks trupp sett ut som den alltid gjort.<\/p><\/blockquote>\n<p><strong>H\u00e4r \u00e4r truppen som \u00e4r uttagen att spela f\u00f6r Sverige i landskampen mot Holland:<\/strong><\/p>\n<blockquote><p>M\u00e5lvakter:<\/p>\n<p>Andreas Isaksson, PSV Eindhoven<\/p>\n<p>Johan Wiland, IF Elfsborg<\/p>\n<p>F\u00f6rsvarare:<\/p>\n<p>Andreas Granqvist, FC Groningen<\/p>\n<p>Petter Hansson, Stade Rennais FC<\/p>\n<p>Daniel Majstorovic, AEK FC<\/p>\n<p>Olof Mellberg, Juventus FC<\/p>\n<p>Mikael Nilsson, Panathinaikos<\/p>\n<p>Behrang Safari, FC Basel<\/p>\n<p>Fredrik Stoor, Fulham FC<\/p>\n<p>Mittf\u00e4ltare och anfallare:<\/p>\n<p>Daniel Andersson, Malmo? F<\/p>\n<p>Petter Andersson, FC Groningen<\/p>\n<p>Marcus Berg, FC Groningen<\/p>\n<p>Viktor Elm, Kalmar FF<\/p>\n<p>Samuel Holme?n, Br\u00f8ndby IF<\/p>\n<p>Zlatan Ibrahimovic, FC Internazionale<\/p>\n<p>Kim K\u00e4llstr\u00f6m, Olympique Lyonn<\/p>\n<p>Henrik Larsson, Helsingborgs IF<\/p>\n<p>Sebastian Larsson, Birmingham City FC<\/p>\n<p>Rasmus Lindgren, AFC Ajax<\/p>\n<p>Markus Rosenberg, Werder Bremen<\/p>\n<p>Christian Wilhelmsson, Al-Hilal<\/p>\n<\/blockquote>\n<p>Relaterade artiklar:<br \/>\n<a href=\"http:\/\/www.aftonbladet.se\/sportbladet\/fotboll\/landslaget\/article3745808.ab\">Aftonbladet 1<\/a> och <a href=\"http:\/\/www.aftonbladet.se\/sportbladet\/fotboll\/landslaget\/article3745933.ab\">Aftonbladet 2.<\/a><br \/>\n<a href=\"http:\/\/www.svd.se\/sportspel\/nyheter\/artikel_2025601.svd\">Svenska Dagbladet<\/a><\/p>\n<p>Andra bloggar om: <a href=\"http:\/\/bloggar.se\/om\/fotboll\" rel=\"tag\">fotboll<\/a>, <a href=\"http:\/\/bloggar.se\/om\/landskamp\" rel=\"tag\">landskamp<\/a>, <a href=\"http:\/\/bloggar.se\/om\/Zlatan\" rel=\"tag\">Zlatan<\/a>, <a href=\"http:\/\/bloggar.se\/om\/Elmander\" rel=\"tag\">Elmander<\/a>, <a href=\"http:\/\/bloggar.se\/om\/Lagerb%E4ck\" rel=\"tag\">Lagerb\u00e4ck<\/a>, <a href=\"http:\/\/bloggar.se\/om\/Holland\" rel=\"tag\">Holland<\/a>, <a href=\"http:\/\/bloggar.se\/om\/Sebastian+Larsson\" rel=\"tag\">Sebastian Larsson<\/a><\/p>\n","protected":false},"excerpt":{"rendered":"<p>Elmander var ett stort l\u00f6fte en g\u00e5ng i tiden. Tyv\u00e4rr fick han, som r\u00e4tt m\u00e5nga andra unga lovande talanger, inte f\u00f6rtroendet att spela s\u00e5 mycket i landslaget just d\u00e5 n\u00e4r de hade som b\u00e4st f\u00f6ruts\u00e4ttningar att blomma ut. Att leda ett lag handlar om att ha fingertoppsk\u00e4nsla och tajming f\u00f6r n\u00e4r en talang och lovande [&hellip;]<\/p>\n","protected":false},"author":2,"featured_media":0,"comment_status":"open","ping_status":"open","sticky":false,"template":"","format":"standard","meta":{"_genesis_hide_title":false,"_genesis_hide_breadcrumbs":false,"_genesis_hide_singular_image":false,"_genesis_hide_footer_widgets":false,"_genesis_custom_body_class":"","_genesis_custom_post_class":"","_genesis_layout":"","footnotes":""},"categories":[20],"tags":[12292,3217],"class_list":{"0":"post-4337","1":"post","2":"type-post","3":"status-publish","4":"format-standard","6":"category-film","7":"tag-fotboll-sport-nyheter","8":"tag-landskamp","9":"entry"},"_links":{"self":[{"href":"https:\/\/kulturbloggen.com\/index.php?rest_route=\/wp\/v2\/posts\/4337","targetHints":{"allow":["GET"]}}],"collection":[{"href":"https:\/\/kulturbloggen.com\/index.php?rest_route=\/wp\/v2\/posts"}],"about":[{"href":"https:\/\/kulturbloggen.com\/index.php?rest_route=\/wp\/v2\/types\/post"}],"author":[{"embeddable":true,"href":"https:\/\/kulturbloggen.com\/index.php?rest_route=\/wp\/v2\/users\/2"}],"replies":[{"embeddable":true,"href":"https:\/\/kulturbloggen.com\/index.php?rest_route=%2Fwp%2Fv2%2Fcomments&post=4337"}],"version-history":[{"count":0,"href":"https:\/\/kulturbloggen.com\/index.php?rest_route=\/wp\/v2\/posts\/4337\/revisions"}],"wp:attachment":[{"href":"https:\/\/kulturbloggen.com\/index.php?rest_route=%2Fwp%2Fv2%2Fmedia&parent=4337"}],"wp:term":[{"taxonomy":"category","embeddable":true,"href":"https:\/\/kulturbloggen.com\/index.php?rest_route=%2Fwp%2Fv2%2Fcategories&post=4337"},{"taxonomy":"post_tag","embeddable":true,"href":"https:\/\/kulturbloggen.com\/index.php?rest_route=%2Fwp%2Fv2%2Ftags&post=4337"}],"curies":[{"name":"wp","href":"https:\/\/api.w.org\/{rel}","templated":true}]}}