{"id":43353,"date":"2011-11-08T15:10:45","date_gmt":"2011-11-08T13:10:45","guid":{"rendered":"http:\/\/kulturbloggen.com\/?p=43353"},"modified":"2011-11-08T15:10:45","modified_gmt":"2011-11-08T13:10:45","slug":"carl-orffs-carmina-burana-ges-konsertant-pa-folkoperan-hosten-2012","status":"publish","type":"post","link":"https:\/\/kulturbloggen.com\/?p=43353","title":{"rendered":"Carl Orffs Carmina Burana ges konsertant p\u00e5 Folkoperan h\u00f6sten 2012"},"content":{"rendered":"<p><a href=\"http:\/\/kulturbloggen.com\/wp-content\/uploads\/2011\/11\/folkoperanlogga.jpg\"><img loading=\"lazy\" decoding=\"async\" src=\"http:\/\/kulturbloggen.com\/wp-content\/uploads\/2011\/11\/folkoperanlogga.jpg\" alt=\"\" width=\"80\" height=\"80\" class=\"aligncenter size-full wp-image-43377\" \/><\/a><br \/>\nH\u00f6sten 2012 ger Folkoperan Carmina Burana av Carl Orff i ett konsertant koncept. Premi\u00e4r i oktober 2012. <\/p>\n<p>Folkoperans nya konstn\u00e4rliga chef Mellika Melouani Melani regisserar och musikalisk ledare \u00e4r Joakim Unander.<\/p>\n<p>Verket bygger p\u00e5 dikter fr\u00e5n 1100- och 1200-talen fr\u00e5n den tyska medeltida handskriften Carmina Burana. Carmina Burana uruppf\u00f6rdes 1937. I samband med konserterna planerar Folkoperan och dess k\u00f6r och orkester att samarbeta med lokala och g\u00e4stande k\u00f6rer.<\/p>\n<blockquote><p>&#8211;          Vi s\u00f6ker \u00e4ldre m\u00e4nniskor, 90 plussarna och deras ber\u00e4ttelser som vi kommer att anv\u00e4nda i v\u00e5rt koncept av en konsertant version av Carl Orffs k\u00f6rverk Carmina Burana, s\u00e4ger Mellika Melouani Melani.\n<\/p><\/blockquote>\n<p>Carmina Burana kommer att spelas fredagar under h\u00f6sten 2012. Parallellt ges Verdis Maskeradbalen.<\/p>\n<p>Vill du veta mer om Carmina Burana kan du bes\u00f6ka <a href=\"http:\/\/www.mogensoperasidor.se\/carminaburana.htm#carminaburana\">Mogens Operasidor<\/a><\/p>\n","protected":false},"excerpt":{"rendered":"<p>H\u00f6sten 2012 ger Folkoperan Carmina Burana av Carl Orff i ett konsertant koncept. Premi\u00e4r i oktober 2012. Folkoperans nya konstn\u00e4rliga chef Mellika Melouani Melani regisserar och musikalisk ledare \u00e4r Joakim Unander. Verket bygger p\u00e5 dikter fr\u00e5n 1100- och 1200-talen fr\u00e5n den tyska medeltida handskriften Carmina Burana. Carmina Burana uruppf\u00f6rdes 1937. I samband med konserterna planerar [&hellip;]<\/p>\n","protected":false},"author":13,"featured_media":0,"comment_status":"open","ping_status":"open","sticky":false,"template":"","format":"standard","meta":{"_genesis_hide_title":false,"_genesis_hide_breadcrumbs":false,"_genesis_hide_singular_image":false,"_genesis_hide_footer_widgets":false,"_genesis_custom_body_class":"","_genesis_custom_post_class":"","_genesis_layout":"","footnotes":""},"categories":[7],"tags":[944,1812],"class_list":["post-43353","post","type-post","status-publish","format-standard","category-musik","tag-carmina-burana","tag-folkoperan-hosten-2012","entry"],"_links":{"self":[{"href":"https:\/\/kulturbloggen.com\/index.php?rest_route=\/wp\/v2\/posts\/43353","targetHints":{"allow":["GET"]}}],"collection":[{"href":"https:\/\/kulturbloggen.com\/index.php?rest_route=\/wp\/v2\/posts"}],"about":[{"href":"https:\/\/kulturbloggen.com\/index.php?rest_route=\/wp\/v2\/types\/post"}],"author":[{"embeddable":true,"href":"https:\/\/kulturbloggen.com\/index.php?rest_route=\/wp\/v2\/users\/13"}],"replies":[{"embeddable":true,"href":"https:\/\/kulturbloggen.com\/index.php?rest_route=%2Fwp%2Fv2%2Fcomments&post=43353"}],"version-history":[{"count":0,"href":"https:\/\/kulturbloggen.com\/index.php?rest_route=\/wp\/v2\/posts\/43353\/revisions"}],"wp:attachment":[{"href":"https:\/\/kulturbloggen.com\/index.php?rest_route=%2Fwp%2Fv2%2Fmedia&parent=43353"}],"wp:term":[{"taxonomy":"category","embeddable":true,"href":"https:\/\/kulturbloggen.com\/index.php?rest_route=%2Fwp%2Fv2%2Fcategories&post=43353"},{"taxonomy":"post_tag","embeddable":true,"href":"https:\/\/kulturbloggen.com\/index.php?rest_route=%2Fwp%2Fv2%2Ftags&post=43353"}],"curies":[{"name":"wp","href":"https:\/\/api.w.org\/{rel}","templated":true}]}}