{"id":43320,"date":"2011-11-07T13:56:34","date_gmt":"2011-11-07T11:56:34","guid":{"rendered":"http:\/\/kulturbloggen.com\/?p=43320"},"modified":"2011-11-18T20:20:12","modified_gmt":"2011-11-18T20:20:12","slug":"feist-kommer-till-sverige-den-7e-mars","status":"publish","type":"post","link":"https:\/\/kulturbloggen.com\/?p=43320","title":{"rendered":"Feist kommer till Sverige den 7:e mars"},"content":{"rendered":"<p>Feist sl\u00e4ppte, till kritikernas f\u00f6rtjusning, sitt fj\u00e4rde album &#8221;Metals&#8221; tidigare i \u00e5r. Nu \u00e4r det klart att hon kommer till Sverige n\u00e4sta \u00e5r. Boka in den 7:e mars i era kalendrar f\u00f6r d\u00e5 bes\u00f6ker den kanadensiske s\u00e5ngerskan Stockholm f\u00f6r en spelning p\u00e5 Cirkus. <\/p>\n<p>Biljetterna sl\u00e4pps fredagen den 11:e november klockan 9:00.<\/p>\n<p>H\u00e4r kan ni l\u00e4sa hela pressmeddelandet:<\/p>\n<p>&#8221;Vi minns hur det var sist hon var h\u00e4r. Cirkus var fullt, sorlet blev till andakt, ljusen s\u00e4nktes. N\u00e4r hon n\u00e4stan om\u00e4rkbart gled in p\u00e5 scenen skapades en slags gravitation, en omissk\u00e4nnlig dragningskraft. Endast utrustad med gitarr, ett band, lila tights och lugg magnetiserade och f\u00f6rtrollade hon oss. Stressade sj\u00e4lar fylldes av n\u00e4rvaro. Alla var upprymda.<\/p>\n<p>Hon g\u00f6r s\u00e5 Feist. H\u00f6jer hum\u00f6ret. Fast p\u00e5 nya skivan Metals blir man f\u00f6rst os\u00e4ker p\u00e5 om det fortfarande f\u00f6rh\u00e5ller sig s\u00e5. De ofta vemodiga, ibland ganska svarta texterna kontrasteras f\u00f6rvisso av Feists tr\u00f6sterika r\u00f6st, men \u00e4ven den har pl\u00f6tsligt f\u00e5tt n\u00e5got kantigt, raspigt och kr\u00e5ngligt \u00f6ver sig. Saker och ting \u00e4r liksom inte lika cappuccinof\u00e4rgade som ultragenombrottet The Reminder bitvis var.<\/p>\n<p>Ironiskt nog \u00e4r det just hetsen kring f\u00f6rra skivan som givit Metals sitt mer upproriska tonl\u00e4ge. The Reminder gjorde en indieangel\u00e4genhet till topplistehets, och Feist kastades in i en virvelvind av turn\u00e9er, TV-reklam, Sesame street, och mer turn\u00e9er. Utbr\u00e4ndheten kom som ett inkassobrev. N\u00e4r allt var \u00f6ver fick Feist l\u00e4ra sig lyssna p\u00e5 tystnad, och i 18 m\u00e5nader f\u00f6rblev gitarren or\u00f6rd.<\/p>\n<p>Inspiration kom tack och lov tillbaka, men nu med en k\u00e4nsla av uppror. N\u00e4r Feist satte sig i en lada vid Stilla havslandskapet i kaliforniska Big Sur f\u00f6r att spela in, stormade kreativiteten lika mycket som v\u00e4dret. Och paradoxalt nog \u00e4r det eftergifterna, hennes vilja att riskera ett vinnande koncept, som g\u00f6r hennes musik, artistskap och utstr\u00e5lning mer beroendeframkallande \u00e4n n\u00e5gonsin. P\u00e5 Metals h\u00e4nder det saker, och live vet vi inte vad vi ska f\u00f6rv\u00e4nta oss. Feist har gjort oss nyfikna igen. Bara hon har verktygen att g\u00f6ra popmusiken lika ober\u00e4knelig som oumb\u00e4rlig.&#8221;<\/p>\n<p><iframe loading=\"lazy\" width=\"560\" height=\"315\" src=\"http:\/\/www.youtube.com\/embed\/xLj5FA0Dbks\" frameborder=\"0\" allowfullscreen><\/iframe><\/p>\n","protected":false},"excerpt":{"rendered":"<p>Feist sl\u00e4ppte, till kritikernas f\u00f6rtjusning, sitt fj\u00e4rde album &#8221;Metals&#8221; tidigare i \u00e5r. Nu \u00e4r det klart att hon kommer till Sverige n\u00e4sta \u00e5r. Boka in den 7:e mars i era kalendrar f\u00f6r d\u00e5 bes\u00f6ker den kanadensiske s\u00e5ngerskan Stockholm f\u00f6r en spelning p\u00e5 Cirkus. Biljetterna sl\u00e4pps fredagen den 11:e november klockan 9:00. H\u00e4r kan ni l\u00e4sa [&hellip;]<\/p>\n","protected":false},"author":3,"featured_media":0,"comment_status":"open","ping_status":"open","sticky":false,"template":"","format":"standard","meta":{"_genesis_hide_title":false,"_genesis_hide_breadcrumbs":false,"_genesis_hide_singular_image":false,"_genesis_hide_footer_widgets":false,"_genesis_custom_body_class":"","_genesis_custom_post_class":"","_genesis_layout":"","footnotes":""},"categories":[7],"tags":[1007,1686],"class_list":{"0":"post-43320","1":"post","2":"type-post","3":"status-publish","4":"format-standard","6":"category-musik","7":"tag-cirkus","8":"tag-feist","9":"entry"},"_links":{"self":[{"href":"https:\/\/kulturbloggen.com\/index.php?rest_route=\/wp\/v2\/posts\/43320","targetHints":{"allow":["GET"]}}],"collection":[{"href":"https:\/\/kulturbloggen.com\/index.php?rest_route=\/wp\/v2\/posts"}],"about":[{"href":"https:\/\/kulturbloggen.com\/index.php?rest_route=\/wp\/v2\/types\/post"}],"author":[{"embeddable":true,"href":"https:\/\/kulturbloggen.com\/index.php?rest_route=\/wp\/v2\/users\/3"}],"replies":[{"embeddable":true,"href":"https:\/\/kulturbloggen.com\/index.php?rest_route=%2Fwp%2Fv2%2Fcomments&post=43320"}],"version-history":[{"count":1,"href":"https:\/\/kulturbloggen.com\/index.php?rest_route=\/wp\/v2\/posts\/43320\/revisions"}],"predecessor-version":[{"id":44091,"href":"https:\/\/kulturbloggen.com\/index.php?rest_route=\/wp\/v2\/posts\/43320\/revisions\/44091"}],"wp:attachment":[{"href":"https:\/\/kulturbloggen.com\/index.php?rest_route=%2Fwp%2Fv2%2Fmedia&parent=43320"}],"wp:term":[{"taxonomy":"category","embeddable":true,"href":"https:\/\/kulturbloggen.com\/index.php?rest_route=%2Fwp%2Fv2%2Fcategories&post=43320"},{"taxonomy":"post_tag","embeddable":true,"href":"https:\/\/kulturbloggen.com\/index.php?rest_route=%2Fwp%2Fv2%2Ftags&post=43320"}],"curies":[{"name":"wp","href":"https:\/\/api.w.org\/{rel}","templated":true}]}}