{"id":43262,"date":"2011-11-05T20:49:16","date_gmt":"2011-11-05T18:49:16","guid":{"rendered":"http:\/\/kulturbloggen.com\/?p=43262"},"modified":"2011-11-18T20:19:19","modified_gmt":"2011-11-18T20:19:19","slug":"kulturbloggen-moter-medina","status":"publish","type":"post","link":"https:\/\/kulturbloggen.com\/?p=43262","title":{"rendered":"Kulturbloggen m\u00f6ter Medina"},"content":{"rendered":"<p>Medina \u00e4r Danmarks hetaste artist som har b\u00f6rjat v\u00e4xa sig \u00f6ver landets gr\u00e4nser och m\u00f6tt stor succ\u00e9 i bland annat Tyskland. Vi f\u00e5r tr\u00e4ffa henne under hennes vistelse i Stockholm f\u00f6r Hugo Boss Event.<\/p>\n<p><strong>Vem \u00e4r Medina?<\/strong><\/p>\n<p>Jag vet inte riktigt, jag \u00e4r nog en spontan m\u00e4nniska som lever i min egna v\u00e4rld. <\/p>\n<p><strong>N\u00e4r b\u00f6rjade du g\u00f6ra musik?<\/strong><\/p>\n<p>Musiken har alltid varit en stor del av mitt liv, mina f\u00f6r\u00e4ldrar var musiker s\u00e5 redan som barn fick jag \u00e5ka med dem p\u00e5 turn\u00e9er. Jag minns det mest som en jobbig upplevelse, det var alltid s\u00e5 sent och jag kunde inte sova. De repade ocks\u00e5 i v\u00e5r k\u00e4llare och det var v\u00e4ldigt h\u00f6g volym och mycket st\u00f6rande. N\u00e4r man \u00e4r liten k\u00e4nns dessutom volymen s\u00e5 mycket h\u00f6gre.<\/p>\n<p><strong>Men \u00e4nd\u00e5 valde du att forts\u00e4tta arbeta med musik?<\/strong><\/p>\n<p>Nej, det var inget som hindrade mig fr\u00e5n att sj\u00e4lv vilja jobba med musik. Visst kan det vara jobbigt ibland men det \u00e4r s\u00e5 mycket roligt som v\u00e4ger upp det, som till exempel m\u00e4nniskorna man tr\u00e4ffar.<\/p>\n<p><strong>Hur skulle du beskriva din musik?<\/strong><\/p>\n<p>M\u00e5nga k\u00e4nslor! Det \u00e4r mitt s\u00e4tt att prata om saker jag vill f\u00e5 ut. Musiken handlar mest om upplevelser. Jag kan inte g\u00f6ra party l\u00e5tar, jag har f\u00f6rs\u00f6kt men det g\u00e5r inte.<\/p>\n<p><strong>Vad inspireras du av?<\/strong><\/p>\n<p>Radion erbjuder s\u00e5 mycket nytt hela tiden s\u00e5 man beh\u00f6ver inte jobba s\u00e5 mycket med att uppt\u00e4cka nya s\u00e4tt att g\u00f6ra musik. Jag lyssnar och inspireras av allt fr\u00e5n klassisk till jazz.<\/p>\n<p><strong>Vad motiverar dig att g\u00f6ra det du g\u00f6r?<\/strong><\/p>\n<p>Mina fans! <\/p>\n<p><strong>Vad har du f\u00f6r ambitioner?<\/strong><\/p>\n<p>Att n\u00e5 ut till m\u00e4nniskor f\u00f6r att f\u00f6rb\u00e4ttra v\u00e4rlden,<br \/>\nJag har 200.000 fans p\u00e5 min sida som lyssnar p\u00e5 vad jag s\u00e4ger, s\u00e5 jag vill sprida positiv energi och f\u00e5 mina fans att fokusera p\u00e5 det goda. Det finns mycket v\u00e5ld, som nyligen n\u00e4r tv\u00e5 flickor slog ner en kontrollant i tunnelbanan i danmark. D\u00e5 skrev jag p\u00e5 min blogg att s\u00e5nt m\u00e5ste sluta och inom n\u00e5gra minuter var det en l\u00f6psedel i en stor tidning, s\u00e5 det n\u00e5dde ut till hela landet. Jag vet att pressen lyssnar p\u00e5 vad jag s\u00e4ger.<\/p>\n<p><strong>Vad h\u00e4nder fram\u00f6ver?<\/strong><\/p>\n<p>En hel del. Jag ska forts\u00e4tta g\u00f6ra musik, och ha kul.<br \/>\nSka b\u00f6rja p\u00e5 ett nytt album i m\u00e5naden, p\u00e5 engelska.<\/p>\n<p><strong>Hur g\u00e5r det till n\u00e4r du skapar din musik?<\/strong><\/p>\n<p>G\u00e5r in i studion och skriver tilsammans med mitt team, om jag \u00e4r ute efter ett visst sound s\u00e5 f\u00f6rst\u00e5r de det. Efter tv\u00e5 till tre timmar \u00e4r vi klara med en l\u00e5t och kan b\u00f6rja p\u00e5 n\u00e4sta.<\/p>\n","protected":false},"excerpt":{"rendered":"<p>Medina \u00e4r Danmarks hetaste artist som har b\u00f6rjat v\u00e4xa sig \u00f6ver landets gr\u00e4nser och m\u00f6tt stor succ\u00e9 i bland annat Tyskland. Vi f\u00e5r tr\u00e4ffa henne under hennes vistelse i Stockholm f\u00f6r Hugo Boss Event. Vem \u00e4r Medina? Jag vet inte riktigt, jag \u00e4r nog en spontan m\u00e4nniska som lever i min egna v\u00e4rld. N\u00e4r b\u00f6rjade [&hellip;]<\/p>\n","protected":false},"author":13,"featured_media":0,"comment_status":"open","ping_status":"open","sticky":false,"template":"","format":"standard","meta":{"_genesis_hide_title":false,"_genesis_hide_breadcrumbs":false,"_genesis_hide_singular_image":false,"_genesis_hide_footer_widgets":false,"_genesis_custom_body_class":"","_genesis_custom_post_class":"","_genesis_layout":"","footnotes":""},"categories":[5,7],"tags":[3584],"class_list":{"0":"post-43262","1":"post","2":"type-post","3":"status-publish","4":"format-standard","6":"category-intervju","7":"category-musik","8":"tag-medina","9":"entry"},"_links":{"self":[{"href":"https:\/\/kulturbloggen.com\/index.php?rest_route=\/wp\/v2\/posts\/43262","targetHints":{"allow":["GET"]}}],"collection":[{"href":"https:\/\/kulturbloggen.com\/index.php?rest_route=\/wp\/v2\/posts"}],"about":[{"href":"https:\/\/kulturbloggen.com\/index.php?rest_route=\/wp\/v2\/types\/post"}],"author":[{"embeddable":true,"href":"https:\/\/kulturbloggen.com\/index.php?rest_route=\/wp\/v2\/users\/13"}],"replies":[{"embeddable":true,"href":"https:\/\/kulturbloggen.com\/index.php?rest_route=%2Fwp%2Fv2%2Fcomments&post=43262"}],"version-history":[{"count":1,"href":"https:\/\/kulturbloggen.com\/index.php?rest_route=\/wp\/v2\/posts\/43262\/revisions"}],"predecessor-version":[{"id":44087,"href":"https:\/\/kulturbloggen.com\/index.php?rest_route=\/wp\/v2\/posts\/43262\/revisions\/44087"}],"wp:attachment":[{"href":"https:\/\/kulturbloggen.com\/index.php?rest_route=%2Fwp%2Fv2%2Fmedia&parent=43262"}],"wp:term":[{"taxonomy":"category","embeddable":true,"href":"https:\/\/kulturbloggen.com\/index.php?rest_route=%2Fwp%2Fv2%2Fcategories&post=43262"},{"taxonomy":"post_tag","embeddable":true,"href":"https:\/\/kulturbloggen.com\/index.php?rest_route=%2Fwp%2Fv2%2Ftags&post=43262"}],"curies":[{"name":"wp","href":"https:\/\/api.w.org\/{rel}","templated":true}]}}