{"id":43240,"date":"2011-11-05T13:49:51","date_gmt":"2011-11-05T11:49:51","guid":{"rendered":"http:\/\/kulturbloggen.com\/?p=43240"},"modified":"2011-11-05T13:49:51","modified_gmt":"2011-11-05T11:49:51","slug":"ett-utkast-till-en-novell-inspirerad-av-nordeaskandalen-och-finanskrisen","status":"publish","type":"post","link":"https:\/\/kulturbloggen.com\/?p=43240","title":{"rendered":"Ett utkast till en novell, inspirerad av Nordeaskandalen och finanskrisen"},"content":{"rendered":"<p><a href=\"http:\/\/kulturbloggen.com\/wp-content\/uploads\/2011\/11\/Sk\u00e4rmavbild-2011-11-05-kl.-12.49.27.png\"><img loading=\"lazy\" decoding=\"async\" class=\"aligncenter size-medium wp-image-43245\" title=\"Sk\u00e4rmavbild 2011-11-05 kl. 12.49.27\" src=\"http:\/\/kulturbloggen.com\/wp-content\/uploads\/2011\/11\/Sk\u00e4rmavbild-2011-11-05-kl.-12.49.27-300x187.png\" alt=\"\" width=\"300\" height=\"187\" \/><\/a><\/p>\n<p><a href=\"http:\/\/www.e24.se\/business\/godsherrarnas-sammansvarjning_3164428.e24\">Bj\u00f6rn Wahlroos, ordf\u00f6rande i Nordea<\/a>, har f\u00e5tt en hel del kritik senaste veckan. Hans sj\u00e4lv och ledningen i Nordea lyfter gigantiska pensioner. Dessutom har han k\u00f6pt en lyxl\u00e4genhet p\u00e5 \u00d6stermalm till Nordeas vd Christian Clausen.<\/p>\n<p>Tja, det finns mycket att s\u00e4ga om detta. Alla banker g\u00f6r likadant. Ledningen f\u00f6r stora f\u00f6retag, likas\u00e5.<\/p>\n<p>\u00c4r det ett s\u00e5dant samh\u00e4lle vi vill ha?<\/p>\n<p>Ett samh\u00e4lle d\u00e4r en vd f\u00f6r en bank \u00e4r v\u00e4rd s\u00e5 gigantiskt mycket mer \u00e4n ungdomar i omr\u00e5den d\u00e4r medelinkomsten \u00e4r s\u00e5 mycket l\u00e4gre. \u00c4r vissa m\u00e4nniskor v\u00e4rda att ha r\u00e5d med den allra b\u00e4sta sjukv\u00e5rden medan andra inte har den r\u00e4tten?<\/p>\n<p>\u00c4r det detta samh\u00e4lle vi vill ha? Jag tycker ocks\u00e5 att <a href=\"http:\/\/www.aftonbladet.se\/nyheter\/article13889406.ab\">det som h\u00e4nder i Grekland<\/a> har med det h\u00e4r att g\u00f6ra i allra h\u00f6gsta grad. D\u00e4r har m\u00e4nniskor chansen &#8211; eller kanske har de inte det? &#8211; att b\u00f6rja om p\u00e5 nytt.<\/p>\n<p>Dessa tankar gjorde att jag skrev ihop ett utkast ill en novell. Jag tror att den kommer att beh\u00f6va renskrivas n\u00e5gra g\u00e5nger. Man det tar n\u00e5gra dagar att g\u00f6ra det och d\u00e5 \u00e4r det andra nyheter som dominerar medierna s\u00e5 jag publicerar mitt utkast till novell h\u00e4r nu.<br \/>\nKanske kan jag f\u00e5 konstruktiva kommentarer hur jag ska f\u00f6rb\u00e4ttra novellen.<\/p>\n<p>Sj\u00e4lvklart \u00e4r allt p\u00e5hittad, jag har ingen aning om hurdan Bj\u00f6rn Wahlroos \u00e4r.<\/p>\n<p>Jag publicerar den dels h\u00e4r i bloggen men <strong><a href=\"http:\/\/kulturbloggen.com\/wp-content\/uploads\/2011\/11\/bjornmedflerakorrad.pdf\">h\u00e4r kan du l\u00e4sa den som pdf ocks\u00e5<\/a>.<\/strong><\/p>\n<p>&#8212;&#8212;<\/p>\n<p>H\u00e4r \u00e4r novellen:<\/p>\n<p><strong>Bj\u00f6rn med flera<\/strong><\/p>\n<p><em>Jag heter Bj\u00f6rn<\/em><br \/>\nEtt l\u00e4tt skrammel v\u00e4cker mig. Porslin som st\u00e4lls p\u00e5 ett stort bord i valn\u00f6tstr\u00e4 beh\u00f6ver inte n\u00f6dv\u00e4ndigtvis h\u00f6ras. Agneta, hembitr\u00e4det, kan vara lite slarvig. Hon vaggar fram med sin runda kropp. F\u00f6r tusan, hon \u00e4r \u00f6verviktigt, minst femton kilo. Inte konstigt att hon har s\u00e5 ont i sina kn\u00e4n d\u00e5. Det \u00e4r d\u00e4rf\u00f6r det alltid h\u00f6rs n\u00e4r hon dukar, hon \u00e4r f\u00f6r fet f\u00f6r att utf\u00f6ra fina r\u00f6relser.<\/p>\n<p><a href=\"http:\/\/kulturbloggen.com\/wp-content\/uploads\/2011\/11\/tekopp.jpg\"><img loading=\"lazy\" decoding=\"async\" class=\"alignright size-full wp-image-43247\" title=\"tekopp\" src=\"http:\/\/kulturbloggen.com\/wp-content\/uploads\/2011\/11\/tekopp.jpg\" alt=\"\" width=\"250\" height=\"200\" \/><\/a>Jag str\u00e4cker ut mina ben i s\u00e4ngen, trampar omv\u00e4xlande med mina f\u00f6tter f\u00f6r att v\u00e4rma upp kroppen. D\u00e4refter sp\u00e4nner jag h\u00f6ger ben och trycker benet mot s\u00e4ngen och n\u00e4r alla muskler i benen \u00e4r stenh\u00e5rda, sp\u00e4nda, lyfter jag sakta upp benet n\u00e5gra decimeter. H\u00e5ller det d\u00e4r i n\u00e5gra sekunder och s\u00e4nker det d\u00e4refter.<\/p>\n<p>Mitt h\u00f6gerben \u00e4r n\u00e4stan lika rakt som v\u00e4nsterbenet. Sjukgymnasten var h\u00e4pen, han sade senast n\u00e4r vi tr\u00e4ffades att han aldrig tr\u00e4ffat n\u00e5gon som \u00e5terst\u00e4llt sitt ben s\u00e5 snabbt efter en kn\u00e4plastik. Ni skulle v\u00e4l knappt tro det, att jag som \u00e4r v\u00e4ltr\u00e4nad och \u00e4ter sund kost och sj\u00e4lvklart inte har n\u00e5got hekto \u00f6vervikt fick ett kn\u00e4 utslitet. Det \u00e4r or\u00e4ttvist och ologiskt. Den sk\u00f6ter om sig v\u00e4l som jag g\u00f6r ska inte r\u00e5ka ut f\u00f6r d\u00e5liga kn\u00e4n.<\/p>\n<p>L\u00e4karen \u00e4r skicklig, duktig. Han gav mig en tid f\u00f6r operation direkt, en vecka efter att r\u00f6ntgenpl\u00e5tarna visat att allt brosk var utslitet i h\u00f6gerkn\u00e4t. Troligen gjorde det att jag gick p\u00e5 fel s\u00e4tt och belastade det andra kn\u00e4t fel. Han hade r\u00e4tt doktorn. Det m\u00e4rkte jag direkt efter operationen. Sm\u00e4rtan i det friska kn\u00e4et f\u00f6rsvann.<\/p>\n<p><a href=\"http:\/\/kulturbloggen.com\/wp-content\/uploads\/2011\/11\/glasvin.jpg\"><img loading=\"lazy\" decoding=\"async\" class=\"alignright size-full wp-image-43252\" title=\"glasvin\" src=\"http:\/\/kulturbloggen.com\/wp-content\/uploads\/2011\/11\/glasvin.jpg\" alt=\"\" width=\"300\" height=\"300\" \/><\/a>Jag m\u00e5ste ge sjukhuset en eloge. Mitt rum hade en fin utsikt \u00f6ver parken, jag h\u00f6rde till och med f\u00e5gelkvitter n\u00e4r morgonsk\u00f6terskan \u00f6ppnade f\u00f6nstret f\u00f6r mig. Till middagen gick det att f\u00e5 ett glas vin. Inte de f\u00f6rsta dagarna, d\u00e5 hade jag sm\u00e4rtlindrande tabletter som inte skulle blandas med alkohol i min kropp. Men jag kunde snabbt g\u00e5 \u00f6ver till enbart alvedon.<\/p>\n<p>Ja l\u00e4karen var imponerad av mig. Snabbt sm\u00e4rtfri och snabbt \u00e5terst\u00e4lld. Nu har det g\u00e5tt sex veckor efter operationen och mitt ben \u00e4r n\u00e4stan rakt.<\/p>\n<p>Tja. En del av oss k\u00e4mpar p\u00e5. Jag har alltid sk\u00f6tt min kropp, det p\u00e5verkar f\u00f6rst\u00e5s hur jag kan \u00e5terst\u00e4lla mig efter en s\u00e5dan operation.<\/p>\n<p>Vi borde byta ut v\u00e5rt hembitr\u00e4de, Agneta. Hur kan en kvinna vara s\u00e5 rund? Hon fl\u00e5sar n\u00e4r hon g\u00e5r i trapporna. Visserligen anv\u00e4nder vi henne aldrig f\u00f6r att servera v\u00e5ra g\u00e4ster, d\u00e5 tar vi in tillf\u00e4llig personal. Jag begriper inte hur folk kan l\u00e5ta sina kroppar sv\u00e4lla ut s\u00e5 d\u00e4r.<\/p>\n<p>I frukostrummet st\u00e5r tekoppen, jag ser hur \u00e5ngorna fr\u00e5n mitt te virvlar runt \u00f6ver koppen. Det olivinspr\u00e4ngda morgonbr\u00f6det \u00e4r lagom ljummet. Fattas bara.<\/p>\n<p>De tre morgontidningarna ligger till v\u00e4nster om tekoppen. P\u00e5 f\u00f6rstasidan p\u00e5 alla tre tidningarna finns ett portr\u00e4ttfoto av mig. Till och med i Dagens Industri. Jag suckar. Hur kan de underst\u00e5 sig? Har de ingen k\u00e4nsla f\u00f6r hyfs?<\/p>\n<p>Jag har f\u00e5tt massor av arga mail. Fast jag har inte l\u00e4st dem sj\u00e4lv. Varf\u00f6r skulle jag sl\u00f6sa bort min dyrbara tid p\u00e5 s\u00e5dant. Alla bankdirekt\u00f6rer g\u00f6r som jag. Om folk byter bank blir det knappast b\u00e4ttre. Det finns ingen bank d\u00e4r bankdirekt\u00f6ren och ledningen inte f\u00e5r sina v\u00e4lf\u00f6rtj\u00e4nta ers\u00e4ttningar. Hur skulle det annars bli i samh\u00e4llet? Hur skulle banken och stora f\u00f6retag f\u00e5 kompetenta personer annars? Har de t\u00e4nkt p\u00e5 det, dessa outbildade journalister? F\u00f6rresten, s\u00e5 l\u00e4nge det g\u00e5r att ta f\u00f6r sig s\u00e5 g\u00e5r det. Vem som helst som har m\u00f6jligheten att ge sig sj\u00e4lv f\u00f6rm\u00e5ner g\u00f6r det. Det \u00e4r h\u00f6gst m\u00e4nskligt.<\/p>\n<p>F\u00f6rutom min kommande v\u00e4lf\u00f6rtj\u00e4nta pension gn\u00e4ller medier \u00f6ver den \u00f6vernattningsbostad den kommande vd:n ska ha. Han m\u00e5ste v\u00e4l som alla bo n\u00e5gonstans. Hur ska han annars kunna utf\u00f6ra sitt viktiga uppdrag?<\/p>\n<p>Bostaden p\u00e5 Narvav\u00e4gen kostade tjugo miljoner. Men herregud, vad \u00e4r det? Siffror. Bara siffror.<\/p>\n<p>Han har f\u00f6rst\u00e5s precis som jag k\u00e4mpat. N\u00e4r jag gick i gymnasiet hade jag v\u00e4l inte str\u00e5lande betyg. Men far visste vad som kr\u00e4vdes. Jag borde g\u00e5 Handelsh\u00f6gskolan, det skulle ge de r\u00e4tta kontakterna. S\u00e5 det sista \u00e5ret i gymnasiet hyrde far in en privatl\u00e4rare som hj\u00e4lpte mig att studera inf\u00f6r de avg\u00f6rande proven.<\/p>\n<p>P\u00e5 samma s\u00e4tt har jag givetvis gett st\u00f6d \u00e5t mina tv\u00e5 s\u00f6ner. B\u00e5da k\u00f6pte jag platser \u00e5t p\u00e5 framst\u00e5ende utbildningar. Den \u00e4ldste fick studera i USA och den yngste i Storbritannien. Vi k\u00e4mpade bra, jag och s\u00f6nerna. Trist nog v\u00e4grade mitt barnbarn att ta emot en betald utbildning av mig. Hon har inte f\u00f6rst\u00e5tt att k\u00e4mpa ocks\u00e5 betyder att ta vara p\u00e5 de chanser och m\u00f6jligheter som erbjuds en. Att snabbt grabba tag i de erbjudanden som dyker upp. Det handlar om k\u00e4nsla f\u00f6r timing. Som en idrottsman p\u00e5 toppniv\u00e5. Att beh\u00e4rska konsten f\u00f6r timing, att sl\u00e5 till i r\u00e4tt \u00f6gonblick, \u00e4r en egenskap som k\u00e4nnetecknar alla oss framg\u00e5ngsrika.<\/p>\n<p>Tr\u00e5kigt nog har inte barnbarnet den egenskapen. Hon var till och med dum nog att utbilda sig till fritidsledare. Vem som helst som kan l\u00e4sa innantill kan v\u00e4l j\u00e4mf\u00f6ra l\u00f6netabellerna. En fritidsledare 20.000 i m\u00e5naden, en f\u00f6retagsledare eller bankdirekt\u00f6r ett par hundra tusen.<br \/>\nJaha, vad kan jag g\u00f6ra? Ingen kan tvingas till framg\u00e5ng. F\u00f6rm\u00e5gan att gripa tag i framg\u00e5ngen och att h\u00e5lla fast vid den m\u00e5ste individen sj\u00e4lv v\u00e5rda.<br \/>\nKanske finns \u00e4nd\u00e5 viljan till framg\u00e5ng inne i henne, som ett fr\u00f6 som \u00e4r moget att blomma ut. Hon vaknade trots allt upp n\u00e4r hon fick barn och studerade ekonomi p\u00e5 Stockholms universitet.<br \/>\nIdag har jag best\u00e4llt bord till lunch p\u00e5 en restaurang n\u00e4ra banken d\u00e4r hon arbetar. Vi ska \u00e4ta lunch tillsammans d\u00e5, jag och sondottern. Jag ska f\u00f6rs\u00f6ka \u00f6vertala henne att ta emot en post som bankchef p\u00e5 ett mindre kontor. Det kan vara en b\u00f6rjan p\u00e5 att st\u00e4lla situationen till r\u00e4tta. Hon borde vara av samma virke som jag och hennes far och farbror.<\/p>\n<p>P\u00e5 gatan m\u00f6ter jag en skinntorr, mager gammal kvinna. Hon har en krycka i h\u00f6ger hand och haltar fram. Hon ler mot mig. V\u00e4ldigt var rynkig hon \u00e4r i ansiktet. Varf\u00f6r till\u00e5ter \u00e4ldre kvinnor rynkorna att ta \u00f6ver? Det \u00e4r ju l\u00e4tt att g\u00f6ra som min hustru, att best\u00e4lla tid p\u00e5 Sophiahemmet och f\u00e5 ett litet snitt d\u00e4r bak och dra \u00e5t huden lite. Vips ser en kvinna tjugo \u00e5r yngre ut.<\/p>\n<p>Jag skakar lite p\u00e5 mitt huvud. Jag blir st\u00e4ndigt f\u00f6rv\u00e5nad \u00f6ver denna brist p\u00e5 omsorg om sig sj\u00e4lva och sitt yttre som alla inom l\u00e5gl\u00f6neklassen verkar ha.<\/p>\n<p>&nbsp;<\/p>\n<p><em>Jag heter Vera<br \/>\n<\/em>En man i en snygg yllerock g\u00e5r p\u00e5 andra sidan gatan. Han ser ut som en figur i filmen jag s\u00e5g ig\u00e5r p\u00e5 Folkets bio. Jag ler. Det var en trevlig kv\u00e4ll. Jag hj\u00e4lpte till att riva biljetter och dela ut broschyrer om filmen. Vi \u00e4r ett s\u00e5dant trevligt g\u00e4ng volont\u00e4rer som m\u00f6ts i biografen varannan vecka.<\/p>\n<p><a href=\"http:\/\/kulturbloggen.com\/wp-content\/uploads\/2011\/11\/folketsbio.gif\"><img loading=\"lazy\" decoding=\"async\" class=\"alignright size-full wp-image-43250\" title=\"folketsbio\" src=\"http:\/\/kulturbloggen.com\/wp-content\/uploads\/2011\/11\/folketsbio.gif\" alt=\"\" width=\"236\" height=\"197\" \/><\/a>Jag hade sjunkit ner i en av de utslitna f\u00e5t\u00f6ljer och st\u00e4llt min krycka bredvid mig. Det var en underbar kv\u00e4ll, en av de f\u00f6rsta p\u00e5 l\u00e4nge d\u00e4r jag inte k\u00e4nde n\u00e5gon sm\u00e4rta i h\u00f6ften. Min nya sm\u00e4rtlindrande medicin verkade fungera bra, den lindade mjukt in benen i v\u00e4lm\u00e5ende.<br \/>\nOj, vad jag hade varit orolig den senaste veckan n\u00e4r en dov sm\u00e4rta b\u00f6rjade hamra inne i h\u00f6ften. Jag ville inte f\u00e5 en infektion i skelettet kring den nya h\u00f6ften.<br \/>\nEn kvinna sj\u00f6nk ner p\u00e5 f\u00e5t\u00f6ljen bredvid mig. Hon hade tv\u00e5 kryckor. Hon hade nyligen f\u00e5tt ett nytt kn\u00e4.<br \/>\n\u201dJag ser att du ocks\u00e5 har beh\u00f6ver st\u00f6d f\u00f6r att g\u00e5\u201d, sade hon.<br \/>\nJag ber\u00e4ttade att jag f\u00e5tt en ny h\u00f6ft. Det var f\u00f6r fj\u00e4rde g\u00e5ngen. F\u00f6rsta g\u00e5ngen n\u00e4r jag f\u00e5tt en ny h\u00f6ft hade jag legat p\u00e5 en stor sal. Sex kvinnor l\u00e5g i samma rum. En sjuksk\u00f6terska hade dragit av mig f\u00f6rbandet och skulle torka mot lite intorkad blod och skulle ge mig ett nytt f\u00f6rband. D\u00e5 ringde ett larm och sjuksk\u00f6terskan fick rusa iv\u00e4g. D\u00e4r fick jag ligga i en timme med \u00f6ppet s\u00e5r. Patienten bredvid hade en ruskig hosta. Hon hostade och jag h\u00f6rde hur slemmet bubblade inne i hennes br\u00f6st. Luften omkring henne var dimmig av fukt efter hostan.<\/p>\n<p>Inte vet jag om det beror p\u00e5 det, men jag fick en infektion i h\u00f6ftkulan. H\u00f6fter \u00e4r k\u00e4nsliga, har jag f\u00f6rst\u00e5tt. Att bakterier tog sig in d\u00e4r beh\u00f6ver inte alls bero p\u00e5 att jag blev smittad p\u00e5 sjukhuset. Jag kan ha en speciellt k\u00e4nslig kropp. Det ber\u00e4ttade l\u00e4karen tydligt och klart f\u00f6r mig. Nej, jag borde inte alls anm\u00e4la sjukhuset, tyckte han. N\u00e5gon unders\u00f6kning beh\u00f6vdes inte. Det var vanligt med infektioner i nya h\u00f6fter.<br \/>\nTyv\u00e4rr m\u00e5ste en infekterad h\u00f6ft bytas ut och det kan l\u00e4karen inte g\u00f6ra f\u00f6rr\u00e4n den l\u00e4kt ut, vilket tar \u00e5tta veckor.<\/p>\n<p>\u201dVilken otur du hade\u201d, sade kvinnan jag ber\u00e4ttade det f\u00f6r.<br \/>\nVi satt d\u00e4r i varsin f\u00e5t\u00f6lj och samtalade ganska l\u00e4nge. Kvinnan bj\u00f6d mig p\u00e5 en kopp te. De har tre sorter p\u00e5s-te att v\u00e4lja p\u00e5 d\u00e4r p\u00e5 biografen.<\/p>\n<p>F\u00f6r kvinnan var det f\u00f6rsta kn\u00e4operationen. Sj\u00e4lv har jag f\u00e5tt en ny h\u00f6ft f\u00f6r fj\u00e4rde g\u00e5ngen. Alla de tre tidigare g\u00e5ngerna har jag f\u00e5tt infektion i h\u00f6ften, vilket visar p\u00e5 att jag \u00e4r s\u00e4rskilt k\u00e4nslig, har l\u00e4karen p\u00e5pekat.<br \/>\nNej, nu vill jag inte t\u00e4nka p\u00e5 h\u00f6ften. Vi hade en s\u00e5dant trevligt samtal. Kvinnan hade sett alla lives\u00e4ndningar av opera som s\u00e4nts p\u00e5 en biograf n\u00e4ra Hornstull. T\u00e4nk att det g\u00e5r att se operaf\u00f6rest\u00e4llningar fr\u00e5n New York i direkts\u00e4ndning p\u00e5 svenska biografer.<br \/>\nD\u00e4remot var det f\u00f6rsta g\u00e5ngen denna v\u00e4nliga kvinnan var p\u00e5 Folkets bio. Jag ber\u00e4ttade om flera filmer jag sett senaste \u00e5ret. Hon lovade att komma tillbaka n\u00e4sta g\u00e5ng jag \u00e4r volont\u00e4r. Ja, hon fick mitt telefonnummer och ska ringa, vi ska tr\u00e4ffas en stund f\u00f6re filmen och ta en kopp te tillsammans d\u00e5 ocks\u00e5.<\/p>\n<p>Hoppsan, h\u00e4r snubblar jag till \u00f6ver en grop i gatan, men jag \u00e5terf\u00e5r snabbt balansen igen. Lite nerv\u00f6s \u00e4r jag. T\u00e4nk om jag skulle falla omkull och den nya h\u00f6ften skadas. Eller t\u00e4nk om det blir en infektion igen. Kanske de inte vill kosta p\u00e5 mig ytterligare en operation. Samh\u00e4llet kan tycka att det \u00e4r en on\u00f6dig kostnad f\u00f6r en gammal tant som jag.<br \/>\nDet vore tr\u00e5kigt. T\u00e4nk om jag inte kan ta mig till bion mer?<\/p>\n<p>&nbsp;<\/p>\n<p><em>Jag heter Tony<\/em><\/p>\n<p><a href=\"http:\/\/kulturbloggen.com\/wp-content\/uploads\/2011\/11\/knark.jpg\"><img loading=\"lazy\" decoding=\"async\" class=\"alignright size-medium wp-image-43256\" title=\"knark\" src=\"http:\/\/kulturbloggen.com\/wp-content\/uploads\/2011\/11\/knark-300x168.jpg\" border=\"0\" alt=\"\" width=\"300\" height=\"168\" \/><\/a>Mitt namn slutar p\u00e5 y. Det \u00e4r d\u00e4rf\u00f6r jag sitter h\u00e4r, i h\u00e4ktet. Skulle jag tro. Pojkar med namn som slutar p\u00e5 y blir mycket oftare kriminella \u00e4n andra, har jag l\u00e4st n\u00e5gonstans.<br \/>\nStrax kommer frukosten. Jag har inget emot att sitta h\u00e4r i h\u00e4ktet, om jag ska vara \u00e4rlig. Det \u00e4r lugnt och ingen br\u00e5kar med mig.<br \/>\nJag kommer nog att f\u00e5 sitta inl\u00e5st ett bra tag till. Om en vecka \u00e4r det dags f\u00f6r r\u00e4tteg\u00e5ng. Min advokat var h\u00e4r ig\u00e5r.<br \/>\n\u201dDen h\u00e4r g\u00e5ngen kan du inte r\u00e4kna med att d\u00f6mas till v\u00e5rd\u201d, sade han.<br \/>\nJag nickade. Jag ins\u00e5g det. Tv\u00e5 g\u00e5nger har jag f\u00e5tt st\u00e5 till svar inf\u00f6r en domstol tidigare. B\u00e5da g\u00e5ngerna har jag d\u00f6mts till v\u00e5rd. Jag hade stuckit en kniv i armen p\u00e5 en langare som lurat mig, den f\u00f6rsta g\u00e5ngen. Langaren hade s\u00e5lt riktigt smutsigt pulver till mig och min v\u00e4n. Min v\u00e4n dog av en \u00f6verdos och jag hade som tur var inte hunnit f\u00e5 i mig av pulvret. Att jag d\u00e5 i mitt f\u00f6rvirrade tillst\u00e5nd ville h\u00e4mnas p\u00e5 langaren var n\u00e5got som gubbarna och tanterna i domstolen kunde f\u00f6rst\u00e5. Kanske f\u00f6r att det var en langare jag stuckit.<br \/>\n<a href=\"http:\/\/kulturbloggen.com\/wp-content\/uploads\/2011\/11\/mobiltelefon.jpg\"><img loading=\"lazy\" decoding=\"async\" class=\"alignright size-full wp-image-43286\"  border=\"0\" title=\"mobiltelefon\" src=\"http:\/\/kulturbloggen.com\/wp-content\/uploads\/2011\/11\/mobiltelefon.jpg\" alt=\"\" width=\"300\" height=\"300\" \/><\/a>Andra g\u00e5ngen hade jag varit i slagsm\u00e5l med en sm\u00e5tjuv som stulit min mobil. Det var inte det att jag brydde mig om mobiltelefon, det var bara det att jag f\u00e5tt mobilen i julklapp av min mormor.<br \/>\nMormor \u00e4r nog den enda som riktigt bryr sig om mig. N\u00e4r morsan sl\u00e4ngde ut mig kunde jag alltid komma till mormor och f\u00e5 lite mat. Det var nog d\u00e4rf\u00f6r jag inte svultit ihj\u00e4l de veckor n\u00e4r jag bodde p\u00e5 gatan.<\/p>\n<p>En tredje g\u00e5ng kommer domstolen aldrig att g\u00e5 med p\u00e5 att d\u00f6ma mig till v\u00e5rd. Det jag gjort den h\u00e4r g\u00e5ngen har dessutom inte drabbat n\u00e5gra langare. Jag var med och r\u00e5nade en bank. En attack mot samh\u00e4llets viktiga personer.<br \/>\nJag bryr mig inte om att jag kommer att hamna i f\u00e4ngelse. Jag har gjort m\u00e5nga dumma saker som jag inte \u00e5kt fast f\u00f6r. Det absurda \u00e4r att jag den h\u00e4r g\u00e5ngen gjorde det av goda sk\u00e4l.<\/p>\n<p>&nbsp;<\/p>\n<p>Mormor hade f\u00e5tt infektion i sin h\u00f6ft &#8211; igen. Hon beh\u00f6vde en operation. Varje g\u00e5ng en gammal m\u00e4nniska opereras \u00e4r en stor risk.<\/p>\n<p>En gammal klasskamrat till mig som inte vet hur nerdekad jag \u00e4r har flyttat in i ett radhus n\u00e4ra fritidsg\u00e5rden vi brukade h\u00e4nga i. \u00c5h vad kul vi hade d\u00e5. Hon sj\u00f6ng i v\u00e5rt punkband. Undrar hur livet hade blivit om jag fortsatt med musiken? Hon jobbar som ljudtekniker nu och spelar i ett band ocks\u00e5. Hon \u00e4r dessutom engagerad i politik. Hur hinner hon med allt?<\/p>\n<p>Jag tror hon \u00e4r v\u00e4nsterpartist, hon brukar jobba extra, gratis, p\u00e5 sin fritid p\u00e5 en mottagning f\u00f6r m\u00e4nniskor som bor i Sverige utan uppeh\u00e5llstillst\u00e5nd. Dessa m\u00e4nniskor f\u00e5r inte v\u00e5rd p\u00e5 vanliga sjukhus, de har ju inget personnummer.<br \/>\nVi tr\u00e4ffade varandra p\u00e5 stan, av en ren slump. Hon bj\u00f6d p\u00e5 en fika. Hon ber\u00e4ttade att hon hade tr\u00e4ffat min mormor och att mormor hade ber\u00e4ttat om sina h\u00f6fter.<br \/>\n\u201dHon m\u00e5ste f\u00e5 en operation p\u00e5 ett privatsjukhus d\u00e4r hon f\u00e5r ligga p\u00e5 enskild sal. Annars blir hon smittad igen\u201d, f\u00f6rklarade min gamla skolkamrat.<\/p>\n<p>Jag fick ont i magen n\u00e4r hon sade det. Samma kv\u00e4ll gick jag till en pub d\u00e4r jag vet att riktigt tuffa killar finns. Jag pratade med n\u00e5gra och det tog n\u00e5gon vecka och sedan fick jag chansen att vara med p\u00e5 ett riktigt bankr\u00e5n.<\/p>\n<p>&nbsp;<\/p>\n<p>&nbsp;<\/p>\n<p><em>Jag heter Johanna<\/em><br \/>\nFolket st\u00e5r d\u00e4rutanf\u00f6r. De k\u00f6ar. Jag ser dem genom f\u00f6nstret. En del av dem ska nog s\u00e4ga upp sina konton hos oss. Jag f\u00f6rst\u00e5r dem. Det ser illa ut. Nordea betalar ingen r\u00e4nta \u00e5t sina kunder, de som har sina l\u00f6nekonton hos oss f\u00e5r ingen r\u00e4nta p\u00e5 insatta pengar. Samtidigt har v\u00e5ra chefer f\u00e5tt enorma l\u00f6ner och f\u00e5tt avtal som garanterar dem j\u00e4ttefina pensioner.<\/p>\n<p>Jag sk\u00e4ms f\u00f6r att jag jobbar h\u00e4r. Fast jag vet ju att alla banker g\u00f6r likadant. Det var ren slump att det blev just Nordea f\u00f6r mig. Eller slump och slump.<\/p>\n<p>Jag jobbade p\u00e5 fritids. Jag tyckte det var viktigt att ungdomar fick kontakt med bra vuxna. Jag f\u00e4ste mig vid n\u00e5gra av ungdomar lite mer. En av dem jag minns hette Tony. Han hade l\u00e5ngt rakt blont h\u00e5r i b\u00f6rjan, sedan f\u00e4rgade han det kolsvart. S\u00e5 klart. Han var liten f\u00f6r sin \u00e5lder. Det f\u00f6rs\u00f6kte han kompensera genom att vara modig och rent av lite dumdristig. Han kl\u00e4ttrade upp p\u00e5 t\u00e5g och han gick till och med balansg\u00e5ng p\u00e5 en bro en g\u00e5ng.<br \/>\nF\u00f6rst n\u00e4r han b\u00f6rjade h\u00e4nga p\u00e5 fritids var han pigg men blyg. Alla gillade honom. Han kom snabbt med i tv\u00e5 band, ett punkband och ett mer metalband. Han repade med banden. <\/p>\n<p><a href=\"http:\/\/kulturbloggen.com\/wp-content\/uploads\/2011\/11\/punkare.jpg\"><img loading=\"lazy\" decoding=\"async\" src=\"http:\/\/kulturbloggen.com\/wp-content\/uploads\/2011\/11\/punkare-300x200.jpg\" alt=\"\" title=\"punkare\" width=\"300\" height=\"200\" class=\"alignright size-medium wp-image-43254\" \/><\/a>Men jag s\u00e5g det h\u00e4nda. Sakta men s\u00e4kert. Trummisen i metalbandet bj\u00f6d honom p\u00e5 hasch.<br \/>\n\u201dWow, det h\u00e4r \u00e4r min grej\u201d, sade Tony en g\u00e5ng om haschet.<br \/>\nInte till mig, f\u00f6rst\u00e5s. Hans flickv\u00e4n ber\u00e4ttade det. Hon f\u00f6rs\u00f6kte f\u00e5 med honom till Maria ungdom f\u00f6r att sluta. Han slutade att k\u00e4mpa i skolan och han slutade med det mesta, han ville bara r\u00f6ka. Han blev utkastad ur b\u00e5da banden. De ville inte ha med en gitarrist i bandet som inte kom i tid till repetitioner. Som till och med struntade att komma till en bokad spelning en g\u00e5ng.<br \/>\n\u201dHur kommer det sig att trummisen kan r\u00f6ka hasch ibland och inte bli konstig, men Tony \u00e4r helt f\u00f6rst\u00f6rd?\u201d undrade hans flickv\u00e4n.<br \/>\nDet finns inget svar p\u00e5 det. Jag kan inte svara p\u00e5 det i alla fall.<\/p>\n<p>Att jag slutade p\u00e5 fritids beror inte p\u00e5 att jag tappade tron p\u00e5 ungdomarna. Jag ledsnade f\u00f6r att vi inte fick resurser att g\u00f6ra n\u00e5got bra. F\u00f6rst drog de ned p\u00e5 replokalerna, vi fick inte resurser att h\u00e5lla lokalerna i bra skick. Efter ett tag tvingades vi att ta betalt av banden f\u00f6r att de skulle f\u00e5 tillg\u00e5ng till replokaler. Vilka ungdomar har r\u00e5d att betala hyra?<br \/>\nSedan drog de ner p\u00e5 personalen. Vi blev f\u00e4rre och hann inte sitta ned och lyssna p\u00e5 ungdomarna l\u00e4ngre.<\/p>\n<p>Jag fick familj och l\u00f6nen som fritidsledare \u00e4r inte h\u00f6g. Min man peppade mig, jag l\u00e4ste ekonomi p\u00e5 universitetet och fick jobb p\u00e5 bank. Tyv\u00e4rr misst\u00e4nker jag att farfar haft en finger med i spelet n\u00e4r jag fick det jobbet. Det retar mig. Han tror att vi ska \u00e4ta lunch tillsammans idag. Jag v\u00e4grar.<\/p>\n<p>S\u00e5 h\u00e4r st\u00e5r jag och ska strax sl\u00e4ppa in folket.<\/p>\n<p><a href=\"http:\/\/kulturbloggen.com\/wp-content\/uploads\/2011\/11\/punkare.jpg\"><br \/>\n<span class=\"Apple-style-span\" style=\"color: #000000; -webkit-text-decorations-in-effect: none;\">&#8212;&#8212;<\/span><\/a><\/p>\n<p>Relaterat:<br \/>\n<a href=\"http:\/\/www.e24.se\/analys\/de-tondova-bolagen-ignorerar-kunderna_3149958.e24\">Aftonbladet\/ E24<\/a>, <a href=\"http:\/\/www.e24.se\/analys\/mygelpamparnas-sallskap_3162566.e24\">Aftonbladet\/E24 &#8211; 2<\/a>, <a href=\"http:\/\/www.expressen.se\/nyheter\/1.2612876\/jonas-sjostedt-v-byter-bank-i-protest\">Expressen 1<\/a>, <a href=\"http:\/\/www.expressen.se\/nyheter\/1.2612731\/facket-rasar-mot-wahlroos-uttalanden-om-lyxvaning\">EXPR2<\/a>, <a href=\"http:\/\/www.expressen.se\/nyheter\/1.2612009\/skulle-garna-hoja-clausens-lon\">EXPRE3<\/a>, <a href=\"http:\/\/www.expressen.se\/nyheter\/1.2611837\/nordeas-vd-far-100-miljoner-i-pension\">EXPR4 <\/a>, <a href=\"http:\/\/www.dn.se\/ekonomi\/blekt-g20-mote-i-greklands-skugga\">Dagens Nyheter<br \/>\n<\/a>, <a href=\"http:\/\/svt.se\/2.22584\/1.2591917\/papandreou_koalitionssamtal_inleds_snart\">SVT1<\/a>, <a href=\"http:\/\/www.svd.se\/naringsliv\/expert-koalitionssamtal-nyckelkomponent_6611834.svd\">SVD<\/a>.<\/p>\n<p>L\u00e4s \u00e4ven andra bloggares \u00e5sikter om <a href=\"http:\/\/bloggar.se\/om\/Nordea\" rel=\"tag\">Nordea<\/a>, <a href=\"http:\/\/bloggar.se\/om\/Wahlroos\" rel=\"tag\">Wahlroos<\/a>, <a href=\"http:\/\/bloggar.se\/om\/Grekland\" rel=\"tag\">Grekland<\/a>, <a href=\"http:\/\/bloggar.se\/om\/samh%E4lle\" rel=\"tag\">samh\u00e4lle<\/a>, <a href=\"http:\/\/bloggar.se\/om\/politik\" rel=\"tag\">politik<\/a>, <a href=\"http:\/\/bloggar.se\/om\/m%E4nsklighet\" rel=\"tag\">m\u00e4nsklighet<\/a>, <a href=\"http:\/\/bloggar.se\/om\/klyftor\" rel=\"tag\">klyftor<\/a>, <a href=\"http:\/\/bloggar.se\/om\/novell\" rel=\"tag\">novell<\/a><\/p>\n","protected":false},"excerpt":{"rendered":"<p>Bj\u00f6rn Wahlroos, ordf\u00f6rande i Nordea, har f\u00e5tt en hel del kritik senaste veckan. Hans sj\u00e4lv och ledningen i Nordea lyfter gigantiska pensioner. Dessutom har han k\u00f6pt en lyxl\u00e4genhet p\u00e5 \u00d6stermalm till Nordeas vd Christian Clausen. Tja, det finns mycket att s\u00e4ga om detta. Alla banker g\u00f6r likadant. Ledningen f\u00f6r stora f\u00f6retag, likas\u00e5. \u00c4r det ett [&hellip;]<\/p>\n","protected":false},"author":2,"featured_media":0,"comment_status":"open","ping_status":"open","sticky":false,"template":"","format":"standard","meta":{"_genesis_hide_title":false,"_genesis_hide_breadcrumbs":false,"_genesis_hide_singular_image":false,"_genesis_hide_footer_widgets":false,"_genesis_custom_body_class":"","_genesis_custom_post_class":"","_genesis_layout":"","footnotes":""},"categories":[44,62],"tags":[2095,2962,3900,4024,4044,12284,4917,6330],"class_list":{"0":"post-43240","1":"post","2":"type-post","3":"status-publish","4":"format-standard","6":"category-chadie","7":"category-medie-och-kulturpolitik","8":"tag-grekland","9":"tag-klyftor","10":"tag-mansklighet","11":"tag-nordea","12":"tag-novell","13":"tag-politik","14":"tag-samhalle","15":"tag-wahlroos","16":"entry"},"_links":{"self":[{"href":"https:\/\/kulturbloggen.com\/index.php?rest_route=\/wp\/v2\/posts\/43240","targetHints":{"allow":["GET"]}}],"collection":[{"href":"https:\/\/kulturbloggen.com\/index.php?rest_route=\/wp\/v2\/posts"}],"about":[{"href":"https:\/\/kulturbloggen.com\/index.php?rest_route=\/wp\/v2\/types\/post"}],"author":[{"embeddable":true,"href":"https:\/\/kulturbloggen.com\/index.php?rest_route=\/wp\/v2\/users\/2"}],"replies":[{"embeddable":true,"href":"https:\/\/kulturbloggen.com\/index.php?rest_route=%2Fwp%2Fv2%2Fcomments&post=43240"}],"version-history":[{"count":0,"href":"https:\/\/kulturbloggen.com\/index.php?rest_route=\/wp\/v2\/posts\/43240\/revisions"}],"wp:attachment":[{"href":"https:\/\/kulturbloggen.com\/index.php?rest_route=%2Fwp%2Fv2%2Fmedia&parent=43240"}],"wp:term":[{"taxonomy":"category","embeddable":true,"href":"https:\/\/kulturbloggen.com\/index.php?rest_route=%2Fwp%2Fv2%2Fcategories&post=43240"},{"taxonomy":"post_tag","embeddable":true,"href":"https:\/\/kulturbloggen.com\/index.php?rest_route=%2Fwp%2Fv2%2Ftags&post=43240"}],"curies":[{"name":"wp","href":"https:\/\/api.w.org\/{rel}","templated":true}]}}