{"id":4322,"date":"2008-11-11T10:21:06","date_gmt":"2008-11-11T09:21:06","guid":{"rendered":"http:\/\/kulturbloggen.com\/?p=4322"},"modified":"2008-11-11T10:21:06","modified_gmt":"2008-11-11T09:21:06","slug":"att-bolagen-inte-vill-anpassa-pris-och-utbud-efter-marknaden-ska-de-ge-dem-ratt-att-bli-poliser","status":"publish","type":"post","link":"https:\/\/kulturbloggen.com\/?p=4322","title":{"rendered":"Att bolagen inte vill anpassa pris och utbud efter marknaden, ska de ge dem r\u00e4tt att bli poliser?"},"content":{"rendered":"<p>Den svenska h\u00f6gerregeringen \u00e4r redo att inf\u00f6ra en lag som ger upphovsr\u00e4ttsinnehavare r\u00e4tt att f\u00e5 polisbefogenheter i jakten p\u00e5 fildelare. Musikbolag och filmbolag som misst\u00e4nker att n\u00e5gon fildelar har r\u00e4tt att g\u00e5 till internetleverant\u00f6ren och beg\u00e4ra ut den datorns internetuppkopplings IP-nummer.<\/p>\n<p>Ni h\u00f6r v\u00e4l sj\u00e4lva hur r\u00e4ttsos\u00e4kert det l\u00e5ter. Om grannen surfar p\u00e5 mitt tr\u00e5dl\u00f6sa och laddar ner en skiva fr\u00e5n en piratsajt, ska jag straffas f\u00f6r det?<\/p>\n<p>Jag tycker sj\u00e4lvklart att den som skapat musik ska kunna f\u00e5 betalt f\u00f6r det. Jag tycker sj\u00e4lvklart att ett filmbolag och alla dess inblandade ska f\u00e5 l\u00f6n f\u00f6r all m\u00f6da och kreativiteten. Men vad s\u00e4ger att de ska ha r\u00e4tt att s\u00e4tta vilka priser de vill?<\/p>\n<p>Som det \u00e4r nu \u00e4r priserna f\u00f6r h\u00f6ga.<\/p>\n<p>Det \u00e4r usel, usel service ocks\u00e5.<\/p>\n<p><strong>Nysl\u00e4ppta album<\/strong> kan ta flera dagar innan de kommer till Sverige. Jag gillar att ha cd-skivor och har m\u00e5nga, m\u00e5nga g\u00e5nger sprungit till skivbutiken p\u00e5 releasedagen f\u00f6r att k\u00f6pa en skiva. Som inte kommit till Sverige \u00e4n, fast det varit utlovat.<\/p>\n<p><a href=\"http:\/\/sodergren.com\/kulturbloggen\/wp-content\/uploads\/2008\/11\/filmer.jpg\"><img loading=\"lazy\" decoding=\"async\" src=\"http:\/\/sodergren.com\/kulturbloggen\/wp-content\/uploads\/2008\/11\/filmer-150x150.jpg\" alt=\"\" title=\"filmer\" width=\"150\" height=\"150\" class=\"alignright size-thumbnail wp-image-4324\" \/><\/a>F\u00f6r att inte prata om alla filmer som inte finns tillg\u00e4ngliga p\u00e5 dvd f\u00f6rr\u00e4n ett \u00e5r efter de sl\u00e4ppts p\u00e5 bio och flera m\u00e5nader efter dvd-releasen i USA.<\/p>\n<p>Vad \u00e4r det som s\u00e4ger att upphovsr\u00e4ttsinnehavarna inte ska anpassa sig efter vad marknaden vill ha?<\/p>\n<p><strong>Vi vill kunna k\u00f6pa skivor<\/strong> och filmer snabbare &#8211; och vi vill kunna k\u00f6pa filmer digitalt och se i v\u00e5ra hemmabio-anl\u00e4ggningar.<\/p>\n<p>Och priserna \u00e4r alldeles f\u00f6r h\u00f6ga. Det g\u00e4ller i synnerhet tv-spel.<\/p>\n<p>Att ha upphovsr\u00e4tt betyder det att f\u00f6r evigt ha r\u00e4tt att s\u00e4tta f\u00f6r h\u00f6ga priser och att f\u00e5 dela in v\u00e4rlden i olika regioner med olika priser?<\/p>\n<p>I bloggv\u00e4rlden har detta tagits upp om och om och om igen och varnats och skrikits. Men det \u00e4r s\u00e5  tyst, s\u00e5 tyst i medierna, <a href=\"http:\/\/www.aftonbladet.se\/nyheter\/article3740729.ab\">bara Aftonbladet \u00e4r vaken<\/a>, som har dragit ig\u00e5ng en bevakning av debatten kring nya fildelningslagen.<\/p>\n<blockquote><p>En v\u00e5ldsam debatt om \u201dIPRED-lagen\u201d rasar p\u00e5 Aftonbladet Snack.<br \/>\nMajoriteten av l\u00e4sarna s\u00e5gar lagen, men m\u00e5nga st\u00f6djer den ocks\u00e5.<br \/>\n\u2013 ALLA argument f\u00f6r fildelning som frekvent publiceras h\u00e4r och p\u00e5 liknande forum \u00e4r uppenbart tafatta f\u00f6rs\u00f6k till att r\u00e4ttf\u00e4rdiga det faktum att man stj\u00e4l fr\u00e5n upphovsm\u00e4n, skriver signaturen \u201dLipService\u201d.<\/p><\/blockquote>\n<p>Debatten passerar l\u00e5gvattenm\u00e4rket n\u00e4r en av f\u00f6rsvararna av fildelningslagen kallar alla fildelare f\u00f6r sm\u00e5ungar.<\/p>\n<p>Det \u00e4r v\u00e4rt att notera att \u00f6vriga medier tiger. DN exempelvis \u00e4gs ju av Bonnier. \u00c4r det f\u00f6rklaringen till varf\u00f6r de tiger? Bonnier \u00e4ger bokf\u00f6rlag som &#8221;hotas&#8221; av minskade int\u00e4kter f\u00f6r att ljudb\u00f6cker kan fildelas.<\/p>\n<p><strong>Eller f\u00f6rst\u00e5r redaktionen inte<\/strong> hur r\u00e4ttsos\u00e4ker den nya lagen \u00e4r? Sj\u00e4lv k\u00f6per jag cd-skivor f\u00f6r jag \u00e4r gammaldags nog att vilja ha skivan. De l\u00e5tar jag inte vill k\u00f6pa lyssnar jag lagligt p\u00e5 via Spotify och via musikbutiken i min mobiltelefon. Jag gillar inte att se p\u00e5 film p\u00e5 datorn s\u00e5 att ladda ner filmer den v\u00e4gen \u00e4r inte n\u00e5got f\u00f6r mig. Men jag retar mig s\u00e5 ofta p\u00e5 att filmerna inte finns tillg\u00e4ngliga att k\u00f6pa digitalt till tv:n. D\u00e4r en aff\u00e4rsid\u00e9!<\/p>\n<p>Men jag riskerar att s\u00e4ttas fast ifall n\u00e5gon granne skulle fildela p\u00e5 mitt tr\u00e5dl\u00f6sa n\u00e4tverk. Det \u00e4r ren och sk\u00e4r diskriminering.<\/p>\n<p>Och varf\u00f6r i allsin dar ska en part i ett m\u00e5l f\u00e5 polisbefogenheter? Sj\u00e4lv blev jag r\u00e5nad p\u00e5 centralstationen i Stockholm f\u00f6r ett halv\u00e5r sedan och polisen har lagt ner f\u00f6runders\u00f6kningen. Jag vet precis var man kan hitta r\u00e5narna, de snirklar runt p\u00e5 centralstationen l\u00f6nedagarna varje m\u00e5nad. Varf\u00f6r f\u00e5r jag inte polisbefogenhet att s\u00e4tta fast dem?<\/p>\n<p>I ett r\u00e4tts\u00e4kert samh\u00e4lle \u00e4r det polisen och enbart polisen som ska ha polisbefogenheter.<\/p>\n<p>Att de stora musik-, film- och tv-spelsbolagen inte vill anpassa sitt utbud efter marknaden, det ska inte staten g\u00e5 in och styra. Det b\u00f6rjar lukta kommunism, banne mej.<\/p>\n<p>N\u00e5gra andra bloggar om detta:<br \/>\n<a href=\"http:\/\/blogg.aftonbladet.se\/1\/perma\/1014419\/\">Bloggv\u00e4rldsbloggen<\/a>,  <a href=\"http:\/\/aktieskolan.biz\/?p=411\">Aktieskolan,<\/a> <a href=\"http:\/\/enmilsten.blogspot.com\/2008\/11\/fildelning-r-inte-mord-men-nra-nog.html\">En milsten<\/a>, <a href=\"http:\/\/scriptorium.se\/josh\/2008\/11\/10\/ipred-oppnar-en-avgrund\/\">Enligt min Humla<\/a>, <a href=\"http:\/\/www.metrobloggen.se\/jsp\/public\/permalink.jsp?article=19.5557985\">Blondinhoran<\/a>, <a href=\"http:\/\/christianengstrom.wordpress.com\/2008\/11\/10\/stoppa-ipred-nu\/\">Christian Engstr\u00f6m<\/a>, <a href=\"http:\/\/minamoderatakarameller.blogspot.com\/2008\/11\/nu-handlar-det-fr-mycket-om-alexander.html\">Mina Moderata Karameller<\/a>.<\/p>\n<p>Andra bloggar om: <a href=\"http:\/\/bloggar.se\/om\/fildelningslagen\" rel=\"tag\">fildelningslagen<\/a>, <a href=\"http:\/\/bloggar.se\/om\/IPRED\" rel=\"tag\">IPRED<\/a>, <a href=\"http:\/\/bloggar.se\/om\/piratfr%E5gor\" rel=\"tag\">piratfr\u00e5gor<\/a>, <a href=\"http:\/\/bloggar.se\/om\/fildelningm\" rel=\"tag\">fildelningm<\/a>, <a href=\"http:\/\/bloggar.se\/om\/upphovsr%E4tt\" rel=\"tag\">upphovsr\u00e4tt<\/a>, <a href=\"http:\/\/bloggar.se\/om\/piratpartiet\" rel=\"tag\">piratpartiet<\/a>, <a href=\"http:\/\/bloggar.se\/om\/marknaden\" rel=\"tag\">marknaden<\/a>, <a href=\"http:\/\/bloggar.se\/om\/pris\" rel=\"tag\">pris<\/a>, <a href=\"http:\/\/bloggar.se\/om\/regioner\" rel=\"tag\">regioner<\/a>, <a href=\"http:\/\/bloggar.se\/om\/tv-spel\" rel=\"tag\">tv-spel<\/a>, <a href=\"http:\/\/bloggar.se\/om\/filmbolag\" rel=\"tag\">filmbolag<\/a>, <a href=\"http:\/\/bloggar.se\/om\/diskriminering\" rel=\"tag\">diskriminering<\/a><\/p>\n","protected":false},"excerpt":{"rendered":"<p>Den svenska h\u00f6gerregeringen \u00e4r redo att inf\u00f6ra en lag som ger upphovsr\u00e4ttsinnehavare r\u00e4tt att f\u00e5 polisbefogenheter i jakten p\u00e5 fildelare. Musikbolag och filmbolag som misst\u00e4nker att n\u00e5gon fildelar har r\u00e4tt att g\u00e5 till internetleverant\u00f6ren och beg\u00e4ra ut den datorns internetuppkopplings IP-nummer. Ni h\u00f6r v\u00e4l sj\u00e4lva hur r\u00e4ttsos\u00e4kert det l\u00e5ter. Om grannen surfar p\u00e5 mitt tr\u00e5dl\u00f6sa [&hellip;]<\/p>\n","protected":false},"author":2,"featured_media":0,"comment_status":"open","ping_status":"open","sticky":false,"template":"","format":"standard","meta":{"_genesis_hide_title":false,"_genesis_hide_breadcrumbs":false,"_genesis_hide_singular_image":false,"_genesis_hide_footer_widgets":false,"_genesis_custom_body_class":"","_genesis_custom_post_class":"","_genesis_layout":"","footnotes":""},"categories":[62],"tags":[1709,1710,2550,4377,36],"class_list":{"0":"post-4322","1":"post","2":"type-post","3":"status-publish","4":"format-standard","6":"category-medie-och-kulturpolitik","7":"tag-fildelningm","8":"tag-fildelningslagen","9":"tag-ipred","10":"tag-piratfragor","11":"tag-upphovsratt-nyheter","12":"entry"},"_links":{"self":[{"href":"https:\/\/kulturbloggen.com\/index.php?rest_route=\/wp\/v2\/posts\/4322","targetHints":{"allow":["GET"]}}],"collection":[{"href":"https:\/\/kulturbloggen.com\/index.php?rest_route=\/wp\/v2\/posts"}],"about":[{"href":"https:\/\/kulturbloggen.com\/index.php?rest_route=\/wp\/v2\/types\/post"}],"author":[{"embeddable":true,"href":"https:\/\/kulturbloggen.com\/index.php?rest_route=\/wp\/v2\/users\/2"}],"replies":[{"embeddable":true,"href":"https:\/\/kulturbloggen.com\/index.php?rest_route=%2Fwp%2Fv2%2Fcomments&post=4322"}],"version-history":[{"count":0,"href":"https:\/\/kulturbloggen.com\/index.php?rest_route=\/wp\/v2\/posts\/4322\/revisions"}],"wp:attachment":[{"href":"https:\/\/kulturbloggen.com\/index.php?rest_route=%2Fwp%2Fv2%2Fmedia&parent=4322"}],"wp:term":[{"taxonomy":"category","embeddable":true,"href":"https:\/\/kulturbloggen.com\/index.php?rest_route=%2Fwp%2Fv2%2Fcategories&post=4322"},{"taxonomy":"post_tag","embeddable":true,"href":"https:\/\/kulturbloggen.com\/index.php?rest_route=%2Fwp%2Fv2%2Ftags&post=4322"}],"curies":[{"name":"wp","href":"https:\/\/api.w.org\/{rel}","templated":true}]}}