{"id":42982,"date":"2011-10-30T15:15:48","date_gmt":"2011-10-30T13:15:48","guid":{"rendered":"http:\/\/kulturbloggen.com\/?p=42982"},"modified":"2011-10-30T15:15:48","modified_gmt":"2011-10-30T13:15:48","slug":"mozart%c2%b4s-don-giovanni-blev-en-riktig-succeforestallning-sakert-den-basta-uppsattning-som-jag-har-sett","status":"publish","type":"post","link":"https:\/\/kulturbloggen.com\/?p=42982","title":{"rendered":"Mozart\u00b4s &#8221;Don Giovanni&#8221; blev en riktig succ\u00e9f\u00f6rest\u00e4llning &#8211; s\u00e4kert den b\u00e4sta upps\u00e4ttning, som jag har sett"},"content":{"rendered":"<p><a href=\"http:\/\/kulturbloggen.com\/wp-content\/uploads\/2011\/10\/dongiovannimetropolitanoperaspegeln2.jpg\"><img loading=\"lazy\" decoding=\"async\" class=\"aligncenter size-medium wp-image-42986\" src=\"http:\/\/kulturbloggen.com\/wp-content\/uploads\/2011\/10\/dongiovannimetropolitanoperaspegeln2-300x98.jpg\" alt=\"\" width=\"300\" height=\"98\" \/><\/a><\/p>\n<p>Don Giovanni opera av W A Mozart<br \/>\nBiograf Spegeln i Malm\u00f6 en av Folkets Hus\/Parkers digitala biografer<br \/>\nL\u00f6rdag 29 oktober 19:00<\/p>\n<p>Bara i \u00e5r har jag sett W A Mozart\u00b4s \u201dDon Giovanni\u201d vid fyra olika tillf\u00e4llen om jag inkluderar Kasper Holtens operafilm \u201dJUAN\u201d som ju i grunden \u00e4r \u201dDon Giovanni\u201d. M\u00e5nga anser ju att detta \u00e4r hans b\u00e4sta verk och en del kallar ju \u201dDon Giovanni\u201d f\u00f6r operornas opera. Om detta kan man givetvis ha delade uppfattningar om, men jag r\u00e4knar den definitivt till hans b\u00e4sta, och helt klart \u00e4r ju att det \u00e4r f\u00e5 verk d\u00e4r de mest ljuvliga ariorna kommer som i ett p\u00e4rlband.<\/p>\n<p>I g\u00e5r kv\u00e4ll blev det allts\u00e5 femte g\u00e5ngen gillt. Skall jag vara helt \u00e4rlig s\u00e5 gick jag till Spegeln utan att ha n\u00e5gra speciellt h\u00f6ga f\u00f6rv\u00e4ntningar, men det var givetvis aldrig aktuellt att inte g\u00e5. En del av mina tveksamheter till bes\u00f6ket ligger i det faktum att det var en nyinstudering och att de flesta s\u00e5ngarna var f\u00f6r mig helt ok\u00e4nda, men det brukar ju de flesta s\u00e5ngarna p\u00e5 Metropolitan vara. Detta \u00e4r oftast inget problem utan jag brukar kunna r\u00e4kna med att rollbes\u00e4ttningen alltid g\u00f6rs med utg\u00e5ngspunkt fr\u00e5n att man anv\u00e4nder de b\u00e4sta s\u00e5ngarna som finns tillg\u00e4ngliga. G\u00e5rdagen utgjorde inget undantag!<\/p>\n<p>Det fanns ingen som helst anledning till n\u00e5gon oro utan jag kan enkelt utn\u00e4mnda denna f\u00f6rest\u00e4llning till den b\u00e4sta \u201dDon Giovanni\u201d &#8211; f\u00f6rest\u00e4llning som jag har sett. Det var en rakt igenom helt fantastiskt fin operaupplevelse- med ett ensemblespel p\u00e5 allra h\u00f6gsta niv\u00e5 samtidigt som det fanns mycket fina enskilda solistprestationer p\u00e5 alla h\u00e4nder. Det \u00e4r sv\u00e5rt och n\u00e4stan om\u00f6jligt att framh\u00e5lla n\u00e5gon enskild prestation, men om jag skulle bli h\u00e4rtill n\u00f6dd och tvungen (som en viss biskop) s\u00e5 \u00e4r det ingen tvekan om att det f\u00e5r bli Ram\u00f3n Vargas insats som Don Ottavio i slutet av f\u00f6rsta akten (Dalla sua pace). Efter arian v\u00e4nder han ryggen till publiken och g\u00e5r in genom husen. Fantastiskt \u00e4r ordet.<\/p>\n<p>Till den utm\u00e4rkta operaupplevelsen bidrar i allra h\u00f6gsta grad den eleganta scenografin signerad Christopher Oram. Scenografi f\u00f6rest\u00e4llde i princip n\u00e5gra tidstypiska hus i d\u00e5tidens Spanien och s\u00e4rskilt elegant var det att f\u00e5 se delar av orkestern ikl\u00e4dd tidstypiska peruker i andra akten. \u00d6verhuvudtaget tycker jag att den scenografiska l\u00f6sningen v\u00e4l infogade i den teaterm\u00e4ssiga handlingen.<\/p>\n<p>Rollistan inneh\u00e5ller \u00e5tta s\u00e5ngare plus delar av operak\u00f6ren och det som bidrar till den utm\u00e4rkta upplevelsen \u00e4r enligt min uppfattning att vi fick se operans handling framskrida med alla agerande i olika scener och h\u00e4r t\u00e4nker jag fr\u00e4mst p\u00e5 att Zerlina och Masetto fick ett spelutrymme som jag annars inte brukar uppfatta i andra f\u00f6rest\u00e4llningar Till upplevelsen bidrar ju ocks\u00e5 den starka s\u00e5ngliga och sceniska framst\u00e4llningen av Mojca Erdmann, som sj\u00f6ng Zerlina och Joshua Bloom som sj\u00f6ng Masetto. Framf\u00f6rallt Masetto var lika fint tecknad som Ram\u00f3n Vargas don Ottavio. Mojca Erdmann \u00f6verraskade med ett alldeles f\u00f6rtjusande s\u00e5ngligt framf\u00f6rande. Det skall bli sp\u00e4nnande att f\u00e5 m\u00f6jlighet att se dessa i framtiden.<\/p>\n<p>\u00c5terst\u00e5r att skriva n\u00e5got om operans huvudroller n\u00e4mligen Don Giovanni och Leporello och d\u00e4r finns det bara positiva omd\u00f6men att skriva och det m\u00e4rktes att herrarna var v\u00e4l samsjungna med varandra och sceniskt l\u00e4mnar det inte mycket i \u00f6vrigt att \u00f6nska.<\/p>\n<p>Donna Anna och donna Elvira sj\u00f6ngs av Marina Rebeka medan Barbara Frittoli sj\u00f6ng den sistn\u00e4mnde. Inte heller h\u00e4r finns n\u00e5got att anm\u00e4rka p\u00e5 tv\u00e4rtom och s\u00e4rskilt efter donna Annas sista aria fick vi anledning att dra p\u00e5 munnen. Den arian som hon f\u00f6rklarar f\u00f6r sin \u00e4lskade Don Ottavio att hon beh\u00f6ver mer tid innan hon kan samtycka till deras gifterm\u00e5l.<\/p>\n<p>Stefan Koc\u00e1n avslutade sin aria med samma starka insats som Milos Foremans film \u201dAmadeus\u201d gjorde. Det var magnifikt!<\/p>\n<p>Avslutningsvis kan jag ocks\u00e5 konstatera at Metropolitans orkester och k\u00f6r under ledning av den nye musikchefen, Fabio Luisi, var p\u00e5 sitt allra b\u00e4sta spelhum\u00f6r, men de l\u00e4mnar ju aldrig efter sig ett d\u00e5ligt hantverk.<\/p>\n<p>Detta inl\u00e4gg avslutas med ett citat av min operav\u00e4n i Lidk\u00f6ping Bj\u00f6rn Ekbloms uppfattning som jag hel och fullt delar, s\u00e4rskilt med det sista till\u00e4gget.<\/p>\n<blockquote><p>Metropolitan forts\u00e4tter att visa, att det g\u00e5r att g\u00f6ra stor och bra opera utan att ta till udda konstgrepp, som att spela nakna eller att flytta handlingen till udda och ologiska milj\u00f6er och tidsepoker. L\u00f6rdagens Don Giovanni var stadigt placerad i sitt 1600-tal och storheten vilade p\u00e5 tre stadiga fundament: God musikalisk ledning, en personregi, som lyfte fram handlingen och dramat samt mycket skickliga akt\u00f6rer.<\/p>\n<p>\u00c5ter Tack Metropolitan, f\u00f6r att ni inte faller f\u00f6r skruvade modenycker i era upps\u00e4ttningar. Sn\u00e4lla! Sl\u00e4pp aldrig in en Bieto eller Konwitschny p\u00e5 regiss\u00f6rsstolen. Ni har ett i l\u00e4ngden vinnande koncept.<\/p><\/blockquote>\n<p>I rollerna:<br \/>\nMarina Rebeka &#8211; Donna Anna<br \/>\nBarbara Frittoli &#8211; Donna Elvira<br \/>\nMojca Erdmann &#8211; Zerlina<br \/>\nRam\u00f3n Vargas &#8211; Don Ottavio<br \/>\nMariusz Kwiecien &#8211; Don Giovanni<br \/>\nLuca Pisaroni &#8211; Leporello<br \/>\nJoshua Bloom &#8211; Masetto<br \/>\n\u0160tefan Koc\u00e1n &#8211; The Commendatore<\/p>\n<p>Produktionsteam<br \/>\nDirigent: Fabio Luisi<br \/>\nProducent: Michael Grandage<br \/>\nScenografi, kostym: Christopher Oram<br \/>\nLjuss\u00e4ttning: Paule Constable<br \/>\nKoreografi: Ben Wright<\/p>\n","protected":false},"excerpt":{"rendered":"<p>Don Giovanni opera av W A Mozart Biograf Spegeln i Malm\u00f6 en av Folkets Hus\/Parkers digitala biografer L\u00f6rdag 29 oktober 19:00 Bara i \u00e5r har jag sett W A Mozart\u00b4s \u201dDon Giovanni\u201d vid fyra olika tillf\u00e4llen om jag inkluderar Kasper Holtens operafilm \u201dJUAN\u201d som ju i grunden \u00e4r \u201dDon Giovanni\u201d. M\u00e5nga anser ju att detta [&hellip;]<\/p>\n","protected":false},"author":13,"featured_media":0,"comment_status":"open","ping_status":"open","sticky":false,"template":"","format":"standard","meta":{"_genesis_hide_title":false,"_genesis_hide_breadcrumbs":false,"_genesis_hide_singular_image":false,"_genesis_hide_footer_widgets":false,"_genesis_custom_body_class":"","_genesis_custom_post_class":"","_genesis_layout":"","footnotes":""},"categories":[20],"tags":[1345,3627,4594],"class_list":{"0":"post-42982","1":"post","2":"type-post","3":"status-publish","4":"format-standard","6":"category-film","7":"tag-don-giovanni","8":"tag-metropolitan-opera","9":"tag-pa-spegeln","10":"entry"},"_links":{"self":[{"href":"https:\/\/kulturbloggen.com\/index.php?rest_route=\/wp\/v2\/posts\/42982","targetHints":{"allow":["GET"]}}],"collection":[{"href":"https:\/\/kulturbloggen.com\/index.php?rest_route=\/wp\/v2\/posts"}],"about":[{"href":"https:\/\/kulturbloggen.com\/index.php?rest_route=\/wp\/v2\/types\/post"}],"author":[{"embeddable":true,"href":"https:\/\/kulturbloggen.com\/index.php?rest_route=\/wp\/v2\/users\/13"}],"replies":[{"embeddable":true,"href":"https:\/\/kulturbloggen.com\/index.php?rest_route=%2Fwp%2Fv2%2Fcomments&post=42982"}],"version-history":[{"count":0,"href":"https:\/\/kulturbloggen.com\/index.php?rest_route=\/wp\/v2\/posts\/42982\/revisions"}],"wp:attachment":[{"href":"https:\/\/kulturbloggen.com\/index.php?rest_route=%2Fwp%2Fv2%2Fmedia&parent=42982"}],"wp:term":[{"taxonomy":"category","embeddable":true,"href":"https:\/\/kulturbloggen.com\/index.php?rest_route=%2Fwp%2Fv2%2Fcategories&post=42982"},{"taxonomy":"post_tag","embeddable":true,"href":"https:\/\/kulturbloggen.com\/index.php?rest_route=%2Fwp%2Fv2%2Ftags&post=42982"}],"curies":[{"name":"wp","href":"https:\/\/api.w.org\/{rel}","templated":true}]}}