{"id":42726,"date":"2011-10-24T11:59:00","date_gmt":"2011-10-24T09:59:00","guid":{"rendered":"http:\/\/kulturbloggen.com\/?p=42726"},"modified":"2011-10-24T11:59:00","modified_gmt":"2011-10-24T09:59:00","slug":"sharialagar-och-manggifte-nasta-steg-i-libyen","status":"publish","type":"post","link":"https:\/\/kulturbloggen.com\/?p=42726","title":{"rendered":"Sharialagar och m\u00e5nggifte n\u00e4sta steg i Libyen?"},"content":{"rendered":"<p><a href=\"http:\/\/kulturbloggen.com\/wp-content\/uploads\/2011\/10\/libyan-rebel-flag.png\"><img loading=\"lazy\" decoding=\"async\" src=\"http:\/\/kulturbloggen.com\/wp-content\/uploads\/2011\/10\/libyan-rebel-flag-300x150.png\" alt=\"\" title=\"libyan-rebel-flag\" width=\"300\" height=\"150\" class=\"aligncenter size-medium wp-image-42727\" \/><\/a><br \/>\nAtt Khadaffi f\u00f6ll var f\u00f6rst\u00e5s bra. Men s\u00e4ttet det skedde p\u00e5 fick mig att b\u00f6rja misst\u00e4nka att befrielsen fr\u00e5n Khadaffi inte n\u00f6dv\u00e4ndigtvis f\u00f6r med sig ett bra demokratiskt samh\u00e4lle. Det som bygger p\u00e5 hat och v\u00e5ld blir s\u00e4llan bra. Att bara d\u00f6da Khadaffi utan att st\u00e4lla honom inf\u00f6r r\u00e4tta visar p\u00e5 en skriande brist p\u00e5 respekt f\u00f6r r\u00e4tts\u00e4kerhet. Det \u00e4r ingen bra grund att bygga  ett samh\u00e4lle p\u00e5.<br \/>\nDet \u00e4r l\u00e4tt att f\u00f6rst\u00e5 den frustration och det hat rebellerna k\u00e4nde mot Khadaffi menar m\u00e5nga.<br \/>\nJa. Det \u00e4r l\u00e4tt att f\u00f6rst\u00e5 mycken frustration. V\u00e5ld och att d\u00f6da \u00e4r \u00e4nd\u00e5 inte det b\u00e4sta valet.<\/p>\n<p>Det g\u00f6r mig ocks\u00e5 mycket orolig f\u00f6r utvecklingen i Libyen n\u00e4r jag nu l\u00e4ser i <a href=\"http:\/\/www.irishtimes.com\/newspaper\/world\/2011\/1024\/1224306387238.html\">Irish Times<\/a> om talet av en av de ledande rebellledarna Mustafa Abdel Jalil: <\/p>\n<blockquote><p>Those seeking hints as to what the new Libya may look like seized on particular sections of NTC head Mustafa Abdel Jalil\u2019s speech in Benghazi yesterday, in which he went into some detail about the place of Islam in the post-Gadafy scenario.<\/p>\n<p>\u201cThis revolution was blessed by God to achieve victory,\u201d Jalil, who is considered devout but moderate, told the crowd. \u201cAnd we must go on the right path.\u201d<\/p>\n<p>Libya, he said, would be a state where Sharia law would be the \u201cfundamental source\u201d of legislation and any existing legislation that contradicted Islamic principles would be immediately annulled.<\/p>\n<p>It was not the first time Jalil had made such statements, and many other Arab countries have similar constitutional provisions, but Libyans of a more liberal bent may have baulked at what came next.<\/p>\n<p>The new state \u201cwill not disallow polygamy\u201d Jalil said, and charging interest will be forbidden. Some Libyans point out that polygamy was practised discreetly under Gadafy, while others interpreted Jalil\u2019s remarks as a practical measure to address the issue of the thousands of women left widowed during the war.<\/p><\/blockquote>\n<p>Att ers\u00e4tta pest med kolera \u00e4r inte n\u00e5gon smart l\u00f6sning. Jag f\u00f6rst\u00e5r inte hur en del nu kan s\u00e4ga att om det \u00e4r folkets vilja s\u00e5 \u00e4r det bra. Det har inte skett n\u00e5gon folkomr\u00f6stning om detta. Eller ska sharialaget och m\u00e5nggifte vara ett alternativ att r\u00f6sta om?<\/p>\n<p>Nej, jag \u00e4r orolig f\u00f6r Libyens framtid, de som k\u00e4mpat f\u00f6r frihet \u00e4r v\u00e4rda n\u00e5got mer och b\u00e4ttre \u00e4n sharialagar och m\u00e5nggifte.<\/p>\n<p>De som sitter och ska vara toleranta och s\u00e4ger att om det \u00e4r folkets vilja kan v\u00e4l sj\u00e4lva flytta dit d\u00e5. Att leva under sharialagar och med det kvinnof\u00f6rtryck som m\u00e5nggifte signalerar kan aldrig vara en god v\u00e4rld.<\/p>\n<p>Hoppas nu att det inte blir som den h\u00e4r rebelledaren vill utan att de libyer som vill ha demokrati \u00e4r fler och envisare.<\/p>\n<p>Relaterat: <a href=\"http:\/\/www.aftonbladet.se\/kultur\/article13793741.ab\">Aftonbladet 1<\/a> och <a href=\"http:\/\/www.aftonbladet.se\/nyheter\/article13826670.ab\">Aftonbladet 2<\/a><\/p>\n<p>L\u00e4s \u00e4ven andra bloggares \u00e5sikter om <a href=\"http:\/\/bloggar.se\/om\/Libyen\" rel=\"tag\">Libyen<\/a>, <a href=\"http:\/\/bloggar.se\/om\/sharialagar\" rel=\"tag\">sharialagar<\/a>, <a href=\"http:\/\/bloggar.se\/om\/demokrati\" rel=\"tag\">demokrati<\/a>, <a href=\"http:\/\/bloggar.se\/om\/\" rel=\"tag\"><\/a>, <a href=\"http:\/\/bloggar.se\/om\/poliitk\" rel=\"tag\">poliitk<\/a>, <a href=\"http:\/\/bloggar.se\/om\/samh%E4lle\" rel=\"tag\">samh\u00e4lle<\/a>, <a href=\"http:\/\/bloggar.se\/om\/internationellt\" rel=\"tag\">internationellt<\/a><\/p>\n","protected":false},"excerpt":{"rendered":"<p>Att Khadaffi f\u00f6ll var f\u00f6rst\u00e5s bra. Men s\u00e4ttet det skedde p\u00e5 fick mig att b\u00f6rja misst\u00e4nka att befrielsen fr\u00e5n Khadaffi inte n\u00f6dv\u00e4ndigtvis f\u00f6r med sig ett bra demokratiskt samh\u00e4lle. Det som bygger p\u00e5 hat och v\u00e5ld blir s\u00e4llan bra. Att bara d\u00f6da Khadaffi utan att st\u00e4lla honom inf\u00f6r r\u00e4tta visar p\u00e5 en skriande brist p\u00e5 [&hellip;]<\/p>\n","protected":false},"author":13,"featured_media":0,"comment_status":"open","ping_status":"open","sticky":false,"template":"","format":"standard","meta":{"_genesis_hide_title":false,"_genesis_hide_breadcrumbs":false,"_genesis_hide_singular_image":false,"_genesis_hide_footer_widgets":false,"_genesis_custom_body_class":"","_genesis_custom_post_class":"","_genesis_layout":"","footnotes":""},"categories":[20],"tags":[1214,56,3282,4416,4917,5033],"class_list":{"0":"post-42726","1":"post","2":"type-post","3":"status-publish","4":"format-standard","6":"category-film","7":"tag-demokrati","8":"tag-internationellt-politik-nyheter","9":"tag-libyen","10":"tag-poliitk","11":"tag-samhalle","12":"tag-sharialagar","13":"entry"},"_links":{"self":[{"href":"https:\/\/kulturbloggen.com\/index.php?rest_route=\/wp\/v2\/posts\/42726","targetHints":{"allow":["GET"]}}],"collection":[{"href":"https:\/\/kulturbloggen.com\/index.php?rest_route=\/wp\/v2\/posts"}],"about":[{"href":"https:\/\/kulturbloggen.com\/index.php?rest_route=\/wp\/v2\/types\/post"}],"author":[{"embeddable":true,"href":"https:\/\/kulturbloggen.com\/index.php?rest_route=\/wp\/v2\/users\/13"}],"replies":[{"embeddable":true,"href":"https:\/\/kulturbloggen.com\/index.php?rest_route=%2Fwp%2Fv2%2Fcomments&post=42726"}],"version-history":[{"count":0,"href":"https:\/\/kulturbloggen.com\/index.php?rest_route=\/wp\/v2\/posts\/42726\/revisions"}],"wp:attachment":[{"href":"https:\/\/kulturbloggen.com\/index.php?rest_route=%2Fwp%2Fv2%2Fmedia&parent=42726"}],"wp:term":[{"taxonomy":"category","embeddable":true,"href":"https:\/\/kulturbloggen.com\/index.php?rest_route=%2Fwp%2Fv2%2Fcategories&post=42726"},{"taxonomy":"post_tag","embeddable":true,"href":"https:\/\/kulturbloggen.com\/index.php?rest_route=%2Fwp%2Fv2%2Ftags&post=42726"}],"curies":[{"name":"wp","href":"https:\/\/api.w.org\/{rel}","templated":true}]}}