{"id":4272,"date":"2008-11-10T17:00:58","date_gmt":"2008-11-10T16:00:58","guid":{"rendered":"http:\/\/kulturbloggen.com\/?p=4272"},"modified":"2008-11-10T17:00:58","modified_gmt":"2008-11-10T16:00:58","slug":"jamie-lidell-blir-forband-till-elton-john-i-stockholm","status":"publish","type":"post","link":"https:\/\/kulturbloggen.com\/?p=4272","title":{"rendered":"Jamie Lidell blir f\u00f6rband till Elton John i Stockholm"},"content":{"rendered":"<p>Den 4 december bes\u00f6ker den v\u00e4rldsber\u00f6mde s\u00e5ngaren, l\u00e5tskrivaren och komposit\u00f6ren Sir Elton John Globen i Stockholm med sin hyllade show \u201dThe Red Piano\u201d. F\u00f6rband blirJamie Lidell.<\/p>\n<p>Den brittiske musikern Jamie Lidell hyllades b\u00e5de f\u00f6r sitt f\u00f6reg\u00e5ende album \u201dMultiply\u201d och det nya, \u201dJim\u201d, som sl\u00e4pptes tidigare i \u00e5r. Med sin fantastiska soulr\u00f6st och en samling l\u00e5tar som doftar av solsken och k\u00e4rlek har han v\u00e4rmt sin st\u00e4ndigt v\u00e4xande publik. Nu tilldelas han den odelade \u00e4ran att \u00f6ppna f\u00f6r Sir Elton John, som sedan 2004 lyst upp Caesars Palace i Las Vegas med sin spektakul\u00e4ra show \u201dThe Red Piano\u201d. Producent och designer f\u00f6r showen \u00e4r David LaChapelle, som med showen presenterar Eltons b\u00e4sta l\u00e5tar p\u00e5 ett extravagant s\u00e4tt, b\u00e5de musikaliskt och visuellt. Den enorma videov\u00e4ggen m\u00e4ter inte mindre \u00e4n 24 x 8 meter.<\/p>\n<p>Den 4 december f\u00e5r den svenska publiken se och h\u00f6ra Elton John i hans mest spektakul\u00e4ra show n\u00e5gonsin. Som \u00f6ppningsakt ser vi Jamie Lidell.<\/p>\n<p>Skrivet om Jamie Lidell:<\/p>\n<blockquote><p>\u201d en r\u00f6st som nuddar vid den store Otis Redding.\u201d<br \/>\n&#8211; Janne Hallman, Sundsvalls Tidning<\/p><\/blockquote>\n<blockquote><p>\u201d Jamie Lidell \u00e4r s\u00e5 fel att han \u00e4r r\u00e4tt. I en tid d\u00e4r det sista popv\u00e4rlden tycks beh\u00f6va \u00e4r en ny Jamiroquai, s\u00e5 \u00e4r det just den vita funkens bana han v\u00e4ljer att g\u00e5. Han g\u00f6r det dessutom p\u00e5 skivbolaget Warp, hemmalyssnings-techno-fansens gamla hovleverant\u00f6r fr\u00e5n 90-talet. Och till r\u00e5ga p\u00e5 allt s\u00e5 \u00e4r det riktigt bra, v\u00e4rlden \u00e4r allts\u00e5 upp och ner.\u201d<br \/>\n&#8211; Stefan Thungren, Svenska Dagbladet<\/p><\/blockquote>\n<blockquote><p>\u201d En f\u00f6ljsam, charmant, oh\u00e4mmat melodi\u00f6s och \u00e4nd\u00e5 \u00f6verraskande varierad samling l\u00e5tar p\u00e5 temat soul genom tiderna.\u201d<br \/>\n&#8211; David Drazdil, Dagensskiva.com<\/p><\/blockquote>\n<blockquote><p>\n\u201d Jamie Lidell \u00e4r en sjuj\u00e4kla souls\u00e5ngare, som ledigt r\u00f6r sig bland s\u00e5v\u00e4l Al Green och Otis Redding till synes utan anstr\u00e4ngning.\u201d<br \/>\n&#8211; Patrik Forshage, N\u00f6jesguiden <\/p><\/blockquote>\n<p>Jamie Lidell &#8211; Another Day<\/p>\n<p><object width=\"425\" height=\"344\"><param name=\"movie\" value=\"http:\/\/www.youtube.com\/v\/89Qa5rNAeEs&#038;hl=sv&#038;fs=1\"><\/param><param name=\"allowFullScreen\" value=\"true\"><\/param><param name=\"allowscriptaccess\" value=\"always\"><\/param><embed src=\"http:\/\/www.youtube.com\/v\/89Qa5rNAeEs&#038;hl=sv&#038;fs=1\" type=\"application\/x-shockwave-flash\" allowscriptaccess=\"always\" allowfullscreen=\"true\" width=\"425\" height=\"344\"><\/embed><\/object><\/p>\n<p>Andra bloggar om: <a href=\"http:\/\/bloggar.se\/om\/f%F6rband\" rel=\"tag\">f\u00f6rband<\/a>, <a href=\"http:\/\/bloggar.se\/om\/musikvideo\" rel=\"tag\">musikvideo<\/a>, <a href=\"http:\/\/bloggar.se\/om\/soul\" rel=\"tag\">soul<\/a>, <a href=\"http:\/\/bloggar.se\/om\/rnb\" rel=\"tag\">rnb<\/a>, <a href=\"http:\/\/bloggar.se\/om\/Elton+John\" rel=\"tag\">Elton John<\/a>, <a href=\"http:\/\/bloggar.se\/om\/Jamie+Lidell\" rel=\"tag\">Jamie Lidell<\/a>, <a href=\"http:\/\/bloggar.se\/om\/Stockholm\" rel=\"tag\">Stockholm<\/a><\/p>\n","protected":false},"excerpt":{"rendered":"<p>Den 4 december bes\u00f6ker den v\u00e4rldsber\u00f6mde s\u00e5ngaren, l\u00e5tskrivaren och komposit\u00f6ren Sir Elton John Globen i Stockholm med sin hyllade show \u201dThe Red Piano\u201d. F\u00f6rband blirJamie Lidell. Den brittiske musikern Jamie Lidell hyllades b\u00e5de f\u00f6r sitt f\u00f6reg\u00e5ende album \u201dMultiply\u201d och det nya, \u201dJim\u201d, som sl\u00e4pptes tidigare i \u00e5r. Med sin fantastiska soulr\u00f6st och en samling l\u00e5tar [&hellip;]<\/p>\n","protected":false},"author":2,"featured_media":0,"comment_status":"open","ping_status":"open","sticky":false,"template":"","format":"standard","meta":{"_genesis_hide_title":false,"_genesis_hide_breadcrumbs":false,"_genesis_hide_singular_image":false,"_genesis_hide_footer_widgets":false,"_genesis_custom_body_class":"","_genesis_custom_post_class":"","_genesis_layout":"","footnotes":""},"categories":[7],"tags":[1913,3868,4770,24],"class_list":{"0":"post-4272","1":"post","2":"type-post","3":"status-publish","4":"format-standard","6":"category-musik","7":"tag-forband","8":"tag-musikvideo","9":"tag-rnb","10":"tag-soul-musik","11":"entry"},"_links":{"self":[{"href":"https:\/\/kulturbloggen.com\/index.php?rest_route=\/wp\/v2\/posts\/4272","targetHints":{"allow":["GET"]}}],"collection":[{"href":"https:\/\/kulturbloggen.com\/index.php?rest_route=\/wp\/v2\/posts"}],"about":[{"href":"https:\/\/kulturbloggen.com\/index.php?rest_route=\/wp\/v2\/types\/post"}],"author":[{"embeddable":true,"href":"https:\/\/kulturbloggen.com\/index.php?rest_route=\/wp\/v2\/users\/2"}],"replies":[{"embeddable":true,"href":"https:\/\/kulturbloggen.com\/index.php?rest_route=%2Fwp%2Fv2%2Fcomments&post=4272"}],"version-history":[{"count":0,"href":"https:\/\/kulturbloggen.com\/index.php?rest_route=\/wp\/v2\/posts\/4272\/revisions"}],"wp:attachment":[{"href":"https:\/\/kulturbloggen.com\/index.php?rest_route=%2Fwp%2Fv2%2Fmedia&parent=4272"}],"wp:term":[{"taxonomy":"category","embeddable":true,"href":"https:\/\/kulturbloggen.com\/index.php?rest_route=%2Fwp%2Fv2%2Fcategories&post=4272"},{"taxonomy":"post_tag","embeddable":true,"href":"https:\/\/kulturbloggen.com\/index.php?rest_route=%2Fwp%2Fv2%2Ftags&post=4272"}],"curies":[{"name":"wp","href":"https:\/\/api.w.org\/{rel}","templated":true}]}}