{"id":42444,"date":"2011-10-18T11:17:46","date_gmt":"2011-10-18T09:17:46","guid":{"rendered":"http:\/\/kulturbloggen.com\/?p=42444"},"modified":"2011-10-18T11:17:46","modified_gmt":"2011-10-18T09:17:46","slug":"goran-hagglund-ar-minister-och-har-brutit-mot-riksdagskansliets-regler-i-fem-ar-var-ar-mediedrevet","status":"publish","type":"post","link":"https:\/\/kulturbloggen.com\/?p=42444","title":{"rendered":"G\u00f6ran H\u00e4gglund \u00e4r minister och har brutit mot Riksdagskansliets regler i fem \u00e5r, var \u00e4r mediedrevet?"},"content":{"rendered":"<p><a href=\"http:\/\/kulturbloggen.com\/wp-content\/uploads\/2011\/10\/hagglund.jpg\"><img loading=\"lazy\" decoding=\"async\" src=\"http:\/\/kulturbloggen.com\/wp-content\/uploads\/2011\/10\/hagglund-225x300.jpg\" alt=\"\" title=\"hagglund\" width=\"225\" height=\"300\" class=\"aligncenter size-medium wp-image-42445\" \/><\/a><\/p>\n<p>Statsr\u00e5den Eskil Erlandsson (C) och G\u00f6ran H\u00e4gglund (KD) bor kvar i sina riksdagsl\u00e4genheter \u2013 trots att de l\u00e4mnade riksdagen f\u00f6r fem \u00e5r sedan.<br \/>\nEfter p\u00e5tryckningar flyttar Erlandsson ut. Men H\u00e4gglund stannar.<br \/>\n<a href=\"http:\/\/www.aftonbladet.se\/nyheter\/article13796077.ab\">Det rapporterar Aftonbladet<\/a>. Och H\u00e4gglund har allts\u00e5 brutit mot Riksdagskansliets regler i fem \u00e5r.<\/p>\n<p>Sedan valet 2006 \u00e4r G\u00f6ran H\u00e4gglund tj\u00e4nstledig fr\u00e5n sin post som riksdagsledamot. Han blev ju minister d\u00e5. D\u00e4rmed har han inte r\u00e4tt att bo kvar i riksdagens \u00f6vernattningsl\u00e4genheter. Han bryter mot Riksdagskansliets regler.<br \/>\n<em>Riksdagsf\u00f6rvaltningens f\u00f6reskrifter s\u00e4ger tydligt att en ledamot som \u00e4r ledig fr\u00e5n sitt uppdrag i mer \u00e4n en m\u00e5nad \u00e4r &#8221;skyldig att uppl\u00e5ta bostaden&#8221; till sin ers\u00e4ttare.<\/em><\/p>\n<p>Och varf\u00f6r h\u00e4nger inte mediedrevet p\u00e5 nu?<\/p>\n<p>Beror det p\u00e5 att det nu \u00e4r n\u00e5gon fr\u00e5n den styrande h\u00f6gerregeringen som gjort ett fel, och det ligger inte i \u00f6vriga mediers intresse att lyfta fram stort? Nu \u00e4r det ju dessutom ett fel som uppenbart \u00e4r emot reglerna.<\/p>\n<p>G\u00f6ran H\u00e4gglund \u00e4r fr\u00e5n ett parti som s\u00e4ger sig vilja st\u00e5 f\u00f6r moral och etik. \u00c4r det inte ens d\u00e5 intressant att lyfta fram att han helt lugnt i fem \u00e5r bryter mot regler? Eller \u00e4r det s\u00e5 att ingen v\u00e4ntar n\u00e5got b\u00e4ttre av en kristdemokrat?<\/p>\n<p>Ja jag vet inte. Mediedrev verkar ha en f\u00f6rk\u00e4rlek f\u00f6r S.<\/p>\n<p>L\u00e4s \u00e4ven andra bloggares \u00e5sikter om <a href=\"http:\/\/bloggar.se\/om\/H%E4gglund\" rel=\"tag\">H\u00e4gglund<\/a>, <a href=\"http:\/\/bloggar.se\/om\/dubbelmoral\" rel=\"tag\">dubbelmoral<\/a>, <a href=\"http:\/\/bloggar.se\/om\/samh%E4lle\" rel=\"tag\">samh\u00e4lle<\/a>, <a href=\"http:\/\/bloggar.se\/om\/mediedrev\" rel=\"tag\">mediedrev<\/a>, <a href=\"http:\/\/bloggar.se\/om\/medier\" rel=\"tag\">medier<\/a><\/p>\n","protected":false},"excerpt":{"rendered":"<p>Statsr\u00e5den Eskil Erlandsson (C) och G\u00f6ran H\u00e4gglund (KD) bor kvar i sina riksdagsl\u00e4genheter \u2013 trots att de l\u00e4mnade riksdagen f\u00f6r fem \u00e5r sedan. Efter p\u00e5tryckningar flyttar Erlandsson ut. Men H\u00e4gglund stannar. Det rapporterar Aftonbladet. Och H\u00e4gglund har allts\u00e5 brutit mot Riksdagskansliets regler i fem \u00e5r. Sedan valet 2006 \u00e4r G\u00f6ran H\u00e4gglund tj\u00e4nstledig fr\u00e5n sin post [&hellip;]<\/p>\n","protected":false},"author":2,"featured_media":0,"comment_status":"open","ping_status":"open","sticky":false,"template":"","format":"standard","meta":{"_genesis_hide_title":false,"_genesis_hide_breadcrumbs":false,"_genesis_hide_singular_image":false,"_genesis_hide_footer_widgets":false,"_genesis_custom_body_class":"","_genesis_custom_post_class":"","_genesis_layout":"","footnotes":""},"categories":[44],"tags":[1400,2365,3579,3582,4917],"class_list":{"0":"post-42444","1":"post","2":"type-post","3":"status-publish","4":"format-standard","6":"category-chadie","7":"tag-dubbelmoral","8":"tag-hagglund","9":"tag-mediedrev","10":"tag-medier","11":"tag-samhalle","12":"entry"},"_links":{"self":[{"href":"https:\/\/kulturbloggen.com\/index.php?rest_route=\/wp\/v2\/posts\/42444","targetHints":{"allow":["GET"]}}],"collection":[{"href":"https:\/\/kulturbloggen.com\/index.php?rest_route=\/wp\/v2\/posts"}],"about":[{"href":"https:\/\/kulturbloggen.com\/index.php?rest_route=\/wp\/v2\/types\/post"}],"author":[{"embeddable":true,"href":"https:\/\/kulturbloggen.com\/index.php?rest_route=\/wp\/v2\/users\/2"}],"replies":[{"embeddable":true,"href":"https:\/\/kulturbloggen.com\/index.php?rest_route=%2Fwp%2Fv2%2Fcomments&post=42444"}],"version-history":[{"count":0,"href":"https:\/\/kulturbloggen.com\/index.php?rest_route=\/wp\/v2\/posts\/42444\/revisions"}],"wp:attachment":[{"href":"https:\/\/kulturbloggen.com\/index.php?rest_route=%2Fwp%2Fv2%2Fmedia&parent=42444"}],"wp:term":[{"taxonomy":"category","embeddable":true,"href":"https:\/\/kulturbloggen.com\/index.php?rest_route=%2Fwp%2Fv2%2Fcategories&post=42444"},{"taxonomy":"post_tag","embeddable":true,"href":"https:\/\/kulturbloggen.com\/index.php?rest_route=%2Fwp%2Fv2%2Ftags&post=42444"}],"curies":[{"name":"wp","href":"https:\/\/api.w.org\/{rel}","templated":true}]}}