{"id":42409,"date":"2011-10-17T12:04:07","date_gmt":"2011-10-17T10:04:07","guid":{"rendered":"http:\/\/kulturbloggen.com\/?p=42409"},"modified":"2011-10-17T12:04:07","modified_gmt":"2011-10-17T10:04:07","slug":"premiarutsandningen-fran-metropolitan-opera-pa-spegeln-i-malmo-av-anna-bolena-blev-ingen-berorande-upplevelse-mojligen-en-imponerande-uppvisning-i-belcanto","status":"publish","type":"post","link":"https:\/\/kulturbloggen.com\/?p=42409","title":{"rendered":"Premi\u00e4ruts\u00e4ndningen fr\u00e5n Metropolitan Opera p\u00e5 Spegeln i Malm\u00f6 av Anna Bolena &#8211; blev ingen ber\u00f6rande upplevelse &#8211; m\u00f6jligen en imponerande uppvisning i belcanto"},"content":{"rendered":"<p><a href=\"http:\/\/kulturbloggen.com\/wp-content\/uploads\/2011\/10\/Annabolenakenhowardmetropolitanopera.jpg\"><img loading=\"lazy\" decoding=\"async\" src=\"http:\/\/kulturbloggen.com\/wp-content\/uploads\/2011\/10\/Annabolenakenhowardmetropolitanopera.jpg\" alt=\"\" width=\"280\" height=\"230\" class=\"aligncenter size-full wp-image-42410\" \/><\/a> Foto: Ken Howard<\/p>\n<p>Titel p\u00e5 f\u00f6rest\u00e4llning: Anna Bolena<br \/>\nVar den spelas: Spegeln i Malm\u00f6 samt p\u00e5 ett sjuttiotal andra biografer runt om i Sverige<br \/>\nPremi\u00e4rdatum: 15 oktober (26 september i New York)<\/p>\n<p>S\u00e4songens Metropolitan Opera \u00f6verf\u00f6ringar till Folkets Hus\/Parkers digitala biokedja har nu haft premi\u00e4r och f\u00f6rst ut var Gaetano Donizetti\u00b4s trettiofemte opera (av ett sjuttiotal), en av de s.k. drottningoperorna fr\u00e5n Tudortiden, n\u00e4mligen \u201dAnna Bolena\u201doch med Anna Netrebko i huvudrollen en roll som hon tidigare har sjungit i Wien och som finns utgiven p\u00e5 dvd. De andra operor i denna serie \u00e4r: \u201dMaria Stuarda\u201d, \u201dIl castillo di Kenilworth\u201d och jag trodde faktiskt att hans \u201dRoberto Devereux ingick i denna serie, men s\u00e5 \u00e4r tydligen inte fallet.<\/p>\n<p>Det p\u00e5st\u00e5s att Donizetti komponerade verket p\u00e5 ett par m\u00e5nader, ett p\u00e5st\u00e5ende som i och f\u00f6r sig kanske inte \u00e4r s\u00e5 helt otroligt, s\u00e4rskilt som han likt Rossini \u00e5teranv\u00e4nde tidigare komponerad musik lite som det passade honom.<\/p>\n<p>Jag har tidigare sett Maria Stuarda, med Karina Karn\u00e9us i en av de ledande rollerna p\u00e5 \u201dSemperOper\u201d i Dresden och det var en mycket positiv upplevelse. Enligt tillg\u00e4ngliga uppgifter s\u00e5 var det just \u201dAnna Bolena\u201d som gjorde succ\u00e9 och som sedan verkligen \u00f6ppnade d\u00f6rrarna f\u00f6r Donizetti.<\/p>\n<p>Denna upps\u00e4ttning \u00e4r en uppdatering som David Mc Vicar svarar f\u00f6r, men det \u00e4r \u00e4nd\u00e5 f\u00f6rsta g\u00e5ngen verket ges p\u00e5 Metropolitan Opera. Dessutom \u00e4r det f\u00f6rsta g\u00e5ngen som man i Ryssland kan f\u00f6lja direkt\u00f6verf\u00f6ringarna fr\u00e5n New  York och d\u00e4rf\u00f6r \u00e4r det kanske inte s\u00e5 m\u00e4rkv\u00e4rdigt att upps\u00e4ttningen best\u00e5r av tre ryssf\u00f6dda s\u00e5ngare.<\/p>\n<p>Om sj\u00e4lva upps\u00e4ttningen tyckte jag inte s\u00e4rskilt om, \u00e4ven om det blev betydligt b\u00e4ttre i andra akten. Det som jag i f\u00f6rsta hand reagerade p\u00e5 var att f\u00f6rest\u00e4llningen var mycket l\u00e5ng, \u00e4ven om jag inte dristar mig till att p\u00e5st\u00e5 att den var f\u00f6r l\u00e5ng. <\/p>\n<p>F\u00f6rsta akten upplevde jag som ganska m\u00f6rk och egentligen f\u00e4rgm\u00e4ssigt bara best\u00e5ende av tre nyanser av gr\u00e5tt. De s\u00e5ngliga insatserna \u00e4r det kanske inte s\u00e5 mycket att klaga p\u00e5, men dirigenten Marco Amiliato\u00b4s hantverk uppskattade jag inte s\u00e4rskilt mycket. Orkestern spelade alldeles f\u00f6r starkt och de ljuvliga passager som ju trots allt finns \u00e4ven i detta verk gick helt f\u00f6rlorade.<\/p>\n<p>I andra akten, blev det som tur \u00e4r, v\u00e4sentligen mycket b\u00e4ttre och h\u00e4r imponerades jag framf\u00f6rallt av duetten mellan Anna Boleyn och hennes eftertr\u00e4dare i det kungliga gemaket, Jane Seymour, men redan i inledningscenen kom verket till fullo fram genom Metropolitan Operak\u00f6rs insats och dess damk\u00f6r. <\/p>\n<p>Sedan blev det bara b\u00e4ttre och b\u00e4ttre, men jag kan ju inte p\u00e5st\u00e5 att jag var s\u00e4rskilt imponerad av Henrik den VIII:s s\u00e5ngliga insatser, vilka sj\u00f6ngs av den ryske basbarytonen, Ildar Abdrazakov. <\/p>\n<p>Lord Percy, Anna Bolenas tidigare \u00e4lskare sj\u00f6ngs av den amerikanske tenoren Stephen Costello och det kan s\u00e4kert bli n\u00e5got av denne n\u00e4r han f\u00e5r v\u00e4xa till dig. I g\u00e5r beh\u00e4rskade han bredden, men knappast h\u00f6jden. Det \u00e4r dock ingen tvekan om att han var b\u00e4st p\u00e5 plan bland herrarna.<\/p>\n<p>N\u00e4r det g\u00e4ller att bed\u00f6ma damernas insats s\u00e5 \u00e4r jag nog b\u00f6jd att s\u00e4tta Anna Netrebko som nummer ett, men egentligen tycker jag nog att det var oavgjort mellan Ekaterina Gubanova   och Anna Netrebko. I en av sina sista arior, innan hon gick mot sin avr\u00e4ttning, vann hon ju klart p\u00e5 po\u00e4ng, men jag lutar nog \u00e4nd\u00e5 p\u00e5 att det blev oavgjort mellan de ryskf\u00f6dda damerna.<br \/>\nSeaton, drottningens page sj\u00f6ngs av mezzon, Tamara Mumford, inte utan framg\u00e5ng, men egentligen skall detta parti sjungas av en countertenor, men det fanns kanske inte tillg\u00e5ng p\u00e5 en s\u00e5dan till denna upps\u00e4ttning.<\/p>\n<p>Belcanto betyder som bekant vacker s\u00e5ng och det kan man ju p\u00e5st\u00e5 att det ocks\u00e5 var, men huvudproblemet med denna upps\u00e4ttning \u00e4r att den \u00e4r l\u00e5ng m\u00f6rk och dyster och f\u00f6rsta akten upplevde jag som bedr\u00f6vlig, men visst fanns det ljuspunkter \u00e4ven i f\u00f6rsta akten och till dessa r\u00e4knar jag Metropolitans Operak\u00f6rs insatser. Huvudsyftet med ett operabes\u00f6k f\u00f6r min personliga del \u00e4r att jag \u00f6nskar bli ber\u00f6rd och det lyckades ingen med m\u00f6jligen kunde jag d\u00e5 och d\u00e5 bli imponerad, men det \u00e4r som sagt inte huvudsyftet med mitt operabes\u00f6k.<\/p>\n<p>Avslutningsvis f\u00e5r jag konstatera att det var andra akten som r\u00e4ddade f\u00f6rest\u00e4llningen och \u00e4ntligen kom  Robert Jones  eleganta scenografi fram. Slutscenen var magnifik.<\/p>\n<p><strong>|Musik: Gaetano Donizetti|Libretto: Felice Romani|Dirigent: Marco Amiliato|Producent:David McVicar|Scenografi: Robert Jones|Kostym:Jenny Tiramani|Ljuss\u00e4ttning: Paule Constable|Koreografi:Andrew George|<\/strong><br \/>\n<strong>I rollerna:<\/strong><br \/>\nAnna Boleyn: Anna Netrebko<br \/>\nJane Seymour: Ekaterina Gubanova<br \/>\nSmeton: Tamara Mumford<br \/>\nLord Percy: Stephen Costello<br \/>\nHenrik VIII: Ildar Abdrazakov<\/p>\n<p>S\u00e5 h\u00e4r tyckte en av mina operav\u00e4nner,Bj\u00f6rn Ekblom, om f\u00f6rest\u00e4llningen:<\/p>\n<blockquote><p>Hon briljerade med klockrena h\u00f6jdtoner, halsbrytande koloraturer och en hudn\u00e4ra frasering. Redan i sin allra f\u00f6rsta aria fick hon visa sin kapacitet. Med sitt stora tonomf\u00e5ng fick den s\u00e5ngen visa, att Anna b\u00e5de \u00e4ger h\u00f6jden och djupet. Men det var inte bara en s\u00e5ngteknisk uppvisning. Anna Netrebko och de \u00f6vriga s\u00e5ngarna kunde med ben\u00e4get bist\u00e5nd av regiss\u00f6ren David McVicar \u00e4ven lyfta fram det sm\u00e4rtsamma m\u00e4nskliga dramat. Det \u00e4r annars mycket l\u00e4tt, att en produktion av det h\u00e4r slaget stannar vid ett stillast\u00e5ende kostymspektakel, med konsertant sk\u00f6ns\u00e5ng. Men h\u00e4r var framf\u00f6r allt de b\u00e5da kvinnliga rollerna Anne Boleyn (Anna Bolena) och Jane Seymour (Giovanna) b\u00e5de trov\u00e4rdiga och gripande. Seymour sj\u00f6ngs av en annan ryska Ekaterina Gubenova. Trots att Elina Garancas namn n\u00e4mnts i programbladet.<\/p>\n<p>Den l\u00e5ga mezzsopranen Tamara Mumford gjorde ocks\u00e5 ett gripande rollportr\u00e4tt i byxrollen som den olycklige pagen Smeton. Med sm\u00e5 medel gav hon trov\u00e4rdighet \u00e5t den valpige pojken, som genom grym tortyr avtvingas den bek\u00e4nnelse, som leder till hans egen och tre andra m\u00e4nniskors avr\u00e4ttning.<\/p>\n<p>Aldar Abdrazakov i basrollen som Henrik VIII (Enrico) var en ny, men mycket angen\u00e4m bekantskap. En oerh\u00f6rt stabil, tons\u00e4ker och uttrycksfull l\u00e5g basbarytonr\u00f6st lyfte fram en rollkarakt\u00e4r, som i ondska bara kan m\u00e4ta sig med Scarpia och Iago, f\u00f6r att n\u00e4mna ett par av operalitteraturens superskurkar.<\/p>\n<p>Ny f\u00f6r mig var ocks\u00e5 Stephen Costello i rollen som Annas forne \u00e4lskade Richard Percy (Riccardo). En vacker lyrisk tenor, som trots n\u00e5got litet registerbrott tog sin roll i hamn med ber\u00f6m godk\u00e4nt.<\/p>\n<p>Marco Armiliato p\u00e5 dirigentpulten har precis den impulsivitet och spelgl\u00e4dje som den h\u00e4r typen av musik kr\u00e4ver. Redan i den n\u00e4stan symfoniskt klingande uvertyren visade han varf\u00f6r titeln maestro anv\u00e4nds f\u00f6r en skicklig dirigent. Detta stycke \u00e4r oerh\u00f6rt varierat i sina uttrycksmedel och jag fick lite vibbar av Donizettis samtida kollega Rossini, d\u00e5 jag h\u00f6rde den. <\/p>\n<p>Scenografin var sinnrik. Med relativt enkla f\u00f6rflyttningar av kulisser f\u00f6rflyttades handlingen snabbt mellan olika milj\u00f6er utan att f\u00f6rest\u00e4llningen tappade tempo.<\/p><\/blockquote>\n","protected":false},"excerpt":{"rendered":"<p>Foto: Ken Howard Titel p\u00e5 f\u00f6rest\u00e4llning: Anna Bolena Var den spelas: Spegeln i Malm\u00f6 samt p\u00e5 ett sjuttiotal andra biografer runt om i Sverige Premi\u00e4rdatum: 15 oktober (26 september i New York) S\u00e4songens Metropolitan Opera \u00f6verf\u00f6ringar till Folkets Hus\/Parkers digitala biokedja har nu haft premi\u00e4r och f\u00f6rst ut var Gaetano Donizetti\u00b4s trettiofemte opera (av ett [&hellip;]<\/p>\n","protected":false},"author":13,"featured_media":0,"comment_status":"open","ping_status":"open","sticky":false,"template":"","format":"standard","meta":{"_genesis_hide_title":false,"_genesis_hide_breadcrumbs":false,"_genesis_hide_singular_image":false,"_genesis_hide_footer_widgets":false,"_genesis_custom_body_class":"","_genesis_custom_post_class":"","_genesis_layout":"","footnotes":""},"categories":[20],"tags":[304,1352,1806,4147],"class_list":{"0":"post-42409","1":"post","2":"type-post","3":"status-publish","4":"format-standard","6":"category-film","7":"tag-anna-bolena","8":"tag-donizetti","9":"tag-folkets-husparkers-digitala-biografkedja","10":"tag-opera","11":"entry"},"_links":{"self":[{"href":"https:\/\/kulturbloggen.com\/index.php?rest_route=\/wp\/v2\/posts\/42409","targetHints":{"allow":["GET"]}}],"collection":[{"href":"https:\/\/kulturbloggen.com\/index.php?rest_route=\/wp\/v2\/posts"}],"about":[{"href":"https:\/\/kulturbloggen.com\/index.php?rest_route=\/wp\/v2\/types\/post"}],"author":[{"embeddable":true,"href":"https:\/\/kulturbloggen.com\/index.php?rest_route=\/wp\/v2\/users\/13"}],"replies":[{"embeddable":true,"href":"https:\/\/kulturbloggen.com\/index.php?rest_route=%2Fwp%2Fv2%2Fcomments&post=42409"}],"version-history":[{"count":0,"href":"https:\/\/kulturbloggen.com\/index.php?rest_route=\/wp\/v2\/posts\/42409\/revisions"}],"wp:attachment":[{"href":"https:\/\/kulturbloggen.com\/index.php?rest_route=%2Fwp%2Fv2%2Fmedia&parent=42409"}],"wp:term":[{"taxonomy":"category","embeddable":true,"href":"https:\/\/kulturbloggen.com\/index.php?rest_route=%2Fwp%2Fv2%2Fcategories&post=42409"},{"taxonomy":"post_tag","embeddable":true,"href":"https:\/\/kulturbloggen.com\/index.php?rest_route=%2Fwp%2Fv2%2Ftags&post=42409"}],"curies":[{"name":"wp","href":"https:\/\/api.w.org\/{rel}","templated":true}]}}