{"id":42353,"date":"2011-10-17T04:23:04","date_gmt":"2011-10-17T02:23:04","guid":{"rendered":"http:\/\/kulturbloggen.com\/?p=42353"},"modified":"2011-10-17T04:23:04","modified_gmt":"2011-10-17T02:23:04","slug":"stockholm-ostra-med-mikael-persbrandt-recension","status":"publish","type":"post","link":"https:\/\/kulturbloggen.com\/?p=42353","title":{"rendered":"Stockholm \u00d6stra med Mikael Persbrandt, recension"},"content":{"rendered":"<p><a href=\"http:\/\/kulturbloggen.com\/wp-content\/uploads\/2011\/10\/stockholmostra.jpg\"><img loading=\"lazy\" decoding=\"async\" src=\"http:\/\/kulturbloggen.com\/wp-content\/uploads\/2011\/10\/stockholmostra-300x187.jpg\" alt=\"\" title=\"stockholmostra\" width=\"300\" height=\"187\" class=\"aligncenter size-medium wp-image-42355\" \/><\/a><\/p>\n<p>Titel: Stockholm \u00d6stra<br \/>\nBetyg: 3<br \/>\nBiopremi\u00e4r 21 oktober 2011<\/p>\n<p>Stockholm \u00d6stra \u00e4r en k\u00e4rleksfilm med Mikael Perbrandt i den ena huvudrollen och danska stj\u00e4rnan Iben Hjelje. Filmen har stark anknytning till t\u00e5gstationen f\u00f6r Roslagsbanan i Stockholm, allts\u00e5 Stockholm \u00d6stra.<\/p>\n<p>Mikael Persbrandt spelar Johan, som k\u00f6r p\u00e5 en nio\u00e5rig flick som d\u00f6r. Johan blev helt f\u00f6rst\u00f6rd av att ha orsakat flickans d\u00f6d, \u00e4ven om han blir frik\u00e4nd i en r\u00e4tteg\u00e5ng och inte anses kunnat avv\u00e4rja olyckan. Han orkar inte arbeta, \u00e4r sjukskriven och b\u00f6rjar h\u00e4nga kring den d\u00f6da flickans f\u00f6r\u00e4ldrars hus. Han vill ta kontakt och prata med dem, men v\u00e5gar \u00e4nd\u00e5 inte.<\/p>\n<p>Iben Hjejle spelar Anna, den d\u00f6da flickans mamma. Av en h\u00e4ndelse f\u00e5r hon och Johan kontakt vid  \u00d6stra station. De b\u00f6rjar umg\u00e5s. Fast med l\u00f6gner. Anna l\u00e5tsas att hon har en dotter, hon l\u00e5tsas att dottern Tove lever och ber\u00e4ttar om henne f\u00f6r Johan. D\u00e4rmed blir det om\u00f6jligt f\u00f6r Johan att ber\u00e4tta vem han \u00e4r, att det \u00e4r han som k\u00f6rt ihj\u00e4l dottern.<\/p>\n<p>Att kunna l\u00e5tsas att dottern lever \u00e4r p\u00e5 n\u00e5got s\u00e4tt l\u00e4kande f\u00f6r Anna. Det kan hon ju inte g\u00f6ra hos sina v\u00e4nner och bekanta, d\u00e4r alla k\u00e4nner till det tragiska som h\u00e4nt.<\/p>\n<p>Att en relation som bygger p\u00e5 s\u00e5 stora l\u00f6gner ob\u00f6nh\u00f6rligen g\u00e5r mot katastrof \u00e4r v\u00e4l inte s\u00e4rskilt ov\u00e4ntat.<\/p>\n<p>Simon Kaijser da Silva \u00e4r regisserat filmen som har blivit utvald till \u00f6ppningfilm av kritikerveckan p\u00e5 den 68:e upplagan av Venedigs Filmfestival.<\/p>\n<p>Fotot \u00e4r vackert och suggestivt. Regiss\u00f6ren jobbar med n\u00e4rmast litter\u00e4ra medel emellan\u00e5t, d\u00e4r m\u00e4nniskornas tankar skildras ist\u00e4llet f\u00f6r dialogerna.<\/p>\n<p>Betyg 3 \u00e4r ett bra betyg och filmen \u00e4r snyggt paketerad och sk\u00e5despelarna g\u00f6r absolut bra ifr\u00e5n sig. Det som drar ner betyget \u00e4r en viss seghet i ber\u00e4ttelsen men framf\u00f6r allt n\u00e5gra h\u00e4ndelser i slutet, under uppl\u00f6sningen, som tidsm\u00e4ssigt inte st\u00e4mmer. F\u00f6r att inte g\u00f6ra en spoiler kan jag inte utveckla detta mer.<\/p>\n<p><iframe loading=\"lazy\" width=\"640\" height=\"360\" src=\"http:\/\/www.youtube.com\/embed\/jzozuNs6YZU\" frameborder=\"0\" allowfullscreen><\/iframe><\/p>\n<p>L\u00e4s \u00e4ven andra bloggares \u00e5sikter om <a href=\"http:\/\/bloggar.se\/om\/Mikael+Persbrandt\" rel=\"tag\">Mikael Persbrandt<\/a>, <a href=\"http:\/\/bloggar.se\/om\/film\" rel=\"tag\">film<\/a>, <a href=\"http:\/\/bloggar.se\/om\/Stockholm+%D6stra\" rel=\"tag\">Stockholm \u00d6stra<\/a>, <a href=\"http:\/\/bloggar.se\/om\/filmrecension\" rel=\"tag\">filmrecension<\/a><\/p>\n","protected":false},"excerpt":{"rendered":"<p>Titel: Stockholm \u00d6stra Betyg: 3 Biopremi\u00e4r 21 oktober 2011 Stockholm \u00d6stra \u00e4r en k\u00e4rleksfilm med Mikael Perbrandt i den ena huvudrollen och danska stj\u00e4rnan Iben Hjelje. Filmen har stark anknytning till t\u00e5gstationen f\u00f6r Roslagsbanan i Stockholm, allts\u00e5 Stockholm \u00d6stra. Mikael Persbrandt spelar Johan, som k\u00f6r p\u00e5 en nio\u00e5rig flick som d\u00f6r. Johan blev helt f\u00f6rst\u00f6rd [&hellip;]<\/p>\n","protected":false},"author":2,"featured_media":0,"comment_status":"open","ping_status":"open","sticky":false,"template":"","format":"standard","meta":{"_genesis_hide_title":false,"_genesis_hide_breadcrumbs":false,"_genesis_hide_singular_image":false,"_genesis_hide_footer_widgets":false,"_genesis_custom_body_class":"","_genesis_custom_post_class":"","_genesis_layout":"","footnotes":""},"categories":[50,51,16],"tags":[1738,3669,12286,5412],"class_list":{"0":"post-42353","1":"post","2":"type-post","3":"status-publish","4":"format-standard","6":"category-filmfilm","7":"category-filmer","8":"category-recension","9":"tag-filmrecension","10":"tag-mikael-persbrandt","11":"tag-film","12":"tag-stockholm-ostra","13":"entry"},"_links":{"self":[{"href":"https:\/\/kulturbloggen.com\/index.php?rest_route=\/wp\/v2\/posts\/42353","targetHints":{"allow":["GET"]}}],"collection":[{"href":"https:\/\/kulturbloggen.com\/index.php?rest_route=\/wp\/v2\/posts"}],"about":[{"href":"https:\/\/kulturbloggen.com\/index.php?rest_route=\/wp\/v2\/types\/post"}],"author":[{"embeddable":true,"href":"https:\/\/kulturbloggen.com\/index.php?rest_route=\/wp\/v2\/users\/2"}],"replies":[{"embeddable":true,"href":"https:\/\/kulturbloggen.com\/index.php?rest_route=%2Fwp%2Fv2%2Fcomments&post=42353"}],"version-history":[{"count":0,"href":"https:\/\/kulturbloggen.com\/index.php?rest_route=\/wp\/v2\/posts\/42353\/revisions"}],"wp:attachment":[{"href":"https:\/\/kulturbloggen.com\/index.php?rest_route=%2Fwp%2Fv2%2Fmedia&parent=42353"}],"wp:term":[{"taxonomy":"category","embeddable":true,"href":"https:\/\/kulturbloggen.com\/index.php?rest_route=%2Fwp%2Fv2%2Fcategories&post=42353"},{"taxonomy":"post_tag","embeddable":true,"href":"https:\/\/kulturbloggen.com\/index.php?rest_route=%2Fwp%2Fv2%2Ftags&post=42353"}],"curies":[{"name":"wp","href":"https:\/\/api.w.org\/{rel}","templated":true}]}}