{"id":42152,"date":"2011-10-10T17:48:20","date_gmt":"2011-10-10T15:48:20","guid":{"rendered":"http:\/\/kulturbloggen.com\/?p=42152"},"modified":"2011-10-10T17:48:20","modified_gmt":"2011-10-10T15:48:20","slug":"lars-winnerback-pa-cirkus-ett-ljus-i-blatt-kvallsljus-bilder-och-tankar","status":"publish","type":"post","link":"https:\/\/kulturbloggen.com\/?p=42152","title":{"rendered":"Lars Winnerb\u00e4ck p\u00e5 Cirkus &#8211; ett ljus i bl\u00e5tt kv\u00e4llsljus, bilder och tankar"},"content":{"rendered":"<p><a href=\"http:\/\/kulturbloggen.com\/wp-content\/uploads\/2011\/10\/winnerback.jpg\"><img loading=\"lazy\" decoding=\"async\" src=\"http:\/\/kulturbloggen.com\/wp-content\/uploads\/2011\/10\/winnerback-300x200.jpg\" alt=\"\" title=\"winnerback\" width=\"300\" height=\"200\" class=\"aligncenter size-medium wp-image-42153\" \/><\/a><\/p>\n<p>Lars Winnerb\u00e4ck<br \/>\nCirkus, Stockholm  9 oktober 2011<br \/>\nBetyg 5 f\u00f6r de tre f\u00f6rsta l\u00e5tarna<\/p>\n<p>\u201dDet lilla ljus jag har, det ska f\u00e5 lysa klart&#8230;\u201d<br \/>\nMed de orden startade Lars Winnerb\u00e4ck sin f\u00f6rsta konsert av fyra p\u00e5 Cirkus i Stockholm nu i oktober 2011.<br \/>\nLjuset startade som en soluppg\u00e5ng i ett bl\u00e5tt kv\u00e4llsljus. Ett jubel h\u00f6rdes n\u00e4r Winnerb\u00e4ck och hans medmusiker kom fram genom det skimrande ljuset som lyste ut \u00f6ver publiken. <\/p>\n<p>Den f\u00f6rsta s\u00e5ngen han spelade var hans senaste l\u00e5t Vem Som Helst Blues. <\/p>\n<p>Alla fyra konserter var helt sluts\u00e5lda och det kan jag f\u00f6rst\u00e5, Winnerb\u00e4ck sj\u00f6ng v\u00e4ldigt bra och verkade ha publiken p\u00e5 sin sida. En folkk\u00e4r som artist som har v\u00e4ldigt bra l\u00e5tar i ryggen. Det var v\u00e4ldigt bra ljud och man h\u00f6rde tydliga hans tunga fylliga r\u00f6st eka ut \u00f6ver den sittande publiken. Med str\u00e5kar i dess vakraste form och i det bl\u00e5aste skenet. <\/p>\n<p>Ljusen fick honom att framst\u00e5 som en \u00e4ngel d\u00e4r i m\u00f6rkret.  Speciellt under den andra l\u00e5ten Faller s\u00e5 lyser skenet p\u00e5 honom som en ensamg\u00e5ende varg. <\/p>\n<p>Eftersom det var totalt uts\u00e5ld och det fanns verkligen inga platser kvar, s\u00e5 fick jag inte stanna kvar och kolla p\u00e5 hela den underbart fantastiska konserten. Men jag kan t\u00e4nka p\u00e5 mig att det var magiskt och s\u00e5 mysigt som det kan bli. Det var en v\u00e4ldigt speciell k\u00e4nsla att f\u00e5 se honom d\u00e4r l\u00e4ngst fram p\u00e5 scenen, v\u00e4ldigt intimt och en perfekt plats f\u00f6r en perfekt artist. S\u00e5 jag var \u00e4nd\u00e5 v\u00e4ldigt lycklig att f\u00e5 se honom. En rolig liten gubbe med en underbart mjuk och kraxig r\u00f6st som l\u00e4nge varit v\u00e4ldigt aktiv. Det var n\u00e4sta s\u00e5 perfekt att jag skulle vilja ge honom en femma i betyg, men n\u00e5gonstans d\u00e4r stannar min inre r\u00f6st och s\u00e4ger att det kommer flera tillf\u00e4llen f\u00f6r b\u00e4ttre stunder. Men detta var ett perfekt \u00f6gonblick och som hade blivit det b\u00e4sta om jag f\u00e5tt se det hela i sin kolossala magnifika tillf\u00e4lle s\u00e5 hade jag gett Winnerb\u00e4ck den femma som han f\u00f6rtj\u00e4nar. Jag \u00e4lskar verkligen Winnerb\u00e4ck och han \u00e4r en av de b\u00e4sta svenska artisterna s\u00e5 han f\u00e5r den d\u00e4r gyllene po\u00e4ngen av mig. Synd f\u00f6r alla er som inte var d\u00e4r, det h\u00e4r var en konsert man verkligen inte ville missa.<\/p>\n<p><strong>Text oh foto: Calle Andersson<\/strong><\/p>\n<p><a href=\"http:\/\/kulturbloggen.com\/wp-content\/uploads\/2011\/10\/winnerback4.jpg\"><img loading=\"lazy\" decoding=\"async\" src=\"http:\/\/kulturbloggen.com\/wp-content\/uploads\/2011\/10\/winnerback4-300x200.jpg\" alt=\"\" title=\"winnerback4\" width=\"300\" height=\"200\" class=\"aligncenter size-medium wp-image-42156\" \/><\/a><\/p>\n<p><a href=\"http:\/\/kulturbloggen.com\/wp-content\/uploads\/2011\/10\/winnerback3.jpg\"><img loading=\"lazy\" decoding=\"async\" src=\"http:\/\/kulturbloggen.com\/wp-content\/uploads\/2011\/10\/winnerback3-300x200.jpg\" alt=\"\" title=\"winnerback3\" width=\"300\" height=\"200\" class=\"aligncenter size-medium wp-image-42157\" \/><\/a><\/p>\n<p><a href=\"http:\/\/kulturbloggen.com\/wp-content\/uploads\/2011\/10\/winnerback2.jpg\"><img loading=\"lazy\" decoding=\"async\" src=\"http:\/\/kulturbloggen.com\/wp-content\/uploads\/2011\/10\/winnerback2-300x200.jpg\" alt=\"\" title=\"winnerback2\" width=\"300\" height=\"200\" class=\"aligncenter size-medium wp-image-42158\" \/><\/a><\/p>\n<p><a href=\"http:\/\/kulturbloggen.com\/wp-content\/uploads\/2011\/10\/winnerback5.jpg\"><img loading=\"lazy\" decoding=\"async\" src=\"http:\/\/kulturbloggen.com\/wp-content\/uploads\/2011\/10\/winnerback5-200x300.jpg\" alt=\"\" title=\"winnerback5\" width=\"200\" height=\"300\" class=\"aligncenter size-medium wp-image-42155\" \/><\/a><\/p>\n<p><a href=\"http:\/\/kulturbloggen.com\/wp-content\/uploads\/2011\/10\/Winnerback1.jpg\"><img loading=\"lazy\" decoding=\"async\" src=\"http:\/\/kulturbloggen.com\/wp-content\/uploads\/2011\/10\/Winnerback1-300x200.jpg\" alt=\"\" title=\"Winnerback1\" width=\"300\" height=\"200\" class=\"aligncenter size-medium wp-image-42159\" \/><\/a><\/p>\n<p><a href=\"http:\/\/kulturbloggen.com\/wp-content\/uploads\/2011\/10\/winnerback6.jpg\"><img loading=\"lazy\" decoding=\"async\" src=\"http:\/\/kulturbloggen.com\/wp-content\/uploads\/2011\/10\/winnerback6-200x300.jpg\" alt=\"\" title=\"winnerback6\" width=\"200\" height=\"300\" class=\"aligncenter size-medium wp-image-42154\" \/><\/a><\/p>\n<p>L\u00e4s \u00e4ven andra bloggares \u00e5sikter om <a href=\"http:\/\/bloggar.se\/om\/Winnerb%E4ck\" rel=\"tag\">Winnerb\u00e4ck<\/a>, <a href=\"http:\/\/bloggar.se\/om\/Cirkus\" rel=\"tag\">Cirkus<\/a>, <a href=\"http:\/\/bloggar.se\/om\/musik\" rel=\"tag\">musik<\/a><\/p>\n","protected":false},"excerpt":{"rendered":"<p>Lars Winnerb\u00e4ck Cirkus, Stockholm 9 oktober 2011 Betyg 5 f\u00f6r de tre f\u00f6rsta l\u00e5tarna \u201dDet lilla ljus jag har, det ska f\u00e5 lysa klart&#8230;\u201d Med de orden startade Lars Winnerb\u00e4ck sin f\u00f6rsta konsert av fyra p\u00e5 Cirkus i Stockholm nu i oktober 2011. Ljuset startade som en soluppg\u00e5ng i ett bl\u00e5tt kv\u00e4llsljus. Ett jubel h\u00f6rdes [&hellip;]<\/p>\n","protected":false},"author":13,"featured_media":0,"comment_status":"open","ping_status":"open","sticky":false,"template":"","format":"standard","meta":{"_genesis_hide_title":false,"_genesis_hide_breadcrumbs":false,"_genesis_hide_singular_image":false,"_genesis_hide_footer_widgets":false,"_genesis_custom_body_class":"","_genesis_custom_post_class":"","_genesis_layout":"","footnotes":""},"categories":[16],"tags":[1007,12282,6421],"class_list":{"0":"post-42152","1":"post","2":"type-post","3":"status-publish","4":"format-standard","6":"category-recension","7":"tag-cirkus","8":"tag-musik","9":"tag-winnerback","10":"entry"},"_links":{"self":[{"href":"https:\/\/kulturbloggen.com\/index.php?rest_route=\/wp\/v2\/posts\/42152","targetHints":{"allow":["GET"]}}],"collection":[{"href":"https:\/\/kulturbloggen.com\/index.php?rest_route=\/wp\/v2\/posts"}],"about":[{"href":"https:\/\/kulturbloggen.com\/index.php?rest_route=\/wp\/v2\/types\/post"}],"author":[{"embeddable":true,"href":"https:\/\/kulturbloggen.com\/index.php?rest_route=\/wp\/v2\/users\/13"}],"replies":[{"embeddable":true,"href":"https:\/\/kulturbloggen.com\/index.php?rest_route=%2Fwp%2Fv2%2Fcomments&post=42152"}],"version-history":[{"count":0,"href":"https:\/\/kulturbloggen.com\/index.php?rest_route=\/wp\/v2\/posts\/42152\/revisions"}],"wp:attachment":[{"href":"https:\/\/kulturbloggen.com\/index.php?rest_route=%2Fwp%2Fv2%2Fmedia&parent=42152"}],"wp:term":[{"taxonomy":"category","embeddable":true,"href":"https:\/\/kulturbloggen.com\/index.php?rest_route=%2Fwp%2Fv2%2Fcategories&post=42152"},{"taxonomy":"post_tag","embeddable":true,"href":"https:\/\/kulturbloggen.com\/index.php?rest_route=%2Fwp%2Fv2%2Ftags&post=42152"}],"curies":[{"name":"wp","href":"https:\/\/api.w.org\/{rel}","templated":true}]}}