{"id":42101,"date":"2011-10-10T11:54:12","date_gmt":"2011-10-10T09:54:12","guid":{"rendered":"http:\/\/kulturbloggen.com\/?p=42101"},"modified":"2011-10-10T11:54:12","modified_gmt":"2011-10-10T09:54:12","slug":"iphone-4s-salde-slut-direkt","status":"publish","type":"post","link":"https:\/\/kulturbloggen.com\/?p=42101","title":{"rendered":"IPhone 4S s\u00e5lde slut direkt"},"content":{"rendered":"<p><a href=\"http:\/\/kulturbloggen.com\/wp-content\/uploads\/2011\/10\/iPhone_4S.jpg\"><img loading=\"lazy\" decoding=\"async\" src=\"http:\/\/kulturbloggen.com\/wp-content\/uploads\/2011\/10\/iPhone_4S-237x300.jpg\" alt=\"\" title=\"iPhone_4S\" width=\"237\" height=\"300\" class=\"aligncenter size-medium wp-image-42102\" \/><\/a><\/p>\n<p>M\u00e5nga blev besvikna n\u00e4r Apple p\u00e5 den i f\u00f6rv\u00e4g v\u00e4ldigt hajpade presskonferensen inte presenterade n\u00e5gon iPhone 5 utan ist\u00e4llet en iPhone 4S. Besvikelsen tycks ha lagt sig. N\u00e4r Apple \u00f6ppnade f\u00f6r best\u00e4llningar av 4S s\u00e5lde den slut direkt.<\/p>\n<p><a href=\"http:\/\/macworld.idg.se\/2.1038\/1.409094\/iphone-4s-slutsald-redan-forsta-dygnet\">MacWorld ber\u00e4ttar<\/a>:<\/p>\n<blockquote><p>I fredags b\u00f6rjade Apple ta emot f\u00f6rhandsbest\u00e4llningar av f\u00f6retagets nya <a href=\"http:\/\/macworld.idg.se\/2.1038\/1.408285\">iPhone 4S<\/a> i USA. Det dr\u00f6jde dock inte l\u00e4nge innan det f\u00f6rsta partiet s\u00e5lde slut d\u00e5 Apple sent p\u00e5 fredagen \u00e4ndrade ber\u00e4knat leveransdatum fr\u00e5n 14 oktober till \u201dmellan 1-2 veckor\u201d.\n<\/p><\/blockquote>\n<p>iPhone 4S sl\u00e4pps i Sverige den 28 oktober. <\/p>\n<p>L\u00e4s \u00e4ven andra bloggares \u00e5sikter om <a href=\"http:\/\/bloggar.se\/om\/iphone+4S\" rel=\"tag\">iphone 4S<\/a>, <a href=\"http:\/\/bloggar.se\/om\/sluts%E5lt\" rel=\"tag\">sluts\u00e5lt<\/a><\/p>\n","protected":false},"excerpt":{"rendered":"<p>M\u00e5nga blev besvikna n\u00e4r Apple p\u00e5 den i f\u00f6rv\u00e4g v\u00e4ldigt hajpade presskonferensen inte presenterade n\u00e5gon iPhone 5 utan ist\u00e4llet en iPhone 4S. Besvikelsen tycks ha lagt sig. N\u00e4r Apple \u00f6ppnade f\u00f6r best\u00e4llningar av 4S s\u00e5lde den slut direkt. MacWorld ber\u00e4ttar: I fredags b\u00f6rjade Apple ta emot f\u00f6rhandsbest\u00e4llningar av f\u00f6retagets nya iPhone 4S i USA. Det [&hellip;]<\/p>\n","protected":false},"author":13,"featured_media":0,"comment_status":"open","ping_status":"open","sticky":false,"template":"","format":"standard","meta":{"_genesis_hide_title":false,"_genesis_hide_breadcrumbs":false,"_genesis_hide_singular_image":false,"_genesis_hide_footer_widgets":false,"_genesis_custom_body_class":"","_genesis_custom_post_class":"","_genesis_layout":"","footnotes":""},"categories":[20],"tags":[2542,5188],"class_list":{"0":"post-42101","1":"post","2":"type-post","3":"status-publish","4":"format-standard","6":"category-film","7":"tag-iphone-4s","8":"tag-slutsalt","9":"entry"},"_links":{"self":[{"href":"https:\/\/kulturbloggen.com\/index.php?rest_route=\/wp\/v2\/posts\/42101","targetHints":{"allow":["GET"]}}],"collection":[{"href":"https:\/\/kulturbloggen.com\/index.php?rest_route=\/wp\/v2\/posts"}],"about":[{"href":"https:\/\/kulturbloggen.com\/index.php?rest_route=\/wp\/v2\/types\/post"}],"author":[{"embeddable":true,"href":"https:\/\/kulturbloggen.com\/index.php?rest_route=\/wp\/v2\/users\/13"}],"replies":[{"embeddable":true,"href":"https:\/\/kulturbloggen.com\/index.php?rest_route=%2Fwp%2Fv2%2Fcomments&post=42101"}],"version-history":[{"count":0,"href":"https:\/\/kulturbloggen.com\/index.php?rest_route=\/wp\/v2\/posts\/42101\/revisions"}],"wp:attachment":[{"href":"https:\/\/kulturbloggen.com\/index.php?rest_route=%2Fwp%2Fv2%2Fmedia&parent=42101"}],"wp:term":[{"taxonomy":"category","embeddable":true,"href":"https:\/\/kulturbloggen.com\/index.php?rest_route=%2Fwp%2Fv2%2Fcategories&post=42101"},{"taxonomy":"post_tag","embeddable":true,"href":"https:\/\/kulturbloggen.com\/index.php?rest_route=%2Fwp%2Fv2%2Ftags&post=42101"}],"curies":[{"name":"wp","href":"https:\/\/api.w.org\/{rel}","templated":true}]}}