{"id":41890,"date":"2011-10-06T17:22:00","date_gmt":"2011-10-06T15:22:00","guid":{"rendered":"http:\/\/kulturbloggen.com\/?p=41890"},"modified":"2011-10-06T17:22:00","modified_gmt":"2011-10-06T15:22:00","slug":"tuner-monet-och-twombly-sent-maleri-pa-moderna-museet","status":"publish","type":"post","link":"https:\/\/kulturbloggen.com\/?p=41890","title":{"rendered":"Turner, Monet och Twombly &#8211; Sent m\u00e5leri p\u00e5 Moderna museet"},"content":{"rendered":"<p><img loading=\"lazy\" decoding=\"async\" src=\"http:\/\/kulturbloggen.com\/wp-content\/uploads\/2011\/10\/Turner-Monet-Twombly-Later-Paintings4212.jpg\" alt=\"\u00c5rets st\u00f6rsta konsth\u00e4ndelse rubricerar Moderna museet den utst\u00e4llning med giganterna Tuner, Monet och Twombly, som \u00f6ppnar nu p\u00e5 l\u00f6rdag den 8 oktober. Jag konstaterar efter att ha bevistat dagens pressvisning att det finns ingen som helst anledning att bestrida detta p\u00e5st\u00e5ende.\" title=\"Cy Twombly, Untitled, 2007\" width=\"500\" height=\"282\" class=\"alignnone size-full wp-image-41888\" \/><em>Cy Twombly, Untitled, 2007. Fr\u00e5n  &#8221;Turner, Monet, Twombly &#8211; Sent m\u00e5leri&#8221;. Moderna Museet, Stockholm 2011. <br \/>Foto: Anders L\u00f6wdin.<\/em><\/p>\n<p><strong>\u00c5rets st\u00f6rsta konsth\u00e4ndelse rubricerar Moderna museet den utst\u00e4llning med giganterna Tuner, Monet och Twombly, som \u00f6ppnar nu p\u00e5 l\u00f6rdag den 8 oktober. Jag konstaterar efter att ha bevistat dagens pressvisning att det finns ingen som helst anledning att bestrida detta p\u00e5st\u00e5ende.<\/strong><\/p>\n<p>N\u00e4r jag tidigare i h\u00f6stas h\u00f6rde om denna utst\u00e4llning lockade den mig inte s\u00e4rdeles mycket med undantaget att jag vart lite upphetsad av m\u00f6jligheten att f\u00e5 se Cy Twombly. Jag har nu \u00e4ndrat mig. Det \u00e4r verkligen ett bra grepp att presentera dessa tre herrar m\u00e5lare tillsammans. Det ger betydelse, mening och man liksom h\u00f6r snacket i salarna dem i mellan. Tre herrar som diskuterar det f\u00f6rg\u00e4ngliga livet och vad som \u00e5terst\u00e5r av detsamma men \u00e4ven livets sinnliga och erotiska sidor.  <\/p>\n<p><img loading=\"lazy\" decoding=\"async\" src=\"http:\/\/kulturbloggen.com\/wp-content\/uploads\/2011\/10\/Jeremy-Lewison4251.jpg\" alt=\"\" title=\"Jeremy Lewison\" width=\"500\" height=\"333\" class=\"alignnone size-full wp-image-41889\" \/><em>Curator Jeremy Lewison framf\u00f6r Quattro Stagioni. (En m\u00e5lning i fyra delar). Cy Twombly 1993-95. <br \/>Foto: Anders L\u00f6wdin. <\/em><\/p>\n<p>Man har delat in utst\u00e4llningen i sju teman Atmosf\u00e4r, Sk\u00f6nhet, kraft och rymd, Intet s\u00e5 ljuvt som melankolin, \u00c5rstiderna, Eld och vatten, Livskraften och En flytande v\u00e4rld. Vackert s\u00e5. Curator f\u00f6r utst\u00e4llningen \u00e4r meriterande Jeremy Lewison.<\/p>\n<blockquote><p>\u201dUtst\u00e4llningen presenterar verk fr\u00e5n andra h\u00e4lften av deras karri\u00e4rer, fr\u00e5n en period d\u00e5 de yttre striderna har vunnits och de inre tar vid.\u201d Programh\u00e4ftet, Moderna museet.<\/p><\/blockquote>\n<p><img loading=\"lazy\" decoding=\"async\" src=\"http:\/\/kulturbloggen.com\/wp-content\/uploads\/2011\/10\/Jo-Widoff-och-Jeremy-Lewison4159.jpg\" alt=\"\" title=\"Jo Widoff och Jeremy Lewison\" width=\"320\" height=\"481\" class=\"alignnone size-full wp-image-41909\" \/><em>Curator: <a href=\"http:\/\/www.jeremylewison.co.uk\/ \">Jeremy Lewison<\/a>. Assisterande intendent: Jo Widoff. <br \/>Foto: Anders L\u00f6wdin. <\/em> <\/p>\n<p>S\u00e5 \u00e4r du det mista intresserad av storslaget m\u00e5leri s\u00e5 f\u00e5r du inte missa denna stora utst\u00e4llning. Det \u00e4r en anspr\u00e5ksfull utst\u00e4llning som r\u00e4knar med att bli omskriven och s\u00e4tta sp\u00e5r. Och du det har tagit hela sex \u00e5r att producera &#8230;  R\u00e4kna med att det blir tr\u00e5ngt i Moderna museets salar fram\u00f6ver.<\/p>\n<p>Utst\u00e4llningen p\u00e5g\u00e5r till och med den 15 januari 2012.  L\u00e4nk till <a href=\"http:\/\/www.modernamuseet.se\/sv\/Stockholm\/Utstallningar\/2011\/Turner-Monet-Twombly\/ \">Moderna museet<\/a> och en presentation av utst\u00e4llningen.<\/p>\n<p>L\u00e4s \u00e4ven andra bloggares \u00e5sikter om <a href=\"http:\/\/bloggar.se\/om\/J.+M.W.+Turner\" rel=\"tag\">J. M.W. Turner<\/a>, <a href=\"http:\/\/bloggar.se\/om\/Claude+Monet\" rel=\"tag\">Claude Monet<\/a>, <a href=\"http:\/\/bloggar.se\/om\/Cy+Twombly\" rel=\"tag\">Cy Twombly<\/a>, <a href=\"http:\/\/bloggar.se\/om\/konst\" rel=\"tag\">konst<\/a>, <a href=\"http:\/\/bloggar.se\/om\/m%E5leri\" rel=\"tag\">m\u00e5leri<\/a>, <a href=\"http:\/\/bloggar.se\/om\/Jeremy+Lewison\" rel=\"tag\">Jeremy Lewison<\/a>, <a href=\"http:\/\/bloggar.se\/om\/Moderna+museet\" rel=\"tag\">Moderna museet<\/a><\/p>\n","protected":false},"excerpt":{"rendered":"<p>Cy Twombly, Untitled, 2007. Fr\u00e5n &#8221;Turner, Monet, Twombly &#8211; Sent m\u00e5leri&#8221;. Moderna Museet, Stockholm 2011. Foto: Anders L\u00f6wdin. \u00c5rets st\u00f6rsta konsth\u00e4ndelse rubricerar Moderna museet den utst\u00e4llning med giganterna Tuner, Monet och Twombly, som \u00f6ppnar nu p\u00e5 l\u00f6rdag den 8 oktober. Jag konstaterar efter att ha bevistat dagens pressvisning att det finns ingen som helst anledning [&hellip;]<\/p>\n","protected":false},"author":13,"featured_media":0,"comment_status":"open","ping_status":"open","sticky":false,"template":"","format":"standard","meta":{"_genesis_hide_title":false,"_genesis_hide_breadcrumbs":false,"_genesis_hide_singular_image":false,"_genesis_hide_footer_widgets":false,"_genesis_custom_body_class":"","_genesis_custom_post_class":"","_genesis_layout":"","footnotes":""},"categories":[20],"tags":[1015,1089,2586,2656,3009,3887,3740],"class_list":{"0":"post-41890","1":"post","2":"type-post","3":"status-publish","4":"format-standard","6":"category-film","7":"tag-claude-monet","8":"tag-cy-twombly","9":"tag-j-m-w-turner","10":"tag-jeremy-lewison","11":"tag-konst","12":"tag-maleri","13":"tag-moderna-museet","14":"entry"},"_links":{"self":[{"href":"https:\/\/kulturbloggen.com\/index.php?rest_route=\/wp\/v2\/posts\/41890","targetHints":{"allow":["GET"]}}],"collection":[{"href":"https:\/\/kulturbloggen.com\/index.php?rest_route=\/wp\/v2\/posts"}],"about":[{"href":"https:\/\/kulturbloggen.com\/index.php?rest_route=\/wp\/v2\/types\/post"}],"author":[{"embeddable":true,"href":"https:\/\/kulturbloggen.com\/index.php?rest_route=\/wp\/v2\/users\/13"}],"replies":[{"embeddable":true,"href":"https:\/\/kulturbloggen.com\/index.php?rest_route=%2Fwp%2Fv2%2Fcomments&post=41890"}],"version-history":[{"count":0,"href":"https:\/\/kulturbloggen.com\/index.php?rest_route=\/wp\/v2\/posts\/41890\/revisions"}],"wp:attachment":[{"href":"https:\/\/kulturbloggen.com\/index.php?rest_route=%2Fwp%2Fv2%2Fmedia&parent=41890"}],"wp:term":[{"taxonomy":"category","embeddable":true,"href":"https:\/\/kulturbloggen.com\/index.php?rest_route=%2Fwp%2Fv2%2Fcategories&post=41890"},{"taxonomy":"post_tag","embeddable":true,"href":"https:\/\/kulturbloggen.com\/index.php?rest_route=%2Fwp%2Fv2%2Ftags&post=41890"}],"curies":[{"name":"wp","href":"https:\/\/api.w.org\/{rel}","templated":true}]}}