{"id":41848,"date":"2011-10-06T10:37:09","date_gmt":"2011-10-06T08:37:09","guid":{"rendered":"http:\/\/kulturbloggen.com\/?p=41848"},"modified":"2011-10-06T10:37:09","modified_gmt":"2011-10-06T08:37:09","slug":"motstandets-tid-om-en-omojlig-karlekshistoria-i-skuggan-av-baader-meinhof","status":"publish","type":"post","link":"https:\/\/kulturbloggen.com\/?p=41848","title":{"rendered":"Motst\u00e5ndets tid om en om\u00f6jlig k\u00e4rlekshistoria i skuggan av Baader-Meinhof"},"content":{"rendered":"<p><a href=\"http:\/\/kulturbloggen.com\/wp-content\/uploads\/2011\/10\/motstandets-tid.jpg\"><img loading=\"lazy\" decoding=\"async\" src=\"http:\/\/kulturbloggen.com\/wp-content\/uploads\/2011\/10\/motstandets-tid-300x169.jpg\" alt=\"\" title=\"motstandets-tid\" width=\"300\" height=\"169\" class=\"aligncenter size-medium wp-image-41855\" \/><\/a><\/p>\n<p>Motst\u00e5ndets tid<br \/>\nBetyg 3<br \/>\nSvensk premi\u00e4r 7 oktober 2011<\/p>\n<p>Andres Veiel \u00e4r dokument\u00e4rfilmare. Det m\u00e4rks i hur han valt att presentera sin nya film Motst\u00e5ndets Tid som \u00e4r en spelfilm men i f\u00f6rsta halvan f\u00f6rmedlar en stark dokument\u00e4r k\u00e4nsla. Dels \u00e4r det filmens f\u00e4rgs\u00e4ttning, i murriga brunskalor, blekta f\u00e4rger och med inklipp av svartvita nyhetsklipp om Kennedy, Vietnamkriget, Berlinmuren och andra aktuella nyheter fr\u00e5n tiden som filmen skildrar.<\/p>\n<p>Filmen \u00e4r en spelfilm men bygger p\u00e5 verkliga h\u00e4ndelser och verkliga m\u00e4nniskor. Den startar i d\u00e5varande V\u00e4sttyskland och det \u00e4r tidigt sextiotal. Bernward Vesper \u00e4r son till en f\u00f6rfattare som st\u00f6dde Hitler. Ett tungt arv f\u00f6r en ung man som dras till v\u00e4nstern. P\u00e5 universitetet tr\u00e4ffar han Gudrun Ensslin som har en tung b\u00f6rda: hon \u00e4r ett av sex barn och det barn som hennes far valt ska f\u00e5 studera vidare.<\/p>\n<p>Den som kan sin Baader-Meinhof-historia vet att Gudrun Ensslin s\u00e5 sm\u00e5ningom blev en av ledarna d\u00e4r, tillsammans med Andreas Baader.<\/p>\n<p>Filmen fokuserar p\u00e5 Bernwards och Gudruns k\u00e4rlekshistoria i en brytningstid i V\u00e4sttyskland. Det \u00e4r bara tjugo \u00e5r efter nazismen och det finns ett stort hat mot USA, d\u00e4r finns ett kvinnof\u00f6rtryck, m\u00e4nnen och papporna best\u00e4mmer allt i familjerna och samtidigt p\u00e5verkas de unga av rockmusik och en ny inst\u00e4llning till friare sex.<\/p>\n<p>Bernward och Gudrun har en turbulent relation. De talar om att ha ett fritt f\u00f6rh\u00e5llande, att det \u00e4r till\u00e5tet att ha sex med andra vid sidan om. Det \u00e4r l\u00e4tt att s\u00e4ga, men sv\u00e5rt n\u00e4r det h\u00e4nder. De f\u00f6rsta \u00e5ren \u00e4r det Bernward som g\u00e4rna har sex med andra och Gudrun som g\u00f6r ett sj\u00e4lvmordsf\u00f6rs\u00f6k. Men n\u00e4r de flyttat till Berlin och kommer in i det intellektuella v\u00e4nsterg\u00e4nget m\u00f6ter de Andreas Baader. Gudrun dras till Andreas Baader, b\u00e5de sexuellt och politiskt. <\/p>\n<p>Filmen \u00e4r stark men k\u00e4nns lite l\u00e5ng, den \u00e4r drygt tv\u00e5 timmar. Regiss\u00f6ren har valt att fokusera p\u00e5 Bernward och Gudrun och deras relation, vilket g\u00f6r att Andreas Baader kommer i skymundan och blir sv\u00e5r att f\u00f6rst\u00e5.<\/p>\n<p>Bernward \u00e4r den vi kommer n\u00e4rmast, vi m\u00f6ter honom redan som liten pojke n\u00e4r hans pappa d\u00f6dar hans katt f\u00f6r att katten har d\u00f6dat n\u00e4ktergalens ungar.<br \/>\n&#8211; Katten \u00e4r djurv\u00e4rldens judar, den f\u00f6rst\u00f6r det som \u00e4r vackert, f\u00f6rklarar pappan med lille Bernward i sitt kn\u00e4.<\/p>\n<p>Jag har sv\u00e5rt att riktigt f\u00f6rst\u00e5 vad som driver Gudrun till den v\u00e5ldsrevolution\u00e4ra gruppen och till Andreas Baader. Jag tror det \u00e4r en liten brist i hur regiss\u00f6ren presenterar ber\u00e4ttelsen.<\/p>\n<p>Vad gjorde att en grupp bildades i V\u00e4sttyskland d\u00e5, som tog till v\u00e5ld f\u00f6r att de ville f\u00f6r\u00e4ndra samh\u00e4llet? Hade den tiden n\u00e5got gemensamt med v\u00e4rlden idag, det funderar jag p\u00e5 n\u00e4r jag sett filmen. Jag vet inte om regiss\u00f6ren alls hade n\u00e5gra s\u00e5dana ambitioner. F\u00f6r den tyska publiken \u00e4r det nog tillr\u00e4ckligt att f\u00f6rdjupa sig i allt kring Baader-Meinhof-ligan.<\/p>\n<p><a href=\"http:\/\/www.arbetarenzenit.se\/hyfsad-balansgang-pre-raf\/\">Daniel Lindvall har ocks\u00e5 recenserat Motst\u00e5ndets tid, hos Arbetaren.<\/a><\/p>\n<p>Regi: Andres Veiel<br \/>\nManus: Andres Veiel, Gerd Koenen<\/p>\n<p>Wer wenn nicht wir, Tyskland, 2011<br \/>\nL\u00e4ngd: 2 tim 4 min.<br \/>\nI rollerna:<br \/>\nAugust Diehl<br \/>\nLena Lauzemis<br \/>\nAlexander Fehling<br \/>\nThomas Thieme<br \/>\nImogen Kogge<br \/>\nm.fl.<br \/>\nBerlinale competition:<br \/>\nNominerad: Berlin Golden Bear<br \/>\nVinnare: Alfred Bauer Award<br \/>\nVinnare: Prize of the Guild of German Art House Cinemas<\/p>\n<p>German Film Awards:<br \/>\nVinnare: Film Award in Bronze Bester Spielfilm Andres Veiel &#038; Thomas Kufus<br \/>\nVinnare: Prize of the Guild of German Art<\/p>\n<p><iframe loading=\"lazy\" width=\"640\" height=\"360\" src=\"http:\/\/www.youtube.com\/embed\/pVaQYVvdXf8\" frameborder=\"0\" allowfullscreen><\/iframe><\/p>\n<p>L\u00e4s \u00e4ven andra bloggares \u00e5sikter om <a href=\"http:\/\/bloggar.se\/om\/Tyskland\" rel=\"tag\">Tyskland<\/a>, <a href=\"http:\/\/bloggar.se\/om\/Baader-Meinhof\" rel=\"tag\">Baader-Meinhof<\/a>, <a href=\"http:\/\/bloggar.se\/om\/Gudrun+Ensslin\" rel=\"tag\">Gudrun Ensslin<\/a>, <a href=\"http:\/\/bloggar.se\/om\/V%E4sttyskland\" rel=\"tag\">V\u00e4sttyskland<\/a>, <a href=\"http:\/\/bloggar.se\/om\/filmrecension\" rel=\"tag\">filmrecension<\/a>, <a href=\"http:\/\/bloggar.se\/om\/RAF\" rel=\"tag\">RAF<\/a>, <a href=\"http:\/\/bloggar.se\/om\/samh%E4lle\" rel=\"tag\">samh\u00e4lle<\/a><\/p>\n","protected":false},"excerpt":{"rendered":"<p>Motst\u00e5ndets tid Betyg 3 Svensk premi\u00e4r 7 oktober 2011 Andres Veiel \u00e4r dokument\u00e4rfilmare. Det m\u00e4rks i hur han valt att presentera sin nya film Motst\u00e5ndets Tid som \u00e4r en spelfilm men i f\u00f6rsta halvan f\u00f6rmedlar en stark dokument\u00e4r k\u00e4nsla. Dels \u00e4r det filmens f\u00e4rgs\u00e4ttning, i murriga brunskalor, blekta f\u00e4rger och med inklipp av svartvita nyhetsklipp [&hellip;]<\/p>\n","protected":false},"author":2,"featured_media":0,"comment_status":"open","ping_status":"open","sticky":false,"template":"","format":"standard","meta":{"_genesis_hide_title":false,"_genesis_hide_breadcrumbs":false,"_genesis_hide_singular_image":false,"_genesis_hide_footer_widgets":false,"_genesis_custom_body_class":"","_genesis_custom_post_class":"","_genesis_layout":"","footnotes":""},"categories":[50,51,16],"tags":[481,1738,2117,4630,4917,6051,6328],"class_list":{"0":"post-41848","1":"post","2":"type-post","3":"status-publish","4":"format-standard","6":"category-filmfilm","7":"category-filmer","8":"category-recension","9":"tag-baader-meinhof","10":"tag-filmrecension","11":"tag-gudrun-ensslin","12":"tag-raf","13":"tag-samhalle","14":"tag-tyskland","15":"tag-vasttyskland","16":"entry"},"_links":{"self":[{"href":"https:\/\/kulturbloggen.com\/index.php?rest_route=\/wp\/v2\/posts\/41848","targetHints":{"allow":["GET"]}}],"collection":[{"href":"https:\/\/kulturbloggen.com\/index.php?rest_route=\/wp\/v2\/posts"}],"about":[{"href":"https:\/\/kulturbloggen.com\/index.php?rest_route=\/wp\/v2\/types\/post"}],"author":[{"embeddable":true,"href":"https:\/\/kulturbloggen.com\/index.php?rest_route=\/wp\/v2\/users\/2"}],"replies":[{"embeddable":true,"href":"https:\/\/kulturbloggen.com\/index.php?rest_route=%2Fwp%2Fv2%2Fcomments&post=41848"}],"version-history":[{"count":0,"href":"https:\/\/kulturbloggen.com\/index.php?rest_route=\/wp\/v2\/posts\/41848\/revisions"}],"wp:attachment":[{"href":"https:\/\/kulturbloggen.com\/index.php?rest_route=%2Fwp%2Fv2%2Fmedia&parent=41848"}],"wp:term":[{"taxonomy":"category","embeddable":true,"href":"https:\/\/kulturbloggen.com\/index.php?rest_route=%2Fwp%2Fv2%2Fcategories&post=41848"},{"taxonomy":"post_tag","embeddable":true,"href":"https:\/\/kulturbloggen.com\/index.php?rest_route=%2Fwp%2Fv2%2Ftags&post=41848"}],"curies":[{"name":"wp","href":"https:\/\/api.w.org\/{rel}","templated":true}]}}