{"id":41620,"date":"2011-09-30T10:34:06","date_gmt":"2011-09-30T08:34:06","guid":{"rendered":"http:\/\/kulturbloggen.com\/?p=41620"},"modified":"2011-09-30T10:34:06","modified_gmt":"2011-09-30T08:34:06","slug":"fran-premiaren-av-vanner-pa-stockholms-stadsteater","status":"publish","type":"post","link":"https:\/\/kulturbloggen.com\/?p=41620","title":{"rendered":"Fr\u00e5n premi\u00e4ren av V\u00e4nner p\u00e5 Stockholms stadsteater"},"content":{"rendered":"<figure id=\"attachment_41621\" aria-describedby=\"caption-attachment-41621\" style=\"width: 300px\" class=\"wp-caption aligncenter\"><a href=\"http:\/\/kulturbloggen.com\/wp-content\/uploads\/2011\/09\/V%C3%A4nner1.jpg\"><img loading=\"lazy\" decoding=\"async\" class=\"size-medium wp-image-41621\" title=\"V\u00e4nner1\" src=\"http:\/\/kulturbloggen.com\/wp-content\/uploads\/2011\/09\/V%C3%A4nner1-300x182.jpg\" alt=\"\" width=\"300\" height=\"182\" \/><\/a><figcaption id=\"caption-attachment-41621\" class=\"wp-caption-text\">Berglj\u00f3t Arnad\u00f3ttir, Jan Mybrand, Allan Svensson, Jacob Nordenson, Elisabeth Carlsson och Jessica Heribertsson. Foto: Carl Thorborg.<\/figcaption><\/figure>\n<p>V\u00e4nner<br \/>\nStockholms stadsteater, Lilla scenen<br \/>\nPremi\u00e4r: 29 september 2011<\/p>\n<p>Ig\u00e5r hade Sissela Kyles regidebut med Alan Ayckbourns V\u00e4nner (Abscent Friends) premi\u00e4r p\u00e5 Stockholms stadsteater. Handlingen i den tragikomiska pj\u00e4sen \u00e4ger rum under en eftermiddag. Diana har ordnat en tebjudning f\u00f6r Colin som nyligen f\u00f6rlorat sin f\u00e4stm\u00f6 i en drunkningsolycka. Genom att samla hans gamla v\u00e4nner &#8211; mer eller mindre motvilligt &#8211; och deras respektive vill hon muntra upp Colin, som ingen av dem har tr\u00e4ffat p\u00e5 flera \u00e5r.<\/p>\n<p>Men n\u00e4r Colin dyker upp blir det inte alls som de har t\u00e4nkt sig. Trots flickv\u00e4nnens d\u00f6d \u00e4r den gamle v\u00e4nnen of\u00f6rsk\u00e4mt lycklig och pratar oavbrutet om Carol. Ist\u00e4llet f\u00f6r att v\u00e4nnerna muntrar upp Colin blir Colin en katalysator p\u00e5 de andras problem och den utl\u00f6sande faktorn f\u00f6r ett nerv\u00f6st sammanbrott hos minst en av v\u00e4nnerna.<\/p>\n<p>&#8221;Komedin uppst\u00e5r i det besv\u00e4rliga, i pinsamheterna, i hemligheterna. Ingen s\u00e4ger som det \u00e4r. Den handlar om m\u00e4nniskor som \u00e4r missn\u00f6jda och st\u00e5r handfallna inf\u00f6r sina egna liv. Det \u00e4r v\u00e4ldigt igenk\u00e4nningsbart och tyv\u00e4rr har ju Ayckbourn r\u00e4tt i sina portr\u00e4tt att vi p\u00e5 m\u00e5nga s\u00e4tt lever alienerade fr\u00e5n varandra, &#8211; Komedin uppst\u00e5r i det besv\u00e4rliga, i pinsamheterna, i hemligheterna. Ingen s\u00e4ger som det \u00e4r&#8221;, ber\u00e4ttar Sissela Kyle i ett pressmeddelande fr\u00e5n Stadsteatern.<\/p>\n<p>L\u00e4s vidare i <a href=\"http:\/\/teatermagasinet.se\/?p=3254\" target=\"_blank\">Teatermagasinets recension<\/a>.<\/p>\n<figure id=\"attachment_41623\" aria-describedby=\"caption-attachment-41623\" style=\"width: 200px\" class=\"wp-caption alignright\"><a href=\"http:\/\/kulturbloggen.com\/wp-content\/uploads\/2011\/09\/V%C3%A4nner3.jpg\"><img loading=\"lazy\" decoding=\"async\" class=\"size-medium wp-image-41623\" title=\"V\u00e4nner3\" src=\"http:\/\/kulturbloggen.com\/wp-content\/uploads\/2011\/09\/V%C3%A4nner3-200x300.jpg\" alt=\"\" width=\"200\" height=\"300\" \/><\/a><figcaption id=\"caption-attachment-41623\" class=\"wp-caption-text\">Jan Mybrand. Foto: Carl Thorborg.<\/figcaption><\/figure>\n<p>V\u00e4nner<br \/>\nAv Alan Ayckbourn<\/p>\n<p>\u00d6vers\u00e4ttning: Anita Dahl\/Leif Zern<br \/>\nRegi: Sissela Kyle<br \/>\nScenografi\/kostym: Charles Koroly<br \/>\nLjus: Patrik Bog\u00e5rdh<br \/>\nLjud: Jens Ingolf, Ola Stenstr\u00f6m<br \/>\nMask: Frida Johansson<\/p>\n<p>I rollerna<br \/>\nPaul: Allan Svensson<br \/>\nDiana: Berglj\u00f3t Arnad\u00f3ttir<br \/>\nJohn: Jan Mybrand<br \/>\nEvelyn: Jessica Heribertsson<br \/>\nColin: Jacob Nordenson<br \/>\nMarge: Elisabeth Carlsson<\/p>\n<p>L\u00e4s mer om den brittiska dramatikern <a href=\"http:\/\/www.alanayckbourn.net\/\" target=\"_blank\">Sir Alan Ayckbourn<\/a>.<\/p>\n<figure id=\"attachment_41622\" aria-describedby=\"caption-attachment-41622\" style=\"width: 300px\" class=\"wp-caption aligncenter\"><a href=\"http:\/\/kulturbloggen.com\/wp-content\/uploads\/2011\/09\/V%C3%A4nner4.jpg\"><img loading=\"lazy\" decoding=\"async\" class=\"size-medium wp-image-41622\" title=\"V\u00e4nner4\" src=\"http:\/\/kulturbloggen.com\/wp-content\/uploads\/2011\/09\/V%C3%A4nner4-300x200.jpg\" alt=\"\" width=\"300\" height=\"200\" \/><\/a><figcaption id=\"caption-attachment-41622\" class=\"wp-caption-text\">Elisabeth Carlsson och Jessica Heribertsson. Foto: Carl Thorborg.<\/figcaption><\/figure>\n<p>L\u00e4s \u00e4ven andra bloggares \u00e5sikter om <a href=\"http:\/\/bloggar.se\/om\/Alan+Ayckbourn\" rel=\"tag\">Alan Ayckbourn<\/a>, <a href=\"http:\/\/bloggar.se\/om\/Stockholms+stadsteater\" rel=\"tag\">Stockholms stadsteater<\/a>, <a href=\"http:\/\/bloggar.se\/om\/komedi\" rel=\"tag\">komedi<\/a>, <a href=\"http:\/\/bloggar.se\/om\/Sissela+Kyle\" rel=\"tag\">Sissela Kyle<\/a><\/p>\n","protected":false},"excerpt":{"rendered":"<p>V\u00e4nner Stockholms stadsteater, Lilla scenen Premi\u00e4r: 29 september 2011 Ig\u00e5r hade Sissela Kyles regidebut med Alan Ayckbourns V\u00e4nner (Abscent Friends) premi\u00e4r p\u00e5 Stockholms stadsteater. Handlingen i den tragikomiska pj\u00e4sen \u00e4ger rum under en eftermiddag. Diana har ordnat en tebjudning f\u00f6r Colin som nyligen f\u00f6rlorat sin f\u00e4stm\u00f6 i en drunkningsolycka. Genom att samla hans gamla v\u00e4nner [&hellip;]<\/p>\n","protected":false},"author":13,"featured_media":0,"comment_status":"open","ping_status":"open","sticky":false,"template":"","format":"standard","meta":{"_genesis_hide_title":false,"_genesis_hide_breadcrumbs":false,"_genesis_hide_singular_image":false,"_genesis_hide_footer_widgets":false,"_genesis_custom_body_class":"","_genesis_custom_post_class":"","_genesis_layout":"","footnotes":""},"categories":[16,20,30,31],"tags":[2984,5420],"class_list":{"0":"post-41620","1":"post","2":"type-post","3":"status-publish","4":"format-standard","6":"category-recension","7":"category-film","8":"category-teater","9":"category-teaterrecension","10":"tag-komedi","11":"tag-stockholms-stadsteater","12":"entry"},"_links":{"self":[{"href":"https:\/\/kulturbloggen.com\/index.php?rest_route=\/wp\/v2\/posts\/41620","targetHints":{"allow":["GET"]}}],"collection":[{"href":"https:\/\/kulturbloggen.com\/index.php?rest_route=\/wp\/v2\/posts"}],"about":[{"href":"https:\/\/kulturbloggen.com\/index.php?rest_route=\/wp\/v2\/types\/post"}],"author":[{"embeddable":true,"href":"https:\/\/kulturbloggen.com\/index.php?rest_route=\/wp\/v2\/users\/13"}],"replies":[{"embeddable":true,"href":"https:\/\/kulturbloggen.com\/index.php?rest_route=%2Fwp%2Fv2%2Fcomments&post=41620"}],"version-history":[{"count":0,"href":"https:\/\/kulturbloggen.com\/index.php?rest_route=\/wp\/v2\/posts\/41620\/revisions"}],"wp:attachment":[{"href":"https:\/\/kulturbloggen.com\/index.php?rest_route=%2Fwp%2Fv2%2Fmedia&parent=41620"}],"wp:term":[{"taxonomy":"category","embeddable":true,"href":"https:\/\/kulturbloggen.com\/index.php?rest_route=%2Fwp%2Fv2%2Fcategories&post=41620"},{"taxonomy":"post_tag","embeddable":true,"href":"https:\/\/kulturbloggen.com\/index.php?rest_route=%2Fwp%2Fv2%2Ftags&post=41620"}],"curies":[{"name":"wp","href":"https:\/\/api.w.org\/{rel}","templated":true}]}}