{"id":4161,"date":"2008-11-09T11:49:32","date_gmt":"2008-11-09T10:49:32","guid":{"rendered":"http:\/\/kulturbloggen.com\/?p=4161"},"modified":"2008-11-09T11:49:32","modified_gmt":"2008-11-09T10:49:32","slug":"halal-tv-ar-en-skymf-mot-det-sekulara-samhallet","status":"publish","type":"post","link":"https:\/\/kulturbloggen.com\/?p=4161","title":{"rendered":"&quot;Halal-tv \u00e4r en skymf mot det sekul\u00e4ra samh\u00e4llet&quot;"},"content":{"rendered":"<p><img loading=\"lazy\" decoding=\"async\" src=\"http:\/\/sodergren.com\/kulturbloggen\/wp-content\/uploads\/2008\/11\/halal125.jpg\" alt=\"\" title=\"halal125\" width=\"125\" height=\"250\" class=\"alignright size-full wp-image-4163\" \/><\/p>\n<blockquote><p>Halal-TV \u00e4r en skymf mot det sekul\u00e4ra samh\u00e4llet i synnerhet vid en tidpunkt n\u00e4r det i dagarna rapporterats hur en tretton\u00e5rig flicka offentligt stenats till d\u00f6ds i Somalia av islamistisk milis som straff n\u00e4r hon f\u00f6rs\u00f6kt anm\u00e4la en gruppv\u00e5ldt\u00e4kt.<\/p><\/blockquote>\n<p><a href=\"http:\/\/www.aftonbladet.se\/debatt\/article3722344.ab\">Skriver en l\u00e5ng debatt\u00f6rer i debattartikel i Aftonbladet.<\/a><\/p>\n<p>Flera av debatt\u00f6rerna har sj\u00e4lva bakgrund i muslimska l\u00e4nder. Det g\u00e5r inte att s\u00e4ga att de \u00e4r fr\u00e4mlingsfientliga, vilket ju ofta \u00e4r svenskar som uttalar sig kritiskt om islam blir beskyllda f\u00f6r.<\/p>\n<p>Om Halal-TV varit ett religi\u00f6st program och skildrat tre starkt troende muslimska unga kvinnors liv hade det varit intressant. Men n\u00e4r \u00e4r ett samh\u00e4llsprogram blir reaktionerna starka. Debatt\u00f6rerna skriver:<\/p>\n<blockquote><p>I Sverige lever omkring 400.000 personer med varierande anknytning till islam. M\u00e5nga har kommit till Sverige p\u00e5 flykt undan islamistiska f\u00f6rtryckarregimer. Andra \u00e4r progressiva ateister eller passiva muslimer.<br \/>\nDessa blir nu representerade av unga kvinnor som d\u00f6ljer sitt h\u00e5r under sl\u00f6jan och v\u00e4grar ta m\u00e4n i hand.<\/p><\/blockquote>\n<p>Det g\u00e5r inte l\u00e4ngre att sopa situationen under mattan.<\/p>\n<p>Jag tror att de som beslutat om program p\u00e5 SVT vill vara \u00f6ppna och vill kunna se saker ur olika synvinklar. Jag tror att deras syfte varit gott, det vill vara f\u00f6r m\u00e5ngfald och m\u00e5ngkultur. Kanske de till och med tycker det \u00e4r exotiskt och sp\u00e4nnande med en religion d\u00e4r det s\u00e5 tydligt syns att saker ses p\u00e5 ett annat s\u00e4tt. Dessa tre muslimska ut\u00f6vare \u00e4r ju, som m\u00e5nga andra kvinnor i Sverige idag, inte  kl\u00e4dda som v\u00e4sterl\u00e4nningar. Men, hur man \u00e4n g\u00f6r, har man \u00e4ndan bak, som det heter. Och om man lyfter fram den ena sidan har man samtidigt trampat p\u00e5 den andra.<\/p>\n<p>Dags att inse att v\u00e4rlden inte \u00e4r ett dagis d\u00e4r alla \u00e4r sn\u00e4lla och det g\u00e5r att vara v\u00e4n med och h\u00e5lla med alla.<\/p>\n<blockquote><p>Sl\u00f6jan \u00e4r ingen kl\u00e4dsel. Den \u00e4r ett religi\u00f6st p\u00e5bud med tydliga patriarkala v\u00e4rderingar om k\u00f6nsroller, kvinnans underordning och hennes sexualitet som m\u00e5ste d\u00f6ljas f\u00f6r alla utom den \u00e4kta maken. Den ser kvinnan och hennes sexualitet som samh\u00e4llets f\u00f6rd\u00e4rv. D\u00e4rmed \u00e4r sl\u00f6jan en skymf mot m\u00e4nnen som inte anses kunna beh\u00e4rska sin sexualitet vid \u00e5synen av en kvinna utan huvudbonad. Sl\u00f6jan \u00e4r s\u00e5ledes en symbol f\u00f6r f\u00f6rtryck av b\u00e5da k\u00f6nen.<\/p><\/blockquote>\n<p>Debatt\u00f6rerna i Aftonbladet skriver att de upplever det om att SVT  <em>sk\u00e4nker sl\u00f6jan oreserverat st\u00f6d och ger de besl\u00f6jade programledarna oinskr\u00e4nkt r\u00e4tt att kr\u00e4nka alla de medborgare som avskyr de patriarkala och religi\u00f6sa normer och v\u00e4rderingarna.<\/em><\/p>\n<p>Dags att v\u00e4lja sida. Flera av debatt\u00f6rerna kommer ocks\u00e5 fr\u00e5n muslimsk bakgrund. De \u00e4r m\u00e5nga. Varf\u00f6r lyssnar medier och SVT s\u00e5 s\u00e4llan p\u00e5 dessa grupper, de som med erfarenhet fr\u00e5n eget liv lyfter fram kritik mot delar av islam?<\/p>\n<p><img loading=\"lazy\" decoding=\"async\" src=\"http:\/\/sodergren.com\/kulturbloggen\/wp-content\/uploads\/2008\/11\/halaltv2601.jpg\" alt=\"\" title=\"halaltv2601\" width=\"260\" height=\"150\" class=\"alignright size-full wp-image-4165\" \/>Jag har varit p\u00e5 presskonferens med s\u00e5dana grupper och de svenska medierna brukar lysa med sin fr\u00e5nvaro. De svenska medierna verkar r\u00e4dda f\u00f6r att l\u00e5ta kritiker mot islam komma till tals, i synnerhet om det kommer fr\u00e5n m\u00e4nniskor med egen livserfarenhet om dess f\u00f6rtryck.<\/p>\n<p>Vilket samh\u00e4lle vill vi ha?<\/p>\n<p>Uppdatering:<\/p>\n<p><a href=\"http:\/\/svt.se\/svt\/jsp\/Crosslink.jsp?d=99366&#038;a=1302934&#038;lid=puff_1297174&#038;lpos=extra_0\">Dalia, en av de tre programledarna bloggar i SVT:s halal-tv-blogg om h\u00e4ndelsen d\u00e5 de tv\u00e5 andra programledarna inte ville ta Carl Hamilton i hand:<\/a><\/p>\n<blockquote><p>N\u00e4r man inte tar i hand s\u00e5 handlar det om fr\u00e4mmande manliga personer, allts\u00e5 \u00e4r det okej att ta kvinnor i hand. Vi skakade inte hand med Mona Sahlin f\u00f6r att provocera eller g\u00f6ra propaganda f\u00f6r socialdemokraterna, utan vi gjorde det f\u00f6r att hon var kvinna. Vi tar inte alls parti f\u00f6r n\u00e5gon!<\/p>\n<p>M\u00e5nga muslimer \u00e4r som jag, de tar i hand. Och s\u00e5 finns det muslimer som mina v\u00e4nner, de tar inte i hand. Vi ville bara visa en del av v\u00e5r vardag.<\/p><\/blockquote>\n<p>Relaterat:<br \/>\n<a href=\"http:\/\/www.dn.se\/DNet\/jsp\/polopoly.jsp?d=2204&#038;a=849361\">Dagens Nyheter<\/a><\/p>\n<p>Andra bloggar om: <a href=\"http:\/\/bloggar.se\/om\/religion\" rel=\"tag\">religion<\/a>, <a href=\"http:\/\/bloggar.se\/om\/halal\" rel=\"tag\">halal<\/a>, <a href=\"http:\/\/bloggar.se\/om\/halal-tv\" rel=\"tag\">halal-tv<\/a>, <a href=\"http:\/\/bloggar.se\/om\/islam\" rel=\"tag\">islam<\/a>, <a href=\"http:\/\/bloggar.se\/om\/sl%F6ja\" rel=\"tag\">sl\u00f6ja<\/a>, <a href=\"http:\/\/bloggar.se\/om\/huvuddok\" rel=\"tag\">huvuddok<\/a>, <a href=\"http:\/\/bloggar.se\/om\/j%E4mst%E4lldhet\" rel=\"tag\">j\u00e4mst\u00e4lldhet<\/a>, <a href=\"http:\/\/bloggar.se\/om\/tv\" rel=\"tag\">tv<\/a>, <a href=\"http:\/\/bloggar.se\/om\/SVT\" rel=\"tag\">SVT<\/a>, <a href=\"http:\/\/bloggar.se\/om\/muslimer\" rel=\"tag\">muslimer<\/a>, <a href=\"http:\/\/bloggar.se\/om\/muslimska\" rel=\"tag\">muslimska<\/a>, <a href=\"http:\/\/bloggar.se\/om\/feminism\" rel=\"tag\">feminism<\/a><\/p>\n","protected":false},"excerpt":{"rendered":"<p>Halal-TV \u00e4r en skymf mot det sekul\u00e4ra samh\u00e4llet i synnerhet vid en tidpunkt n\u00e4r det i dagarna rapporterats hur en tretton\u00e5rig flicka offentligt stenats till d\u00f6ds i Somalia av islamistisk milis som straff n\u00e4r hon f\u00f6rs\u00f6kt anm\u00e4la en gruppv\u00e5ldt\u00e4kt. Skriver en l\u00e5ng debatt\u00f6rer i debattartikel i Aftonbladet. Flera av debatt\u00f6rerna har sj\u00e4lva bakgrund i muslimska [&hellip;]<\/p>\n","protected":false},"author":2,"featured_media":0,"comment_status":"open","ping_status":"open","sticky":false,"template":"","format":"standard","meta":{"_genesis_hide_title":false,"_genesis_hide_breadcrumbs":false,"_genesis_hide_singular_image":false,"_genesis_hide_footer_widgets":false,"_genesis_custom_body_class":"","_genesis_custom_post_class":"","_genesis_layout":"","footnotes":""},"categories":[20],"tags":[4710],"class_list":{"0":"post-4161","1":"post","2":"type-post","3":"status-publish","4":"format-standard","6":"category-film","7":"tag-religion","8":"entry"},"_links":{"self":[{"href":"https:\/\/kulturbloggen.com\/index.php?rest_route=\/wp\/v2\/posts\/4161","targetHints":{"allow":["GET"]}}],"collection":[{"href":"https:\/\/kulturbloggen.com\/index.php?rest_route=\/wp\/v2\/posts"}],"about":[{"href":"https:\/\/kulturbloggen.com\/index.php?rest_route=\/wp\/v2\/types\/post"}],"author":[{"embeddable":true,"href":"https:\/\/kulturbloggen.com\/index.php?rest_route=\/wp\/v2\/users\/2"}],"replies":[{"embeddable":true,"href":"https:\/\/kulturbloggen.com\/index.php?rest_route=%2Fwp%2Fv2%2Fcomments&post=4161"}],"version-history":[{"count":0,"href":"https:\/\/kulturbloggen.com\/index.php?rest_route=\/wp\/v2\/posts\/4161\/revisions"}],"wp:attachment":[{"href":"https:\/\/kulturbloggen.com\/index.php?rest_route=%2Fwp%2Fv2%2Fmedia&parent=4161"}],"wp:term":[{"taxonomy":"category","embeddable":true,"href":"https:\/\/kulturbloggen.com\/index.php?rest_route=%2Fwp%2Fv2%2Fcategories&post=4161"},{"taxonomy":"post_tag","embeddable":true,"href":"https:\/\/kulturbloggen.com\/index.php?rest_route=%2Fwp%2Fv2%2Ftags&post=4161"}],"curies":[{"name":"wp","href":"https:\/\/api.w.org\/{rel}","templated":true}]}}