{"id":41456,"date":"2011-09-25T10:02:46","date_gmt":"2011-09-25T08:02:46","guid":{"rendered":"http:\/\/kulturbloggen.com\/?p=41456"},"modified":"2011-09-25T10:02:46","modified_gmt":"2011-09-25T08:02:46","slug":"nypremiaren-pa-tosca-pa-den-kongelige-opera-i-kopenhamn-blev-en-magnifik-upplevelse-aven-om-jag-missade-gallapremiaren","status":"publish","type":"post","link":"https:\/\/kulturbloggen.com\/?p=41456","title":{"rendered":"Nypremi\u00e4ren av &#8221;Tosca&#8221; p\u00e5 Den Kongelige Opera i K\u00f6penhamn &#8211; blev en magnifik upplevelse. \u00c4ven om jag missade &#8221;gallapremi\u00e4ren&#8221;"},"content":{"rendered":"<p><a href=\"http:\/\/kulturbloggen.com\/wp-content\/uploads\/2011\/09\/toscanypremiar2011dkt.jpg\"><img loading=\"lazy\" decoding=\"async\" src=\"http:\/\/kulturbloggen.com\/wp-content\/uploads\/2011\/09\/toscanypremiar2011dkt.jpg\" alt=\"\" title=\"toscanypremiar2011dkt\" width=\"80\" height=\"112\" class=\"aligncenter size-full wp-image-41457\" \/><\/a><br \/>\nF\u00f6r ett par veckor sedan \u00f6ppnade Den Kongelige Opera i K\u00f6penhamn s\u00e4songen 2011-12 med en nypremi\u00e4r av Puccini\u00b4s \u201dTosca\u201d. Ja, egentligen kallar man det ju f\u00f6r en \u201dgallapremi\u00e4r\u201d, men det anser jag nog att det \u00e4r lite tveksamt att kalla s\u00e4songs\u00f6ppningen med en nypremi\u00e4r f\u00f6r \u201dgallapremi\u00e4r\u201d.<\/p>\n<p>Det var Kasper Holten som b\u00f6rjade med att kalla s\u00e4songs\u00f6ppningen f\u00f6r en \u201dgalla\u201d! Det fungerar ju fint n\u00e4r man har premi\u00e4r p\u00e5 ett nytt verk eller rent av en nyupps\u00e4ttning eller uppdatering som Gunilla Brodrej kallar det f\u00f6r.<\/p>\n<p>Sj\u00e4lva id\u00e9n med att ha en \u201dgalla-\u00f6ppning\u201d \u00e4r ju inte helt fel, men min st\u00f6rsta inv\u00e4ndning handlar om att kravet p\u00e5 \u201dfestlig kl\u00e4dsel\u201d g\u00f6r att man missar n\u00e5got av syftet med att g\u00e5 p\u00e5 opera. <\/p>\n<p>Personligen  tror jag att en hel del m\u00e4nniskor skr\u00e4ms bort av kravet p\u00e5 en s\u00e4rskild dress-code och tyv\u00e4rr tror jag att detta inte bara g\u00e4ller \u201dgalla-premi\u00e4ren\u201d , som s\u00e5dan, utan vid ett operabes\u00f6k \u00f6verhuvudtaget. Men jag hoppas att jag har fel.<\/p>\n<p>I \u00e5r var det ju inget problem f\u00f6r mig eftersom jag hade valt att \u00f6vervara premi\u00e4ren av \u201dSalome\u201d p\u00e5 G\u00f6teborgsOperan samma kv\u00e4ll. Det valet gjorde jag utifr\u00e5n kravet p\u00e5 den \u201dfestliga kl\u00e4dseln\u201d som var \u00f6nskv\u00e4rd och vilket jag inte utan avsev\u00e4rda kostnader kunde uppfylla.<\/p>\n<p>Sj\u00e4lv s\u00e5g jag allts\u00e5 f\u00f6rest\u00e4llningen den 21 september och det var en helt fantastisk operaupplevelse. Vanligtvis \u00e4r det ju vanligast att jag upplever att det i huvudsak \u00e4r en bra f\u00f6rest\u00e4llning, men tyv\u00e4rr \u00e4r det alltid n\u00e5got som f\u00f6rd\u00e4rvar helhetsintycket. Det \u00e4r fullt f\u00f6rst\u00e5eligt och inte alls n\u00e5got m\u00e4rkv\u00e4rdigt: <\/p>\n<p>S\u00e5ngare, precis som alla andra m\u00e4nniskor, blir f\u00f6rkylda och d\u00e4rmed indisponerade och detta faktum \u00e4r sj\u00e4lvfallet inget att g\u00f6ra n\u00e5got \u00e5t&#8230;<\/p>\n<p>Jag s\u00e5g f\u00f6r \u00f6vrigt upps\u00e4ttningen redan n\u00e4r den hade premi\u00e4r, 2006, och som jag minns det s\u00e5 gillade jag inte upps\u00e4ttningen  s\u00e4rskilt mycket. Mitt huvudintryck d\u00e5 var nog att det blev f\u00f6r mycket teknik i f\u00f6rest\u00e4llningen och d\u00e5 menar jag det rent scenm\u00e4ssiga.<\/p>\n<p>Det blev ett helt annat intryck nu, ja det var en magnifik upplevelse. F\u00f6rest\u00e4llningen var uppdelad i tre korta men mycket intensiva akter, med tv\u00e5 pauser.<\/p>\n<p>Gitta-Maria Sj\u00f6berg sj\u00f6ng rollen som Floria Tosca och det \u00e4r nog ett av hennes b\u00e4sta prestationer. Ja, det var en lysande prestation s\u00e5v\u00e4l s\u00e5ngligt som i agerandet. I samma roll kan man ocks\u00e5 h\u00f6ra Anne Margrethe Dahl.<\/p>\n<p>Timothy Richards sj\u00f6ng denna kv\u00e4ll Cavaradossi och denna roll alternerar mellan Stuart Neill och Jean-Pierre Furlan. Det var en mycket bra prestation ur alla synvinklar och vr\u00e5r.<\/p>\n<p>Men fr\u00e5gan \u00e4r om inte John Lundgrens tolkning av Scarpia den avskydde polischefen i Rom blev min absoluta favorit tillsammans med Gitta- Maria Sj\u00f6berg.<\/p>\n<p>Ut\u00f6ver dessa nu n\u00e4mnda s\u00e5ngare s\u00e5 f\u00f6rtj\u00e4nar det att n\u00e4mnas att ocks\u00e5 Bengt-Ola Morgny gjorde en fin insats som Spoletta. precis s\u00e5 f\u00f6rest\u00e4ller jag mig att han var, Spoletta allts\u00e5.<\/p>\n<p>Det Kongelige Kapel hade ocks\u00e5 en av sina b\u00e4sta kv\u00e4llar under ledning av dirigenten Guiliano Carella, men skall jag vara helt \u00e4rlig s\u00e5 gillade jag inte hans s\u00e4tt att leda orkestern, \u00e5tminstone delvis i f\u00f6rsta akten, men det var  endast tillf\u00e4lligt. Totalt var det en mycket bra insats!<\/p>\n<p>Som vanligt \u00e4r det p\u00e5 sin plats att ge den Kungliga Operak\u00f6ren en stor eloge, men det brukar ju alltid kunna.<\/p>\n<p>Avslutningsvis kan jag konstatera att &#8221;Tosca&#8221;  var en helt magnifik upplevelse och ytterligare ett tillf\u00e4lle att l\u00e4gga till de andra stora operaupplevelserna.<\/p>\n","protected":false},"excerpt":{"rendered":"<p>F\u00f6r ett par veckor sedan \u00f6ppnade Den Kongelige Opera i K\u00f6penhamn s\u00e4songen 2011-12 med en nypremi\u00e4r av Puccini\u00b4s \u201dTosca\u201d. Ja, egentligen kallar man det ju f\u00f6r en \u201dgallapremi\u00e4r\u201d, men det anser jag nog att det \u00e4r lite tveksamt att kalla s\u00e4songs\u00f6ppningen med en nypremi\u00e4r f\u00f6r \u201dgallapremi\u00e4r\u201d. Det var Kasper Holten som b\u00f6rjade med att kalla [&hellip;]<\/p>\n","protected":false},"author":13,"featured_media":0,"comment_status":"open","ping_status":"open","sticky":false,"template":"","format":"standard","meta":{"_genesis_hide_title":false,"_genesis_hide_breadcrumbs":false,"_genesis_hide_singular_image":false,"_genesis_hide_footer_widgets":false,"_genesis_custom_body_class":"","_genesis_custom_post_class":"","_genesis_layout":"","footnotes":""},"categories":[20],"tags":[3187,5924],"class_list":{"0":"post-41456","1":"post","2":"type-post","3":"status-publish","4":"format-standard","6":"category-film","7":"tag-kopenhamn","8":"tag-tosca-pa-den-kongelige-opera","9":"entry"},"_links":{"self":[{"href":"https:\/\/kulturbloggen.com\/index.php?rest_route=\/wp\/v2\/posts\/41456","targetHints":{"allow":["GET"]}}],"collection":[{"href":"https:\/\/kulturbloggen.com\/index.php?rest_route=\/wp\/v2\/posts"}],"about":[{"href":"https:\/\/kulturbloggen.com\/index.php?rest_route=\/wp\/v2\/types\/post"}],"author":[{"embeddable":true,"href":"https:\/\/kulturbloggen.com\/index.php?rest_route=\/wp\/v2\/users\/13"}],"replies":[{"embeddable":true,"href":"https:\/\/kulturbloggen.com\/index.php?rest_route=%2Fwp%2Fv2%2Fcomments&post=41456"}],"version-history":[{"count":0,"href":"https:\/\/kulturbloggen.com\/index.php?rest_route=\/wp\/v2\/posts\/41456\/revisions"}],"wp:attachment":[{"href":"https:\/\/kulturbloggen.com\/index.php?rest_route=%2Fwp%2Fv2%2Fmedia&parent=41456"}],"wp:term":[{"taxonomy":"category","embeddable":true,"href":"https:\/\/kulturbloggen.com\/index.php?rest_route=%2Fwp%2Fv2%2Fcategories&post=41456"},{"taxonomy":"post_tag","embeddable":true,"href":"https:\/\/kulturbloggen.com\/index.php?rest_route=%2Fwp%2Fv2%2Ftags&post=41456"}],"curies":[{"name":"wp","href":"https:\/\/api.w.org\/{rel}","templated":true}]}}