{"id":41351,"date":"2011-09-22T13:58:24","date_gmt":"2011-09-22T11:58:24","guid":{"rendered":"http:\/\/kulturbloggen.com\/?p=41351"},"modified":"2011-09-22T13:58:24","modified_gmt":"2011-09-22T11:58:24","slug":"stor-manifestation-for-dawit-isaak-pa-bokmassan-med-herta-muller-och-mario-vargas-llosa","status":"publish","type":"post","link":"https:\/\/kulturbloggen.com\/?p=41351","title":{"rendered":"Stor manifestation f\u00f6r Dawit Isaak p\u00e5 bokm\u00e4ssan med Herta M\u00fcller och Mario Vargas Llosa"},"content":{"rendered":"<p><a href=\"http:\/\/kulturbloggen.com\/wp-content\/uploads\/2011\/09\/Sk\u00e4rmavbild-2011-09-22-kl.-13.56.40.png\"><img loading=\"lazy\" decoding=\"async\" src=\"http:\/\/kulturbloggen.com\/wp-content\/uploads\/2011\/09\/Sk\u00e4rmavbild-2011-09-22-kl.-13.56.40-300x187.png\" alt=\"\" title=\"Sk\u00e4rmavbild 2011-09-22 kl. 13.56.40\" width=\"300\" height=\"187\" class=\"aligncenter size-medium wp-image-41361\" \/><\/a><br \/>\nTio \u00e5r har g\u00e5tt sedan den svenskeritreanske journalisten Dawit Isaak f\u00e4ngslades.<br \/>\nTio \u00e5r av tyst diplomati.<br \/>\n Tio \u00e5r av fruktl\u00f6sa f\u00f6rs\u00f6k att f\u00e5 honom fri.<br \/>\nTio \u00e5r av lidande f\u00f6r Dawit Isaak och hans familj.<br \/>\n\u00c4r det inte dags att pr\u00f6va n\u00e5got nytt?<br \/>\nDen tysta diplomatin verkar vara helt meningsl\u00f6s och kraftl\u00f6s, <a href=\"http:\/\/www.aftonbladet.se\/nyheter\/article13663871.ab\">menar Aftonbladet<\/a> som nu uppmanar de svenska politikerna att bli mycket mer h\u00f6gljudda och st\u00e4lla krav.<\/p>\n<p>Varf\u00f6r inte g\u00f6ra som Storbritannien gjorde i en liknande situation?<br \/>\n<em>N\u00e4r fyra brittiska medborgare greps och f\u00e4ngslades av Eritrea var det inte tal om att avvakta i tio \u00e5r. Storbritannien agerade direkt och kraftfullt.<br \/>\nMan hotade med att Eritreas ambassad\u00f6r inte skulle f\u00e5 resa fritt i Storbritannien. Och den \u201dskatt\u201d som regimen i Asmara tar ut av alla eritreaner utomlands skulle omedelbart stoppas.<br \/>\nResultatet blev att de fyra britterna\u00ad sl\u00e4pptes i maj i \u00e5r.<\/em><\/p>\n<p>P\u00e5 bokm\u00e4ssan i G\u00f6teborg blir det en stor manifestation f\u00f6r Dawit Isaak p\u00e5 fredagen 23 september. Fr\u00e5n ett pressutskick fr\u00e5n bokm\u00e4ssan:<br \/>\n<em>Mario Vargas Llosa deltar i manifestationen f\u00f6r Dawit Isaak p\u00e5 Bokm\u00e4ssan<br \/>\nDet \u00e4r nu klart att \u00e4ven Mario Vargas Llosa medverkar i manifestationen f\u00f6r Dawit Isaak fredagen den 23 sept kl 13.00 p\u00e5 Bokm\u00e4ssan. Sedan tidigare \u00e4r det klart att Herta M\u00fcller deltar. <\/p>\n<p>Fredagen den 23 september, p\u00e5 tio\u00e5rsdagen f\u00f6r journalisten och f\u00f6rfattaren Dawit Isaaks f\u00e4ngslande, framtr\u00e4der en rad organisationer tillsammans med Nobelpristagarna i litteratur Herta M\u00fcller och Mario Vargas Llosa p\u00e5 Bokm\u00e4ssan med ett gemensamt upprop f\u00f6r den f\u00e4ngslade kollegan. <\/p>\n<p>Fredagen p\u00e5 Bokm\u00e4ssan till\u00e4gnas Dawit Isaak och vid ing\u00e5ngarna delas 5000 gratisexemplar ut av hans egen bok \u201dHopp\u201d (utgiven i ett unikt samarbete mellan Alfabeta, Atlantis, Atlas, Albert Bonniers, Brombergs, Ersatz, Historiska Media, Norstedts, Ordfront, SNS och Weyler). <\/p>\n<p>Manifestationens deltagare: <\/p>\n<p>Peter Englund, st\u00e4ndig sekreterare Svenska Akademien<br \/>\nOla Larsmo, ordf\u00f6rande Svenska PEN<br \/>\nJohn Saul (Kanada), ordf\u00f6rande PEN International<br \/>\nJesper Bengtsson, ordf\u00f6rande Reportrar utan gr\u00e4nser<br \/>\nAnna Falck, vd Bok &#038; Bibliotek, G\u00f6teborg <\/p>\n<p>Samt Herta M\u00fcller och Mario Vargas Llosa, Nobelpristagare i litteratur 2009 respektive 2010 <\/p>\n<p>Plats: Molnet, G 02:22, plan 2<br \/>\nTid: 13:00\u201313:30 <\/em><\/p>\n<p><a href=\"http:\/\/www.freedawit.com\/\">H\u00e4r \u00e4r hemsidan f\u00f6r Free Dawit Isaak.<\/a><\/p>\n<p>Relaterat: <a href=\"http:\/\/svt.se\/2.22620\/1.2541343\/ville_inte_tala_om_dawit_isaak\">SVT Rapport<\/a> och <a href=\"http:\/\/www.expressen.se\/nyheter\/1.2568084\/diktatorn-flyr-vagrar-svara-expressens-fragor-om-dawit-isaak\">Expressen<\/a>.<\/p>\n<p>L\u00e4s \u00e4ven andra bloggares \u00e5sikter om <a href=\"http:\/\/bloggar.se\/om\/dawit+isaak\" rel=\"tag\">dawit isaak<\/a>, <a href=\"http:\/\/bloggar.se\/om\/m%E4nskliga+r%E4ttigheter\" rel=\"tag\">m\u00e4nskliga r\u00e4ttigheter<\/a>, <a href=\"http:\/\/bloggar.se\/om\/bokm%E4ssan\" rel=\"tag\">bokm\u00e4ssan<\/a><\/p>\n","protected":false},"excerpt":{"rendered":"<p>Tio \u00e5r har g\u00e5tt sedan den svenskeritreanske journalisten Dawit Isaak f\u00e4ngslades. Tio \u00e5r av tyst diplomati. Tio \u00e5r av fruktl\u00f6sa f\u00f6rs\u00f6k att f\u00e5 honom fri. Tio \u00e5r av lidande f\u00f6r Dawit Isaak och hans familj. \u00c4r det inte dags att pr\u00f6va n\u00e5got nytt? Den tysta diplomatin verkar vara helt meningsl\u00f6s och kraftl\u00f6s, menar Aftonbladet som [&hellip;]<\/p>\n","protected":false},"author":13,"featured_media":0,"comment_status":"open","ping_status":"open","sticky":false,"template":"","format":"standard","meta":{"_genesis_hide_title":false,"_genesis_hide_breadcrumbs":false,"_genesis_hide_singular_image":false,"_genesis_hide_footer_widgets":false,"_genesis_custom_body_class":"","_genesis_custom_post_class":"","_genesis_layout":"","footnotes":""},"categories":[62],"tags":[783,1167,3897],"class_list":{"0":"post-41351","1":"post","2":"type-post","3":"status-publish","4":"format-standard","6":"category-medie-och-kulturpolitik","7":"tag-bokmassan","8":"tag-dawit-isaak","9":"tag-manskliga-rattigheter","10":"entry"},"_links":{"self":[{"href":"https:\/\/kulturbloggen.com\/index.php?rest_route=\/wp\/v2\/posts\/41351","targetHints":{"allow":["GET"]}}],"collection":[{"href":"https:\/\/kulturbloggen.com\/index.php?rest_route=\/wp\/v2\/posts"}],"about":[{"href":"https:\/\/kulturbloggen.com\/index.php?rest_route=\/wp\/v2\/types\/post"}],"author":[{"embeddable":true,"href":"https:\/\/kulturbloggen.com\/index.php?rest_route=\/wp\/v2\/users\/13"}],"replies":[{"embeddable":true,"href":"https:\/\/kulturbloggen.com\/index.php?rest_route=%2Fwp%2Fv2%2Fcomments&post=41351"}],"version-history":[{"count":0,"href":"https:\/\/kulturbloggen.com\/index.php?rest_route=\/wp\/v2\/posts\/41351\/revisions"}],"wp:attachment":[{"href":"https:\/\/kulturbloggen.com\/index.php?rest_route=%2Fwp%2Fv2%2Fmedia&parent=41351"}],"wp:term":[{"taxonomy":"category","embeddable":true,"href":"https:\/\/kulturbloggen.com\/index.php?rest_route=%2Fwp%2Fv2%2Fcategories&post=41351"},{"taxonomy":"post_tag","embeddable":true,"href":"https:\/\/kulturbloggen.com\/index.php?rest_route=%2Fwp%2Fv2%2Ftags&post=41351"}],"curies":[{"name":"wp","href":"https:\/\/api.w.org\/{rel}","templated":true}]}}