{"id":41287,"date":"2011-09-21T10:44:29","date_gmt":"2011-09-21T08:44:29","guid":{"rendered":"http:\/\/kulturbloggen.com\/?p=41287"},"modified":"2011-09-21T10:44:29","modified_gmt":"2011-09-21T08:44:29","slug":"reinfeldtregeringens-kansli-slangde-ut-de-aldre-och-de-sjuka-en-symbol-for-svensk-aldersdiskriminering","status":"publish","type":"post","link":"https:\/\/kulturbloggen.com\/?p=41287","title":{"rendered":"Reinfeldtregeringens kansli sl\u00e4ngde ut de \u00e4ldre och de sjuka: en symbol f\u00f6r svensk \u00e5ldersdiskriminering"},"content":{"rendered":"<p><a href=\"http:\/\/kulturbloggen.com\/wp-content\/uploads\/2011\/09\/Sk\u00e4rmavbild-2011-09-21-kl.-10.39.18.png\"><img loading=\"lazy\" decoding=\"async\" class=\"aligncenter size-medium wp-image-41289\" title=\"Sk\u00e4rmavbild 2011-09-21 kl. 10.39.18\" src=\"http:\/\/kulturbloggen.com\/wp-content\/uploads\/2011\/09\/Sk\u00e4rmavbild-2011-09-21-kl.-10.39.18-300x187.png\" alt=\"\" width=\"300\" height=\"187\" \/><\/a><br \/>\nFredrik Reinfeldts regering har g\u00e5ng p\u00e5 g\u00e5ng hyllat det svenska anst\u00e4llningsskyddet och turordningsreglerna. Men n\u00e4r regeringens eget kansli skulle minska sin personal var det \u00e4ldre, sjuka och fackligt aktiva som fick sparken.<br \/>\n<a href=\"http:\/\/svt.se\/2.22620\/1.2539999\/de_gjorde_sig_av_med_de_besvarliga\">Ber\u00e4ttar SVT.<\/a><\/p>\n<p>Reinfeldtregeringens kansli var skickliga och kunde utf\u00f6ra den h\u00e4r utrensningen av \u00e4ldre, sjuka och fackligt aktiva och \u00e4nd\u00e5 f\u00f6lja turordningsreglerna. Hur det gick till? De delade in personalen i extremt sm\u00e5 turordningskretsar, som SVT ber\u00e4ttar:<br \/>\n<em>Mer \u00e4r h\u00e4lften av Regeringskansliets turordningskretsar best\u00e5r av en enda person. De andra kretsarna \u00e4r mycket sm\u00e5. Till exempel finns kretsar som &#8221;Skrivarkoordinator&#8221;, &#8221;Expeditionsvakt 1&#8221;, &#8221;Expeditionsvakt 2&#8221; och &#8221;Expeditionsvakt 3&#8221;.<br \/>\nKonsekvensen \u00e4r att det i princip blir den personen som placeras i den lilla turordningskretsen som blir uppsagd. Trots att m\u00e5nga andra expeditionsvakter anst\u00e4llts efter den personen som blev uppsagd.<\/em><\/p>\n<p>Jod\u00e5, arbetsgivare har mycket makt p\u00e5 den svenska arbetsmarknaden och kan i princip g\u00f6ra sig av med vem de vill ur personalen.<\/p>\n<p>Reinfeldtregeringen hyllar arbetslinjen, att alla ska arbeta ocks\u00e5 de som \u00e4r sjuka (f\u00f6r alla ska kunna g\u00f6ra n\u00e5gonting) &#8211; men \u00e5 andra sidan bygger de snabbt upp en samh\u00e4lle d\u00e4r m\u00e4nniskor som inte \u00e4r unga, vackra och starka st\u00e4mplas som v\u00e4rdel\u00f6sa. Det finns inget land i v\u00e4rlden som diskriminerar m\u00e4nniskor \u00f6ver 45 som Sverige g\u00f6r. I de flesta andra l\u00e4nder ses livserfarenhet som en styrka, vishet som n\u00e5got positivt. P\u00e5 den svenska arbetsmarknaden sl\u00e4ngs m\u00e4nniskor helst p\u00e5 soptippen efter 55. Det \u00e4r gr\u00e4sligt.<\/p>\n<p>Reinfeldtregeringen har gjort flera m\u00e4nniskor arbetsl\u00f6sa som \u00e4r i en \u00e5lder d\u00e4r de har mycket sv\u00e5rt att f\u00e5 jobb.<\/p>\n<p>Det \u00e4r naturligtvis mycket illa n\u00e4r just regeringskansliet g\u00f6r p\u00e5 detta s\u00e4tt. Kansliet borde vara en f\u00f6rebild och det \u00e4r kansliet kanske ocks\u00e5: en f\u00f6rebild f\u00f6r hur f\u00f6retag idag uppmanas att kassera m\u00e4nniskor.<br \/>\nFr\u00e5gan \u00e4r vad Reinfeldtregeringen hade t\u00e4nkt g\u00f6ra av m\u00e4nniskor som fyllt 55 och som blir arbetsl\u00f6sa? De \u00e4r ju inte l\u00e5ngtidssjuka s\u00e5 de kan inte <a href=\"http:\/\/www.dn.se\/kultur-noje\/alliansen-oenig-om-kulturen\">f\u00e5 de d\u00e4r nya underbetalda jobben att digitalisera kulturarvet som l\u00e5ngtidssjuka ska f\u00e5, enligt nya kulturbudgeten.<\/a><\/p>\n<p>Kanske har Reinfeldtregeringen planer p\u00e5 en ny form av arbeten som ska utf\u00f6ras till l\u00e5g l\u00f6n av alla arbetsl\u00f6sa \u00f6ver 50 \u00e5r?<\/p>\n<p>Tyv\u00e4rr \u00e4r Reinfeldtregeringen inte ensam om denna inst\u00e4llning gentemot \u00e4ldre m\u00e4nniskor.<br \/>\nSe p\u00e5 de svenska massmedierna: DN, Aftonbladet, TT, Expressen &#8230;<br \/>\nDe anst\u00e4ller inte en enda person som fyllt 40. S\u00e5vida det inte \u00e4r till en chefsposition eller \u00e4r en extremt k\u00e4nd person.<\/p>\n<p>Svenska medier \u00e4r kanske de f\u00f6retag som \u00e5ldersdiskriminerar allra mest.<\/p>\n<p><a href=\"http:\/\/svt.se\/ug\/20110915145910\/21_9_forst_in_forst_ut\">Uppdrag Granskning tar i kv\u00e4llens avsnitt, tisdag den 21 september,<\/a> upp hur Reinfeldts regeringskansli hanterade upps\u00e4gningar och sl\u00e4ngde ut \u00e4ldre, sjuka och fackligt aktiva.<\/p>\n<p>Hoppas det f\u00f6ljs upp av en granskning av hur svenska medier diskriminerar alla oss journalister som fyllt 45 och 50.<\/p>\n<p>L\u00e4s \u00e4ven andra bloggares \u00e5sikter om <a href=\"http:\/\/bloggar.se\/om\/Uppdrag+granskning\" rel=\"tag\">Uppdrag granskning<\/a>, <a href=\"http:\/\/bloggar.se\/om\/%E5ldersdiskriminering\" rel=\"tag\">\u00e5ldersdiskriminering<\/a>, <a href=\"http:\/\/bloggar.se\/om\/Reinfeldt\" rel=\"tag\">Reinfeldt<\/a>, <a href=\"http:\/\/bloggar.se\/om\/Reinfeldtregeringen\" rel=\"tag\">Reinfeldtregeringen<\/a><\/p>\n","protected":false},"excerpt":{"rendered":"<p>Fredrik Reinfeldts regering har g\u00e5ng p\u00e5 g\u00e5ng hyllat det svenska anst\u00e4llningsskyddet och turordningsreglerna. Men n\u00e4r regeringens eget kansli skulle minska sin personal var det \u00e4ldre, sjuka och fackligt aktiva som fick sparken. Ber\u00e4ttar SVT. Reinfeldtregeringens kansli var skickliga och kunde utf\u00f6ra den h\u00e4r utrensningen av \u00e4ldre, sjuka och fackligt aktiva och \u00e4nd\u00e5 f\u00f6lja turordningsreglerna. Hur [&hellip;]<\/p>\n","protected":false},"author":2,"featured_media":0,"comment_status":"open","ping_status":"open","sticky":false,"template":"","format":"standard","meta":{"_genesis_hide_title":false,"_genesis_hide_breadcrumbs":false,"_genesis_hide_singular_image":false,"_genesis_hide_footer_widgets":false,"_genesis_custom_body_class":"","_genesis_custom_post_class":"","_genesis_layout":"","footnotes":""},"categories":[44],"tags":[6503,4693,4694,6111],"class_list":{"0":"post-41287","1":"post","2":"type-post","3":"status-publish","4":"format-standard","6":"category-chadie","7":"tag-aldersdiskriminering","8":"tag-reinfeldt","9":"tag-reinfeldtregeringen","10":"tag-uppdrag-granskning","11":"entry"},"_links":{"self":[{"href":"https:\/\/kulturbloggen.com\/index.php?rest_route=\/wp\/v2\/posts\/41287","targetHints":{"allow":["GET"]}}],"collection":[{"href":"https:\/\/kulturbloggen.com\/index.php?rest_route=\/wp\/v2\/posts"}],"about":[{"href":"https:\/\/kulturbloggen.com\/index.php?rest_route=\/wp\/v2\/types\/post"}],"author":[{"embeddable":true,"href":"https:\/\/kulturbloggen.com\/index.php?rest_route=\/wp\/v2\/users\/2"}],"replies":[{"embeddable":true,"href":"https:\/\/kulturbloggen.com\/index.php?rest_route=%2Fwp%2Fv2%2Fcomments&post=41287"}],"version-history":[{"count":0,"href":"https:\/\/kulturbloggen.com\/index.php?rest_route=\/wp\/v2\/posts\/41287\/revisions"}],"wp:attachment":[{"href":"https:\/\/kulturbloggen.com\/index.php?rest_route=%2Fwp%2Fv2%2Fmedia&parent=41287"}],"wp:term":[{"taxonomy":"category","embeddable":true,"href":"https:\/\/kulturbloggen.com\/index.php?rest_route=%2Fwp%2Fv2%2Fcategories&post=41287"},{"taxonomy":"post_tag","embeddable":true,"href":"https:\/\/kulturbloggen.com\/index.php?rest_route=%2Fwp%2Fv2%2Ftags&post=41287"}],"curies":[{"name":"wp","href":"https:\/\/api.w.org\/{rel}","templated":true}]}}