{"id":4109,"date":"2008-11-07T19:47:28","date_gmt":"2008-11-07T18:47:28","guid":{"rendered":"http:\/\/kulturbloggen.com\/?p=4109"},"modified":"2008-11-07T19:47:28","modified_gmt":"2008-11-07T18:47:28","slug":"fangslade-forfattares-dag","status":"publish","type":"post","link":"https:\/\/kulturbloggen.com\/?p=4109","title":{"rendered":"F\u00e4ngslade F\u00f6rfattares Dag"},"content":{"rendered":"<p><img loading=\"lazy\" decoding=\"async\" src=\"http:\/\/sodergren.com\/kulturbloggen\/wp-content\/uploads\/2008\/11\/fangsladeord-300x149.jpg\" alt=\"\" title=\"fangsladeord\" width=\"300\" height=\"149\" class=\"aligncenter size-medium wp-image-4111\" \/><\/p>\n<p>Svenska PEN-klubben bjuder in till &#8221;F\u00e4ngslade F\u00f6rfattares Dag&#8221; med fokus p\u00e5 Latinamerika.<\/p>\n<p>Datum:<br \/>\nl\u00f6rdag 15 november 2008 kl. 19.00<br \/>\nP\u00e5 FORUM Sigtunagatan 14<\/p>\n<p>Ur inbjudan:<\/p>\n<blockquote><p>F\u00c4NGSLADE ORD<br \/>\nFokus p\u00e5 Latinamerika i en litter\u00e4r, dramatisk, musikalisk och<br \/>\nkoreografisk helaftonsf\u00f6rest\u00e4llning bortom all censur f\u00f6r f\u00e4ngslade f\u00f6rfattare.<\/p>\n<p>l\u00e4ser<br \/>\nTorbj\u00f6rn Elensky  Ulf Eriksson   Kjell Espmark<br \/>\nAnna Hallberg   Mara Lee   Malte Persson<br \/>\nG\u00f6ran Sonnevi   Ana Vald\u00e9s med flera<\/p>\n<p>Den mexikanska f\u00f6rfattaren och journalisten<br \/>\nLydia Cacho<br \/>\nsom under kv\u00e4llen p\u00e5 FORUM tilldelas \u00e5rets Tucholskypris,<br \/>\nmedverkar med egna specialskrivna texter.<\/p>\n<p>Sk\u00e5despelaren Reine Brynolfsson framf\u00f6r<br \/>\nspecialskriven text av JMG Le Cl\u00e9zio<\/p>\n<p>Virpi Pahkinen dans\/koreografi ur Morpho Z<br \/>\ntons\u00e4ttare: Luis Hernan Cort\u00e9s Maya<\/p>\n<p>ev. en scen ur Bernardas hus av Lorca<br \/>\nmed ensemblen fr\u00e5n Dramatens upps\u00e4ttning<\/p>\n<p>musik<br \/>\nBACHIANAS BRASILEIRAS NR 5 f\u00f6r sopran och 8 violonceller<br \/>\nav Heitor Villa-Lobos<br \/>\nur MISA CRIOLLA av Ariel Ram\u00edrez<br \/>\nGRAN TANGO av Astor Piazzolla<\/p>\n<p>Jeanette K\u00f6hn sopran   Rolando Pomo tenor<br \/>\nDaniel Blendulf   Johannes Rostamo<br \/>\nJan-Erik Gustafsson  Kati Raitinen violoncell<br \/>\nBj\u00f6rn Lund\u00e9n kontrabas<br \/>\nTer\u00e9s L\u00f6f    Jonas Pomo piano<br \/>\nCarlos Madrid slagverk<br \/>\nmed m\u00e5nga fler<\/p>\n<\/blockquote>\n<blockquote><p>Internationella dagen f\u00f6r f\u00e4ngslade f\u00f6rfattare h\u00f6gtidligh\u00e5lls varje \u00e5r<br \/>\nden 15 november sedan 1980 med manifestationer runt om i hela v\u00e4rlden<br \/>\nf\u00f6r att v\u00e4rna om yttrandefriheten och protestera mot den fria tankens f\u00f6rtryckare.<\/p>\n<p>I \u00e5r riktar Svenska PEN i samarbete med FORUM uppm\u00e4rksamheten p\u00e5 Latinamerika.<br \/>\nF\u00f6rfattare, fr\u00e5n Sverige s\u00e5v\u00e4l som andra delar av v\u00e4rlden, musiker, sk\u00e5despelare<br \/>\noch dansare sluter upp i solidaritet med alla de poeter, f\u00f6rfattare och journalister<br \/>\nsom med v\u00e5ld hindras fr\u00e5n att g\u00f6ra sin egen r\u00f6st h\u00f6rd.<br \/>\nPlats: FORUM Sigtunagatan 14, Stockholm<\/p><\/blockquote>\n<p><img loading=\"lazy\" decoding=\"async\" src=\"http:\/\/sodergren.com\/kulturbloggen\/wp-content\/uploads\/2008\/11\/fangsladeord260.jpg\" alt=\"\" title=\"fangsladeord260\" width=\"260\" height=\"150\" class=\"alignright size-medium wp-image-4112\" \/><\/p>\n<p><a href=\"http:\/\/sodergren.com\/kulturbloggen\/wp-content\/uploads\/2008\/11\/fangsladeord125.jpg\"><img loading=\"lazy\" decoding=\"async\" src=\"http:\/\/sodergren.com\/kulturbloggen\/wp-content\/uploads\/2008\/11\/fangsladeord125.jpg\" alt=\"\" title=\"fangsladeord125\" width=\"125\" height=\"250\" class=\"alignright size-full wp-image-4115\" \/><\/a><\/p>\n<p>Andra bloggar om: <a href=\"http:\/\/bloggar.se\/om\/yttrandefrihet\" rel=\"tag\">yttrandefrihet<\/a>, <a href=\"http:\/\/bloggar.se\/om\/journalistik\" rel=\"tag\">journalistik<\/a>, <a href=\"http:\/\/bloggar.se\/om\/medier\" rel=\"tag\">medier<\/a><\/p>\n","protected":false},"excerpt":{"rendered":"<p>Svenska PEN-klubben bjuder in till &#8221;F\u00e4ngslade F\u00f6rfattares Dag&#8221; med fokus p\u00e5 Latinamerika. Datum: l\u00f6rdag 15 november 2008 kl. 19.00 P\u00e5 FORUM Sigtunagatan 14 Ur inbjudan: F\u00c4NGSLADE ORD Fokus p\u00e5 Latinamerika i en litter\u00e4r, dramatisk, musikalisk och koreografisk helaftonsf\u00f6rest\u00e4llning bortom all censur f\u00f6r f\u00e4ngslade f\u00f6rfattare. l\u00e4ser Torbj\u00f6rn Elensky Ulf Eriksson Kjell Espmark Anna Hallberg Mara Lee [&hellip;]<\/p>\n","protected":false},"author":2,"featured_media":0,"comment_status":"open","ping_status":"open","sticky":false,"template":"","format":"standard","meta":{"_genesis_hide_title":false,"_genesis_hide_breadcrumbs":false,"_genesis_hide_singular_image":false,"_genesis_hide_footer_widgets":false,"_genesis_custom_body_class":"","_genesis_custom_post_class":"","_genesis_layout":"","footnotes":""},"categories":[20],"tags":[2765,3582],"class_list":{"0":"post-4109","1":"post","2":"type-post","3":"status-publish","4":"format-standard","6":"category-film","7":"tag-journalistik","8":"tag-medier","9":"entry"},"_links":{"self":[{"href":"https:\/\/kulturbloggen.com\/index.php?rest_route=\/wp\/v2\/posts\/4109","targetHints":{"allow":["GET"]}}],"collection":[{"href":"https:\/\/kulturbloggen.com\/index.php?rest_route=\/wp\/v2\/posts"}],"about":[{"href":"https:\/\/kulturbloggen.com\/index.php?rest_route=\/wp\/v2\/types\/post"}],"author":[{"embeddable":true,"href":"https:\/\/kulturbloggen.com\/index.php?rest_route=\/wp\/v2\/users\/2"}],"replies":[{"embeddable":true,"href":"https:\/\/kulturbloggen.com\/index.php?rest_route=%2Fwp%2Fv2%2Fcomments&post=4109"}],"version-history":[{"count":0,"href":"https:\/\/kulturbloggen.com\/index.php?rest_route=\/wp\/v2\/posts\/4109\/revisions"}],"wp:attachment":[{"href":"https:\/\/kulturbloggen.com\/index.php?rest_route=%2Fwp%2Fv2%2Fmedia&parent=4109"}],"wp:term":[{"taxonomy":"category","embeddable":true,"href":"https:\/\/kulturbloggen.com\/index.php?rest_route=%2Fwp%2Fv2%2Fcategories&post=4109"},{"taxonomy":"post_tag","embeddable":true,"href":"https:\/\/kulturbloggen.com\/index.php?rest_route=%2Fwp%2Fv2%2Ftags&post=4109"}],"curies":[{"name":"wp","href":"https:\/\/api.w.org\/{rel}","templated":true}]}}