{"id":41033,"date":"2011-09-15T18:29:16","date_gmt":"2011-09-15T16:29:16","guid":{"rendered":"http:\/\/kulturbloggen.com\/?p=41033"},"modified":"2011-09-15T18:29:16","modified_gmt":"2011-09-15T16:29:16","slug":"aftonbladet-granskar-psykvarden-men-kommer-de-alls-att-ta-upp-den-viktigaste-fragan","status":"publish","type":"post","link":"https:\/\/kulturbloggen.com\/?p=41033","title":{"rendered":"Aftonbladet granskar psykv\u00e5rden men kommer de alls att ta upp den viktigaste fr\u00e5gan?"},"content":{"rendered":"<p><a href=\"http:\/\/kulturbloggen.com\/wp-content\/uploads\/2011\/09\/Sk\u00e4rmavbild-2011-09-15-kl.-18.28.23.png\"><img loading=\"lazy\" decoding=\"async\" src=\"http:\/\/kulturbloggen.com\/wp-content\/uploads\/2011\/09\/Sk\u00e4rmavbild-2011-09-15-kl.-18.28.23-300x187.png\" alt=\"\" title=\"Sk\u00e4rmavbild 2011-09-15 kl. 18.28.23\" width=\"300\" height=\"187\" class=\"aligncenter size-medium wp-image-41037\" \/><\/a><\/p>\n<p>Aftonbladet granskar psykv\u00e5rden men kommer de alls att ta upp den viktigaste fr\u00e5gan?<br \/>\nInget tyder tyv\u00e4rr p\u00e5 att det kommer att ta upp den avg\u00f6rande fr\u00e5gan, n\u00e4mligen att psykisk sjukdom diskrimineras i Sverige.<\/p>\n<p>Ett exempel av m\u00e5nga:<br \/>\nOm du tecknar ett medlemsl\u00e5n som den som \u00e4r medlem i ett fackf\u00f6rbund kan g\u00f6ra &#8211; d\u00e5 blir du erbjuden att teckna en f\u00f6rs\u00e4kring som g\u00e5r via ett F\u00f6rs\u00e4kringsbolag som heter Genworths. Om du blir sjuk ska f\u00f6rs\u00e4kringen g\u00e5 in och betala inbetalningarna till f\u00f6rs\u00e4kringen f\u00f6r dig.<\/p>\n<p>Om du f\u00e5r en fysisk sjukdom vill s\u00e4ga. Om du f\u00e5r en psykisk sjukdom t\u00e4cker f\u00f6rs\u00e4kringen inte det, f\u00f6rutom i n\u00e5got enstaka fall.<\/p>\n<p>Vad \u00e4r tanken bakom det? Tror F\u00f6rs\u00e4kringsbolaget att en m\u00e4nniska kan fejka psykisk sjukdom?<br \/>\nTror F\u00f6rs\u00e4kringsbolaget att en psykisk inte har samma behov av f\u00f6rs\u00e4kringen?<br \/>\nHur som helst visar skillnaden p\u00e5 att m\u00e4nniskor med psykiska besv\u00e4r diskrimineras och r\u00e4knas som mindre v\u00e4rda.<\/p>\n<p>Det \u00e4r fullt av s\u00e5dana exempel p\u00e5 hur m\u00e4nniskor med psykiska besv\u00e4r blir illa bem\u00f6tta av myndigheter och m\u00e4nniskor i samh\u00e4llet.<br \/>\nDet \u00e4r till och med s\u00e5 att m\u00e4nniskor som har en n\u00e4ra anh\u00f6rig med psykisk sjukdom ofta inte ens v\u00e5gar ber\u00e4tta om det p\u00e5 fikarasterna f\u00f6r att inte sj\u00e4lv bli st\u00e4mplad som lite konstig. &#8221;Om du har ett barn med psykiska problem \u00e4r du s\u00e4kert ditt fel&#8221;, tycks omgivning t\u00e4nka. Eller &#8221;Om du har en f\u00f6r\u00e4lder med problem har du s\u00e4kert \u00e4rvt lite av det du med&#8221;.<\/p>\n<p>Jag k\u00e4nner en person som under en l\u00e4ngre tid varit ur form, k\u00e4nt sig initiativl\u00f6s och kraftl\u00f6s. Hon gick till sin husl\u00e4kare och fick r\u00e5det att g\u00e5 upp en timme tidigare och ta en morgonpromenad. &#8221;Morgonluften g\u00f6r susen&#8221;.<br \/>\nSom tur \u00e4r kom min v\u00e4n till en annan l\u00e4kare som tog en blodprov och uppt\u00e4ckte att hon hade brist p\u00e5 sk\u00f6ldk\u00f6rtelhormon vilket gjorde henne deprimerad. En ren fysisk brist gav allts\u00e5 depression.<\/p>\n<p>Men nu \u00e4r det s\u00e5 att egentligen finns det ingen skillnad p\u00e5 fysiska sjukdomar och psykiska sjukdomar. Fysik och psyke \u00e4r som tv\u00e5 sidor p\u00e5 ett papper, b\u00e5da sidorna beh\u00f6vs och b\u00e5da sidorna p\u00e5verkar varandra.<\/p>\n<p>Den som har en sv\u00e5r depression f\u00e5r fysiska f\u00f6ljder av detta. En fysisk f\u00f6ljd \u00e4r enorm tr\u00f6tthet och brist p\u00e5 energi. Att inte orka ta sig f\u00f6r n\u00e5got \u00e4r en ren fysisk k\u00e4nsla.<\/p>\n<p>Den som har brutit ett ben och f\u00e5r ont blir ofta grinig, tappar hum\u00f6ret och psyket p\u00e5verkas enormt.<\/p>\n<p>Psyke och fysik \u00e4r intimt sammanbundna, de \u00e4r ju delar i samma kropp, i samma m\u00e4nniska.<\/p>\n<p>Det viktigaste vi kan g\u00f6ra f\u00f6r att f\u00f6rb\u00e4ttra psykv\u00e5rden \u00e4r att motarbeta f\u00f6rdomarna som finns om psykiska sjukdomar och besv\u00e4r.<\/p>\n<p><a href=\"http:\/\/pillerpengarpsykvard.aftonbladet.se\/2011\/09\/forskare-varnar-barn-far-adhd-diagnoser-for-att-skolan-ska-fa-pengar\/\">H\u00e4r tar Aftonbladet i sin granskning upp<\/a> att<br \/>\nAllt fler barn f\u00e5r diagnoser som adhd och Asperger f\u00f6r att skolorna ska f\u00e5 pengar. <\/p>\n<p>Det \u00e4r liksom en del i det h\u00e4r med diskrimineringen, ett behov att s\u00e4tta en st\u00e4mpel p\u00e5 en individ, ist\u00e4llet f\u00f6r att se till helheten.<\/p>\n<p>L\u00e4s \u00e4ven andra bloggares \u00e5sikter om <a href=\"http:\/\/bloggar.se\/om\/Aftonbladet\" rel=\"tag\">Aftonbladet<\/a>, <a href=\"http:\/\/bloggar.se\/om\/psykv%E5rden\" rel=\"tag\">psykv\u00e5rden<\/a>, <a href=\"http:\/\/bloggar.se\/om\/granskning\" rel=\"tag\">granskning<\/a>, <a href=\"http:\/\/bloggar.se\/om\/f%F6rdomar\" rel=\"tag\">f\u00f6rdomar<\/a>, <a href=\"http:\/\/bloggar.se\/om\/diskriminering\" rel=\"tag\">diskriminering<\/a><\/p>\n","protected":false},"excerpt":{"rendered":"<p>Aftonbladet granskar psykv\u00e5rden men kommer de alls att ta upp den viktigaste fr\u00e5gan? Inget tyder tyv\u00e4rr p\u00e5 att det kommer att ta upp den avg\u00f6rande fr\u00e5gan, n\u00e4mligen att psykisk sjukdom diskrimineras i Sverige. Ett exempel av m\u00e5nga: Om du tecknar ett medlemsl\u00e5n som den som \u00e4r medlem i ett fackf\u00f6rbund kan g\u00f6ra &#8211; d\u00e5 blir [&hellip;]<\/p>\n","protected":false},"author":13,"featured_media":0,"comment_status":"open","ping_status":"open","sticky":false,"template":"","format":"standard","meta":{"_genesis_hide_title":false,"_genesis_hide_breadcrumbs":false,"_genesis_hide_singular_image":false,"_genesis_hide_footer_widgets":false,"_genesis_custom_body_class":"","_genesis_custom_post_class":"","_genesis_layout":"","footnotes":""},"categories":[44,62],"tags":[158,1300,1914,2084,4556],"class_list":{"0":"post-41033","1":"post","2":"type-post","3":"status-publish","4":"format-standard","6":"category-chadie","7":"category-medie-och-kulturpolitik","8":"tag-aftonbladet","9":"tag-diskriminering","10":"tag-fordomar","11":"tag-granskning","12":"tag-psykvarden","13":"entry"},"_links":{"self":[{"href":"https:\/\/kulturbloggen.com\/index.php?rest_route=\/wp\/v2\/posts\/41033","targetHints":{"allow":["GET"]}}],"collection":[{"href":"https:\/\/kulturbloggen.com\/index.php?rest_route=\/wp\/v2\/posts"}],"about":[{"href":"https:\/\/kulturbloggen.com\/index.php?rest_route=\/wp\/v2\/types\/post"}],"author":[{"embeddable":true,"href":"https:\/\/kulturbloggen.com\/index.php?rest_route=\/wp\/v2\/users\/13"}],"replies":[{"embeddable":true,"href":"https:\/\/kulturbloggen.com\/index.php?rest_route=%2Fwp%2Fv2%2Fcomments&post=41033"}],"version-history":[{"count":0,"href":"https:\/\/kulturbloggen.com\/index.php?rest_route=\/wp\/v2\/posts\/41033\/revisions"}],"wp:attachment":[{"href":"https:\/\/kulturbloggen.com\/index.php?rest_route=%2Fwp%2Fv2%2Fmedia&parent=41033"}],"wp:term":[{"taxonomy":"category","embeddable":true,"href":"https:\/\/kulturbloggen.com\/index.php?rest_route=%2Fwp%2Fv2%2Fcategories&post=41033"},{"taxonomy":"post_tag","embeddable":true,"href":"https:\/\/kulturbloggen.com\/index.php?rest_route=%2Fwp%2Fv2%2Ftags&post=41033"}],"curies":[{"name":"wp","href":"https:\/\/api.w.org\/{rel}","templated":true}]}}