{"id":4092,"date":"2008-11-07T13:43:33","date_gmt":"2008-11-07T12:43:33","guid":{"rendered":"http:\/\/kulturbloggen.com\/?p=4092"},"modified":"2008-11-07T13:43:33","modified_gmt":"2008-11-07T12:43:33","slug":"biograf-i-goteborg-dops-efter-roy-andersson","status":"publish","type":"post","link":"https:\/\/kulturbloggen.com\/?p=4092","title":{"rendered":"Biograf i G\u00f6teborg d\u00f6ps efter Roy Andersson"},"content":{"rendered":"<p><img loading=\"lazy\" decoding=\"async\" src=\"http:\/\/sodergren.com\/kulturbloggen\/wp-content\/uploads\/2008\/11\/royandersson125.jpg\" alt=\"\" title=\"royandersson125\" width=\"125\" height=\"250\" class=\"alignright size-full wp-image-4094\" \/>Biograf Royal i G\u00f6teborg byter namn. Den m\u00e5ngfaldigt prisade regiss\u00f6ren, Roy Andersson, l\u00e5nar ut sitt namn till g\u00f6teborgarnas sista biograf p\u00e5 Avenyn.<\/p>\n<p>\u2013 Vi \u00e4r b\u00e5de stolta och upprymda. Roy Andersson st\u00e5r f\u00f6r kvalitet, kurage och v\u00e5gar g\u00e5 sin egen v\u00e4g. Det ligger helt i linje med v\u00e5r satsning i G\u00f6teborg, s\u00e4ger Gunno Sandahl, kulturchef, Folkets Hus och Parker.<\/p>\n<p>Det var i slutet av maj som Folkets Hus och Parker tog \u00f6ver Royal i G\u00f6teborg och Kvartersbion i Stockholm, vilket inneb\u00e4r att organisationen numera har biografer ocks\u00e5 i Sveriges tre st\u00f6rsta st\u00e4der.<\/p>\n<p>\u2013 N\u00e4rvaro i Stockholm, G\u00f6teborg och Malm\u00f6 \u00e4r av central betydelse f\u00f6r att f\u00e5 tillg\u00e5ng till premi\u00e4rfilmer. Ett faktum som filmbranschens akt\u00f6rer p\u00e5minner om av och till, d\u00e4rf\u00f6r k\u00e4nns det bra att vi nu har biografer i dessa st\u00e4der, s\u00e4ger Gunno Sandahl.<\/p>\n<p> Totalt ing\u00e5r 222 biografer i Folkets Hus och Parkers biografkedja, varav majoriteten finns p\u00e5 mindre orter. Steget in i stortst\u00e4derna har Folkets Hus och Parker tagit f\u00f6r att f\u00e5 tillg\u00e5ng till fler premi\u00e4rfilmer till hela biografkedjan.<\/p>\n<p><img loading=\"lazy\" decoding=\"async\" src=\"http:\/\/sodergren.com\/kulturbloggen\/wp-content\/uploads\/2008\/11\/royandersson260.jpg\" alt=\"\" title=\"royandersson260\" width=\"260\" height=\"150\" class=\"alignright size-full wp-image-4096\" \/><\/p>\n","protected":false},"excerpt":{"rendered":"<p>Biograf Royal i G\u00f6teborg byter namn. Den m\u00e5ngfaldigt prisade regiss\u00f6ren, Roy Andersson, l\u00e5nar ut sitt namn till g\u00f6teborgarnas sista biograf p\u00e5 Avenyn. \u2013 Vi \u00e4r b\u00e5de stolta och upprymda. Roy Andersson st\u00e5r f\u00f6r kvalitet, kurage och v\u00e5gar g\u00e5 sin egen v\u00e4g. Det ligger helt i linje med v\u00e5r satsning i G\u00f6teborg, s\u00e4ger Gunno Sandahl, kulturchef, [&hellip;]<\/p>\n","protected":false},"author":2,"featured_media":0,"comment_status":"open","ping_status":"open","sticky":false,"template":"","format":"standard","meta":{"_genesis_hide_title":false,"_genesis_hide_breadcrumbs":false,"_genesis_hide_singular_image":false,"_genesis_hide_footer_widgets":false,"_genesis_custom_body_class":"","_genesis_custom_post_class":"","_genesis_layout":"","footnotes":""},"categories":[20],"tags":[666,1795],"class_list":{"0":"post-4092","1":"post","2":"type-post","3":"status-publish","4":"format-standard","6":"category-film","7":"tag-biografer","8":"tag-folkets-hus","9":"entry"},"_links":{"self":[{"href":"https:\/\/kulturbloggen.com\/index.php?rest_route=\/wp\/v2\/posts\/4092","targetHints":{"allow":["GET"]}}],"collection":[{"href":"https:\/\/kulturbloggen.com\/index.php?rest_route=\/wp\/v2\/posts"}],"about":[{"href":"https:\/\/kulturbloggen.com\/index.php?rest_route=\/wp\/v2\/types\/post"}],"author":[{"embeddable":true,"href":"https:\/\/kulturbloggen.com\/index.php?rest_route=\/wp\/v2\/users\/2"}],"replies":[{"embeddable":true,"href":"https:\/\/kulturbloggen.com\/index.php?rest_route=%2Fwp%2Fv2%2Fcomments&post=4092"}],"version-history":[{"count":0,"href":"https:\/\/kulturbloggen.com\/index.php?rest_route=\/wp\/v2\/posts\/4092\/revisions"}],"wp:attachment":[{"href":"https:\/\/kulturbloggen.com\/index.php?rest_route=%2Fwp%2Fv2%2Fmedia&parent=4092"}],"wp:term":[{"taxonomy":"category","embeddable":true,"href":"https:\/\/kulturbloggen.com\/index.php?rest_route=%2Fwp%2Fv2%2Fcategories&post=4092"},{"taxonomy":"post_tag","embeddable":true,"href":"https:\/\/kulturbloggen.com\/index.php?rest_route=%2Fwp%2Fv2%2Ftags&post=4092"}],"curies":[{"name":"wp","href":"https:\/\/api.w.org\/{rel}","templated":true}]}}