{"id":40904,"date":"2011-09-13T07:49:58","date_gmt":"2011-09-13T05:49:58","guid":{"rendered":"http:\/\/kulturbloggen.com\/?p=40904"},"modified":"2011-09-13T07:49:58","modified_gmt":"2011-09-13T05:49:58","slug":"om-igen-visar-det-sig-att-moderatregeringen-tror-att-de-sjukskrivna-inte-ar-sjuka","status":"publish","type":"post","link":"https:\/\/kulturbloggen.com\/?p=40904","title":{"rendered":"Om igen visar det sig att moderatregeringen tror att de sjukskrivna inte \u00e4r sjuka"},"content":{"rendered":"<p>Moderatregeringen vill att sjukskrivna ska digitalisera svenska kulturarvet.<br \/>\nDet finns ett stort behov av att digitalisera det svenska kulturarvet. <a href=\"http:\/\/www.dik.se\/www\/dik\/web.nsf\/dx\/110203-Satsa-200-miljoner-pa-digitalisering\">Fackf\u00f6rbundet DIK har l\u00e4nge p\u00e5pekat detta:<\/a><\/p>\n<blockquote><p>Satsa minst 200 miljoner kronor per \u00e5r p\u00e5 digitalisering av kulturarvet och l\u00f6sg\u00f6r den kreativa och kunskapsalstrande kraft som ligger g\u00f6md p\u00e5 museernas, bibliotekens och arkivens magasinshyllor. Det kravet framf\u00f6r idag DIK:s f\u00f6rbundsordf\u00f6rande Karin Linder till IT-minister Anna-Karin Hatt.<\/p><\/blockquote>\n<p>Nu kommer den moderatledda regeringen med det h\u00e5rresande f\u00f6rslaget att l\u00e5ta sv\u00e5rt sjuka jobba med detta.<\/p>\n<p>F\u00f6rmodligen till mycket l\u00e5t ers\u00e4ttning. <\/p>\n<p>Det som sl\u00e5r mig f\u00f6rst och fr\u00e4mst \u00e4r att det h\u00e4r s\u00e5 tydligt visar att h\u00f6gerregeringen inte f\u00f6rst\u00e5r att m\u00e4nniskor som \u00e4r sjuka \u00e4r: SJUKA.<br \/>\nH\u00f6gerregeringen tror att den som inte \u00e4r frisk \u00e4r sjuk av lathet eller p\u00e5 j\u00e4velskap. liksom.<\/p>\n<p>Det andra som sl\u00e5r mig: varf\u00f6r inte ge alla arbetsl\u00f6sa chansen att f\u00e5 jobb?<br \/>\n25 procent av de unga \u00e4r arbetsl\u00f6sa och massor andra m\u00e4nniskor i olika \u00e5ldrar \u00e4r arbetsl\u00f6sa. Ge dem chansen att g\u00e5 jobb.<\/p>\n<p>Oj, hoppsan d\u00e5 kan de inte g\u00f6ra det till slavl\u00f6ner, f\u00f6rst\u00e5s. Var det d\u00e4r skon kl\u00e4mde?<br \/>\nVill den moderatledda regeringen inf\u00f6ra ytterligare ett slavprojekt i stil med fas 3. d\u00e4r m\u00e4nniskor f\u00e5r jobba gratis?<\/p>\n<p><a href=\"http:\/\/www.aftonbladet.se\/incoming\/article13613384.ab\">Ur Aftonbladet:<\/a><\/p>\n<blockquote><p>M\u00e4nniskor med nedsatt arbetsf\u00f6rm\u00e5ga f\u00e5r arbeta med att rusta upp det svenska kulturarvet, f\u00f6resl\u00e5r regeringen i h\u00f6stens budgetproposition.<br \/>\nSatsningen omfattar digitalisering, inventering och v\u00e5rd av kulturarvet och Riksantikvarie\u00e4mbetet f\u00e5r ansvaret f\u00f6r detta.<br \/>\n800 miljoner kronor ska ge utf\u00f6rs\u00e4krade arbete inom kultursektorn.\n<\/p><\/blockquote>\n<p>Det \u00e4r bra att regeringen vill digitalisera kulturarvet. Det beh\u00f6ver g\u00f6ras. Men inte genom att utnyttja m\u00e4nniskor som \u00e4r sjuka och l\u00e5ta dem g\u00f6ra det till slavl\u00f6ner.<br \/>\nSkapa riktiga jobb och ge arbetsl\u00f6sa chansen att f\u00e5 jobb inom kultursektorn.<\/p>\n<p>Fast handlar regeringens f\u00f6rslag om att de som arbetar med digitaliseringen ska f\u00e5 avtalsenliga l\u00f6ner kommer ju allt i en annan dager. Det \u00e4r sant. D\u00e5 blir det en m\u00f6jlig f\u00f6r en den sjukskrivna, exempelvis s\u00e5dana som \u00e4r sjukskrivna f\u00f6r att de sitter i rullstol. Vissa grupper skulle kunna utf\u00f6ra visst jobb. Men d\u00e5 borde det h\u00e4r erbjudas arbetsl\u00f6sa ocks\u00e5.<\/p>\n<p><a href=\"http:\/\/martinmobergsblogg.blogspot.com\/2011\/09\/sjuka-sjukforsakringen-och-en-cynisk.html\">Martin Moberg har ocks\u00e5 bloggat om detta<\/a>:<br \/>\n<em>Jag delar helt och h\u00e5llet Kulturbloggens inst\u00e4llning till det som nu den moderatstyrda minoritetsregeringen f\u00f6retar sig, ja det \u00e4r f\u00f6rst\u00e5s bra att man nu tar tag i fr\u00e5gan om digitalisering av v\u00e5rt rika kulturarv men varf\u00f6r inte l\u00e5ta detta bli till riktiga och juste jobb med avtalsenliga l\u00f6ner s\u00e5 att exempelvis de m\u00e5nga unga arbetsl\u00f6sa kan f\u00e5 ett f\u00f6rsta jobb?<\/em> <\/p>\n<p>Relaterat: <a href=\"http:\/\/www.svd.se\/naringsliv\/kulturarvet-uppdrag-for-sjukskrivna_6463944.svd\">Svenska Dagbladet<\/a><\/p>\n<p>utf\u00f6rs\u00e4krade, h\u00f6gerregeringen, moderaterna, digitalisering, kulturarvet, DIK<\/p>\n","protected":false},"excerpt":{"rendered":"<p>Moderatregeringen vill att sjukskrivna ska digitalisera svenska kulturarvet. Det finns ett stort behov av att digitalisera det svenska kulturarvet. Fackf\u00f6rbundet DIK har l\u00e4nge p\u00e5pekat detta: Satsa minst 200 miljoner kronor per \u00e5r p\u00e5 digitalisering av kulturarvet och l\u00f6sg\u00f6r den kreativa och kunskapsalstrande kraft som ligger g\u00f6md p\u00e5 museernas, bibliotekens och arkivens magasinshyllor. Det kravet framf\u00f6r [&hellip;]<\/p>\n","protected":false},"author":2,"featured_media":0,"comment_status":"open","ping_status":"open","sticky":false,"template":"","format":"standard","meta":{"_genesis_hide_title":false,"_genesis_hide_breadcrumbs":false,"_genesis_hide_singular_image":false,"_genesis_hide_footer_widgets":false,"_genesis_custom_body_class":"","_genesis_custom_post_class":"","_genesis_layout":"","footnotes":""},"categories":[44,62],"tags":[1268,1273,2385,3079,6135],"class_list":{"0":"post-40904","1":"post","2":"type-post","3":"status-publish","4":"format-standard","6":"category-chadie","7":"category-medie-och-kulturpolitik","8":"tag-digitalisering","9":"tag-dik","10":"tag-hogerregeringen","11":"tag-kulturarvet","12":"tag-utforsakrade","13":"entry"},"_links":{"self":[{"href":"https:\/\/kulturbloggen.com\/index.php?rest_route=\/wp\/v2\/posts\/40904","targetHints":{"allow":["GET"]}}],"collection":[{"href":"https:\/\/kulturbloggen.com\/index.php?rest_route=\/wp\/v2\/posts"}],"about":[{"href":"https:\/\/kulturbloggen.com\/index.php?rest_route=\/wp\/v2\/types\/post"}],"author":[{"embeddable":true,"href":"https:\/\/kulturbloggen.com\/index.php?rest_route=\/wp\/v2\/users\/2"}],"replies":[{"embeddable":true,"href":"https:\/\/kulturbloggen.com\/index.php?rest_route=%2Fwp%2Fv2%2Fcomments&post=40904"}],"version-history":[{"count":0,"href":"https:\/\/kulturbloggen.com\/index.php?rest_route=\/wp\/v2\/posts\/40904\/revisions"}],"wp:attachment":[{"href":"https:\/\/kulturbloggen.com\/index.php?rest_route=%2Fwp%2Fv2%2Fmedia&parent=40904"}],"wp:term":[{"taxonomy":"category","embeddable":true,"href":"https:\/\/kulturbloggen.com\/index.php?rest_route=%2Fwp%2Fv2%2Fcategories&post=40904"},{"taxonomy":"post_tag","embeddable":true,"href":"https:\/\/kulturbloggen.com\/index.php?rest_route=%2Fwp%2Fv2%2Ftags&post=40904"}],"curies":[{"name":"wp","href":"https:\/\/api.w.org\/{rel}","templated":true}]}}