{"id":40885,"date":"2011-09-12T18:47:24","date_gmt":"2011-09-12T16:47:24","guid":{"rendered":"http:\/\/kulturbloggen.com\/?p=40885"},"modified":"2011-09-12T18:47:24","modified_gmt":"2011-09-12T16:47:24","slug":"salem-al-fakir-och-moneybrother-gor-musiken-till-streetdanceversionen-av-svansjon","status":"publish","type":"post","link":"https:\/\/kulturbloggen.com\/?p=40885","title":{"rendered":"Salem Al Fakir och Moneybrother g\u00f6r musiken till streetdanceversionen av Svansj\u00f6n"},"content":{"rendered":"<p><a href=\"http:\/\/kulturbloggen.com\/wp-content\/uploads\/2011\/09\/SVANSJON.jpg\"><img loading=\"lazy\" decoding=\"async\" src=\"http:\/\/kulturbloggen.com\/wp-content\/uploads\/2011\/09\/SVANSJON-300x171.jpg\" alt=\"\" title=\"SVANSJON\" width=\"300\" height=\"171\" class=\"aligncenter size-medium wp-image-40886\" \/><\/a><\/p>\n<p>Det \u00e4r nu klart att bland andra Salem Al Fakir och Moneybrother komponerar musik till streetdanceversionen av Svansj\u00f6n som har premi\u00e4r i december p\u00e5 Dansens Hus. Koreografen Fredrik \u201dBenke\u201d Rydmans tolkning av den klassiska sagan ser ut att bli vinterns dansh\u00e4ndelse. Biljetterna har en rykande \u00e5tg\u00e5ng och d\u00e4rf\u00f6r f\u00f6rl\u00e4ngs spelperioden med tjugo nya f\u00f6rest\u00e4llningar, ber\u00e4ttar ett pressmeddelande.<\/p>\n<p>H\u00e4r \u00e4r resten av pressmeddelandet:<\/p>\n<blockquote><p>Den 2 december 2011 har Fredrik \u201dBenke\u201d Rydmans version av Svansj\u00f6n premi\u00e4r p\u00e5 Dansens Hus i Stockholm. \u00d6ver 10 000 biljetter har redan s\u00e5lts och d\u00e4rf\u00f6r f\u00f6rl\u00e4ngs nu spelperioden med ytterligare tjugo f\u00f6rest\u00e4llningar efter \u00e5rsskiftet. De nya speldatumen \u00e4r 12-15 januari, 19-22 januari, 26-29 januari samt 2-5 februari 2012. <\/p>\n<p>F\u00f6rutom Tjajkovskijs originalmusik kommer Salem Al Fakir, Moneybrother, Eye N\u2019 I fr\u00e5n PH3 och Skizz fr\u00e5n Stockholmssyndromet, Adiam Dymott, Linn\u00e9a Martinsson och Mario Perez Amigo att bidra med nykomponerad musik till f\u00f6rest\u00e4llningen. <\/p>\n<p>Koreografen Fredrik Rydmans tolkning av den klassiska sagan blir betydligt r\u00e5are \u00e4n originalet. Svanarna \u00e4r heroinberoende prostituerade och tyllkjolarna ers\u00e4tts av fuskp\u00e4lsar, peruker och h\u00f6gklackade st\u00f6vlar. Trollkarlen Rothbart \u00e4r h\u00e4r en hallick och Prins Siegfried \u00e4r \u00f6verklasskillen som blir k\u00e4r i \u201dfel\u201d tjej. Historien utspelar sig i en stiliserad nutid, ute i betongen och hemma i vardagsrummet. Dekoren som g\u00f6rs i graffititeknik \u00e4r en blandning av urban milj\u00f6 och 1700-talsinteri\u00f6r i stil med Drottningholms Slottsteater. Tio av Sveriges b\u00e4sta streetdansare medverkar i f\u00f6rest\u00e4llningen och i oktober p\u00e5b\u00f6rjas repetitionerna. <\/p><\/blockquote>\n<p>Den som vill f\u00f6rbereda sig inf\u00f6r den nyare versionen kan ta sig till Kungliga Operan i Stockholm d\u00e4r en mer traditionell balettversion spelas.<br \/>\n<a href=\"http:\/\/www.operan.se\/Var-repertoar\/Sasongen-20112012\/Svansjon\/Forestallningar\/2011-09-12-1900\/\">Fr\u00e5n Operans hemsida:<\/a><\/p>\n<blockquote><p>Prins Siegfried grips av legenden om en prinsessa f\u00f6rtrollad till svan. Ensam beger han sig till sj\u00f6n om natten. D\u00e4r visar sig Svanprinsessan vara verklig, men endast sann k\u00e4rlek kan r\u00e4dda henne fr\u00e5n f\u00f6rbannelsen och den onde trollkarlen.<\/p>\n<p>En rysk folksaga har med Pjotr Tjajkovskijs dramatiska och romantiska musik blivit baletternas balett. Dubbelrollen som den vita och den svarta svanen \u00e4r en av den klassiska balettens mest kr\u00e4vande. Skapad f\u00f6r Kungliga Baletten 1964 av den ryska koreografen Natalia Conus \u00e4r det svenska kompaniet fortfarande det enda i v\u00e4rlden som dansar just denna ljusa, klassiska tolkning.<\/p><\/blockquote>\n<p>L\u00e4s \u00e4ven andra bloggares \u00e5sikter om <a href=\"http:\/\/bloggar.se\/om\/Svansj%F6n\" rel=\"tag\">Svansj\u00f6n<\/a>, <a href=\"http:\/\/bloggar.se\/om\/Moneybrother\" rel=\"tag\">Moneybrother<\/a>, <a href=\"http:\/\/bloggar.se\/om\/Salem+al+fakir\" rel=\"tag\">Salem al fakir<\/a><\/p>\n","protected":false},"excerpt":{"rendered":"<p>Det \u00e4r nu klart att bland andra Salem Al Fakir och Moneybrother komponerar musik till streetdanceversionen av Svansj\u00f6n som har premi\u00e4r i december p\u00e5 Dansens Hus. Koreografen Fredrik \u201dBenke\u201d Rydmans tolkning av den klassiska sagan ser ut att bli vinterns dansh\u00e4ndelse. Biljetterna har en rykande \u00e5tg\u00e5ng och d\u00e4rf\u00f6r f\u00f6rl\u00e4ngs spelperioden med tjugo nya f\u00f6rest\u00e4llningar, ber\u00e4ttar [&hellip;]<\/p>\n","protected":false},"author":13,"featured_media":0,"comment_status":"open","ping_status":"open","sticky":false,"template":"","format":"standard","meta":{"_genesis_hide_title":false,"_genesis_hide_breadcrumbs":false,"_genesis_hide_singular_image":false,"_genesis_hide_footer_widgets":false,"_genesis_custom_body_class":"","_genesis_custom_post_class":"","_genesis_layout":"","footnotes":""},"categories":[20],"tags":[3767,4905,5504],"class_list":{"0":"post-40885","1":"post","2":"type-post","3":"status-publish","4":"format-standard","6":"category-film","7":"tag-moneybrother","8":"tag-salem-al-fakir","9":"tag-svansjon","10":"entry"},"_links":{"self":[{"href":"https:\/\/kulturbloggen.com\/index.php?rest_route=\/wp\/v2\/posts\/40885","targetHints":{"allow":["GET"]}}],"collection":[{"href":"https:\/\/kulturbloggen.com\/index.php?rest_route=\/wp\/v2\/posts"}],"about":[{"href":"https:\/\/kulturbloggen.com\/index.php?rest_route=\/wp\/v2\/types\/post"}],"author":[{"embeddable":true,"href":"https:\/\/kulturbloggen.com\/index.php?rest_route=\/wp\/v2\/users\/13"}],"replies":[{"embeddable":true,"href":"https:\/\/kulturbloggen.com\/index.php?rest_route=%2Fwp%2Fv2%2Fcomments&post=40885"}],"version-history":[{"count":0,"href":"https:\/\/kulturbloggen.com\/index.php?rest_route=\/wp\/v2\/posts\/40885\/revisions"}],"wp:attachment":[{"href":"https:\/\/kulturbloggen.com\/index.php?rest_route=%2Fwp%2Fv2%2Fmedia&parent=40885"}],"wp:term":[{"taxonomy":"category","embeddable":true,"href":"https:\/\/kulturbloggen.com\/index.php?rest_route=%2Fwp%2Fv2%2Fcategories&post=40885"},{"taxonomy":"post_tag","embeddable":true,"href":"https:\/\/kulturbloggen.com\/index.php?rest_route=%2Fwp%2Fv2%2Ftags&post=40885"}],"curies":[{"name":"wp","href":"https:\/\/api.w.org\/{rel}","templated":true}]}}