{"id":40643,"date":"2011-09-11T09:41:09","date_gmt":"2011-09-11T07:41:09","guid":{"rendered":"http:\/\/kulturbloggen.com\/?p=40643"},"modified":"2011-09-11T09:41:09","modified_gmt":"2011-09-11T07:41:09","slug":"full-fart-pa-bengans-nar-ailucrash-signerade-skivor","status":"publish","type":"post","link":"https:\/\/kulturbloggen.com\/?p=40643","title":{"rendered":"Full fart p\u00e5 Bengans n\u00e4r AiluCrash signerade skivor"},"content":{"rendered":"<p><a href=\"http:\/\/kulturbloggen.com\/wp-content\/uploads\/2011\/09\/ailucrash.jpg\"><img loading=\"lazy\" decoding=\"async\" src=\"http:\/\/kulturbloggen.com\/wp-content\/uploads\/2011\/09\/ailucrash-300x200.jpg\" alt=\"\" title=\"ailucrash\" width=\"300\" height=\"200\" class=\"aligncenter size-medium wp-image-40644\" \/><\/a><\/p>\n<p>Klockan 14 p\u00e5 l\u00f6rdagseftermiddagen var det dags. Det var ett glatt g\u00e4ng som kom in genom ytterd\u00f6rren n\u00e4r tjejerna jublade och skrek. Det var p\u00e5 skivaff\u00e4ren Bengans p\u00e5 drottninggatan i centrala Stockholm som en fantastisk skara med fans hade samlats p\u00e5. Bandet var AiluCrash, som har med ett g\u00e4ng grymt sk\u00f6na l\u00e5ter i den helt underbara filmen \u201dJag saknar dig\u201d. <a href=\"http:\/\/kulturbloggen.com\/?p=39389\">H\u00e4r \u00e4r Kulturbloggens recension av den filmen. <\/a><\/p>\n<p>Grabbarna gick upp p\u00e5 scenen exakt klockan 14:01, det jublades och skreks. Grabbarna var p\u00e5 ett underbart hum\u00f6r och var glada och tillm\u00f6tesg\u00e5ende. De spelade tre l\u00e5tar i helt fantastiska akustiska live versioner. Det var underbara versioner av \u201dEvery Day\u201d, \u201dWe Are The Last On Earth\u201d och s\u00e5 klart deras hitl\u00e5t \u201dTurn The Tide (Cilla Turns)\u201d. Efter\u00e5t ringlades det en l\u00e5ng k\u00f6 n\u00e4r de skulle signera sitt sj\u00e4lvbetitlade debutalbum Ailucrash. Det var mestadels tjejer som fanns i publiken, men \u00e4ven n\u00e5gra killar hade hittat dit. De signerades allt fr\u00e5n skivor, till affischer och p\u00e5 Converse-skor. Grabbarna var glada att f\u00e5 spela n\u00e5gra l\u00e5tar och tr\u00e4ffa sina underbara fans och f\u00e5 sig en pratstund med dem.<\/p>\n<p>Senare p\u00e5 kv\u00e4llen skulle de spela p\u00e5 Kulturnatten som \u00e4ger rum i Uppsala. Bandet stannade i cirka 1timme och 30min innan det var dags att bege sig till Uppsala.<br \/>\nAiluCrash best\u00e5r utav huvuds\u00e5ngaren Ludvig Nilsson, Kai Israelsen, Tom Israelsen, Viktor Mattsson och Anton Karlstr\u00f6m.<\/p>\n<p><strong>Text och foto: Calle Andersson<\/strong><\/p>\n<p><a href=\"http:\/\/kulturbloggen.com\/wp-content\/uploads\/2011\/09\/ailucrash6.jpg\"><img loading=\"lazy\" decoding=\"async\" src=\"http:\/\/kulturbloggen.com\/wp-content\/uploads\/2011\/09\/ailucrash6-200x300.jpg\" alt=\"\" title=\"ailucrash6\" width=\"200\" height=\"300\" class=\"aligncenter size-medium wp-image-40645\" \/><\/a><\/p>\n<p><a href=\"http:\/\/kulturbloggen.com\/wp-content\/uploads\/2011\/09\/ailucrash5.jpg\"><img loading=\"lazy\" decoding=\"async\" src=\"http:\/\/kulturbloggen.com\/wp-content\/uploads\/2011\/09\/ailucrash5-300x200.jpg\" alt=\"\" title=\"ailucrash5\" width=\"300\" height=\"200\" class=\"aligncenter size-medium wp-image-40646\" \/><\/a><\/p>\n<p><a href=\"http:\/\/kulturbloggen.com\/wp-content\/uploads\/2011\/09\/ailucrash4.jpg\"><img loading=\"lazy\" decoding=\"async\" src=\"http:\/\/kulturbloggen.com\/wp-content\/uploads\/2011\/09\/ailucrash4-300x200.jpg\" alt=\"\" title=\"ailucrash4\" width=\"300\" height=\"200\" class=\"aligncenter size-medium wp-image-40647\" \/><\/a><\/p>\n<p><a href=\"http:\/\/kulturbloggen.com\/wp-content\/uploads\/2011\/09\/ailucrash3.jpg\"><img loading=\"lazy\" decoding=\"async\" src=\"http:\/\/kulturbloggen.com\/wp-content\/uploads\/2011\/09\/ailucrash3-300x200.jpg\" alt=\"\" title=\"ailucrash3\" width=\"300\" height=\"200\" class=\"aligncenter size-medium wp-image-40648\" \/><\/a><\/p>\n<p><a href=\"http:\/\/kulturbloggen.com\/wp-content\/uploads\/2011\/09\/ailucrash2.jpg\"><img loading=\"lazy\" decoding=\"async\" src=\"http:\/\/kulturbloggen.com\/wp-content\/uploads\/2011\/09\/ailucrash2-300x200.jpg\" alt=\"\" title=\"ailucrash2\" width=\"300\" height=\"200\" class=\"aligncenter size-medium wp-image-40649\" \/><\/a><\/p>\n<p><a href=\"http:\/\/kulturbloggen.com\/wp-content\/uploads\/2011\/09\/ailucrash1.jpg\"><img loading=\"lazy\" decoding=\"async\" src=\"http:\/\/kulturbloggen.com\/wp-content\/uploads\/2011\/09\/ailucrash1-300x200.jpg\" alt=\"\" title=\"ailucrash1\" width=\"300\" height=\"200\" class=\"aligncenter size-medium wp-image-40650\" \/><\/a><\/p>\n<p>L\u00e4s \u00e4ven andra bloggares \u00e5sikter om <a href=\"http:\/\/bloggar.se\/om\/Bengans\" rel=\"tag\">Bengans<\/a>, <a href=\"http:\/\/bloggar.se\/om\/signering\" rel=\"tag\">signering<\/a>, <a href=\"http:\/\/bloggar.se\/om\/AiluCrash\" rel=\"tag\">AiluCrash<\/a><\/p>\n","protected":false},"excerpt":{"rendered":"<p>Klockan 14 p\u00e5 l\u00f6rdagseftermiddagen var det dags. Det var ett glatt g\u00e4ng som kom in genom ytterd\u00f6rren n\u00e4r tjejerna jublade och skrek. Det var p\u00e5 skivaff\u00e4ren Bengans p\u00e5 drottninggatan i centrala Stockholm som en fantastisk skara med fans hade samlats p\u00e5. Bandet var AiluCrash, som har med ett g\u00e4ng grymt sk\u00f6na l\u00e5ter i den helt [&hellip;]<\/p>\n","protected":false},"author":13,"featured_media":0,"comment_status":"open","ping_status":"open","sticky":false,"template":"","format":"standard","meta":{"_genesis_hide_title":false,"_genesis_hide_breadcrumbs":false,"_genesis_hide_singular_image":false,"_genesis_hide_footer_widgets":false,"_genesis_custom_body_class":"","_genesis_custom_post_class":"","_genesis_layout":"","footnotes":""},"categories":[7],"tags":[167,588,5059],"class_list":{"0":"post-40643","1":"post","2":"type-post","3":"status-publish","4":"format-standard","6":"category-musik","7":"tag-ailucrash","8":"tag-bengans","9":"tag-signering","10":"entry"},"_links":{"self":[{"href":"https:\/\/kulturbloggen.com\/index.php?rest_route=\/wp\/v2\/posts\/40643","targetHints":{"allow":["GET"]}}],"collection":[{"href":"https:\/\/kulturbloggen.com\/index.php?rest_route=\/wp\/v2\/posts"}],"about":[{"href":"https:\/\/kulturbloggen.com\/index.php?rest_route=\/wp\/v2\/types\/post"}],"author":[{"embeddable":true,"href":"https:\/\/kulturbloggen.com\/index.php?rest_route=\/wp\/v2\/users\/13"}],"replies":[{"embeddable":true,"href":"https:\/\/kulturbloggen.com\/index.php?rest_route=%2Fwp%2Fv2%2Fcomments&post=40643"}],"version-history":[{"count":0,"href":"https:\/\/kulturbloggen.com\/index.php?rest_route=\/wp\/v2\/posts\/40643\/revisions"}],"wp:attachment":[{"href":"https:\/\/kulturbloggen.com\/index.php?rest_route=%2Fwp%2Fv2%2Fmedia&parent=40643"}],"wp:term":[{"taxonomy":"category","embeddable":true,"href":"https:\/\/kulturbloggen.com\/index.php?rest_route=%2Fwp%2Fv2%2Fcategories&post=40643"},{"taxonomy":"post_tag","embeddable":true,"href":"https:\/\/kulturbloggen.com\/index.php?rest_route=%2Fwp%2Fv2%2Ftags&post=40643"}],"curies":[{"name":"wp","href":"https:\/\/api.w.org\/{rel}","templated":true}]}}