{"id":40496,"date":"2011-09-08T00:21:06","date_gmt":"2011-09-07T22:21:06","guid":{"rendered":"http:\/\/kulturbloggen.com\/?p=40496"},"modified":"2011-09-08T00:21:06","modified_gmt":"2011-09-07T22:21:06","slug":"den-glasogonfria-3d-skarmen-ar-har","status":"publish","type":"post","link":"https:\/\/kulturbloggen.com\/?p=40496","title":{"rendered":"Den glas\u00f6gonfria 3D sk\u00e4rmen \u00e4r h\u00e4r"},"content":{"rendered":"<p><a href=\"http:\/\/kulturbloggen.com\/wp-content\/uploads\/2011\/09\/LG_3D.jpg\"><img loading=\"lazy\" decoding=\"async\" class=\"aligncenter size-medium wp-image-40497\" title=\"LG_3D\" src=\"http:\/\/kulturbloggen.com\/wp-content\/uploads\/2011\/09\/LG_3D-300x224.jpg\" alt=\"\" width=\"300\" height=\"224\" \/><\/a><\/p>\n<p><a href=\"http:\/\/www.idg.se\/2.1085\/1.402443\/hett-med-3d-i-berlin---har-ar-nya-prylarna\/2-sida-2\">IFA m\u00e4ssan i Berlin visade upp 3D i alla dess former<\/a>, det verkar som om teknikriget har b\u00f6rjat. Det kan bli som men Betamax och VHS, och senare \u00e5rs kamp om DVD standarder som Blueray vann.<\/p>\n<p>LG sattsar p\u00e5 samma teknik som finns p\u00e5 bio nu, med polariserade glas\u00f6gon men flera tillverkare sattsar p\u00e5 3D utan glas\u00f6gon och min magk\u00e4nsla s\u00e4ger att det \u00e4r h\u00e4r som framtiden finns. Men om sanningen skall fram kan jag v\u00e4nta tills det blir bra. Tyv\u00e4rr \u00e4r det f\u00e5 filmer jag sett hittills som imponerar som Avatar. Den var m\u00e4ktig och vacker och inte det sammelsurium av \u00e4ckliga saker som flyger omkring som m\u00e5nga 3D filmer f\u00f6rs\u00f6ker s\u00e4lja p\u00e5.<\/p>\n<p><a href=\"http:\/\/intressant.se\/intressant\">Intressant?<\/a> L\u00e4s \u00e4ven andra bloggares \u00e5sikter om <a href=\"http:\/\/bloggar.se\/om\/IFA\" rel=\"tag\">IFA<\/a>, <a href=\"http:\/\/bloggar.se\/om\/Berlin\" rel=\"tag\">Berlin<\/a>, <a href=\"http:\/\/bloggar.se\/om\/LG\" rel=\"tag\">LG<\/a>, <a href=\"http:\/\/bloggar.se\/om\/3D+teknik\" rel=\"tag\">3D teknik<\/a><\/p>\n","protected":false},"excerpt":{"rendered":"<p>IFA m\u00e4ssan i Berlin visade upp 3D i alla dess former, det verkar som om teknikriget har b\u00f6rjat. Det kan bli som men Betamax och VHS, och senare \u00e5rs kamp om DVD standarder som Blueray vann. LG sattsar p\u00e5 samma teknik som finns p\u00e5 bio nu, med polariserade glas\u00f6gon men flera tillverkare sattsar p\u00e5 3D [&hellip;]<\/p>\n","protected":false},"author":13,"featured_media":0,"comment_status":"open","ping_status":"open","sticky":false,"template":"","format":"standard","meta":{"_genesis_hide_title":false,"_genesis_hide_breadcrumbs":false,"_genesis_hide_singular_image":false,"_genesis_hide_footer_widgets":false,"_genesis_custom_body_class":"","_genesis_custom_post_class":"","_genesis_layout":"","footnotes":""},"categories":[20],"tags":[112,598,2436,3277],"class_list":{"0":"post-40496","1":"post","2":"type-post","3":"status-publish","4":"format-standard","6":"category-film","7":"tag-3d-teknik","8":"tag-berlin","9":"tag-ifa","10":"tag-lg","11":"entry"},"_links":{"self":[{"href":"https:\/\/kulturbloggen.com\/index.php?rest_route=\/wp\/v2\/posts\/40496","targetHints":{"allow":["GET"]}}],"collection":[{"href":"https:\/\/kulturbloggen.com\/index.php?rest_route=\/wp\/v2\/posts"}],"about":[{"href":"https:\/\/kulturbloggen.com\/index.php?rest_route=\/wp\/v2\/types\/post"}],"author":[{"embeddable":true,"href":"https:\/\/kulturbloggen.com\/index.php?rest_route=\/wp\/v2\/users\/13"}],"replies":[{"embeddable":true,"href":"https:\/\/kulturbloggen.com\/index.php?rest_route=%2Fwp%2Fv2%2Fcomments&post=40496"}],"version-history":[{"count":0,"href":"https:\/\/kulturbloggen.com\/index.php?rest_route=\/wp\/v2\/posts\/40496\/revisions"}],"wp:attachment":[{"href":"https:\/\/kulturbloggen.com\/index.php?rest_route=%2Fwp%2Fv2%2Fmedia&parent=40496"}],"wp:term":[{"taxonomy":"category","embeddable":true,"href":"https:\/\/kulturbloggen.com\/index.php?rest_route=%2Fwp%2Fv2%2Fcategories&post=40496"},{"taxonomy":"post_tag","embeddable":true,"href":"https:\/\/kulturbloggen.com\/index.php?rest_route=%2Fwp%2Fv2%2Ftags&post=40496"}],"curies":[{"name":"wp","href":"https:\/\/api.w.org\/{rel}","templated":true}]}}