{"id":40485,"date":"2011-09-07T18:21:31","date_gmt":"2011-09-07T16:21:31","guid":{"rendered":"http:\/\/kulturbloggen.com\/?p=40485"},"modified":"2011-09-07T18:21:31","modified_gmt":"2011-09-07T16:21:31","slug":"svinalangorna-blir-sveriges-bidrag-till-arets-oscarsnominering","status":"publish","type":"post","link":"https:\/\/kulturbloggen.com\/?p=40485","title":{"rendered":"Svinal\u00e4ngorna blir Sveriges bidrag till \u00e5rets Oscarsnominering"},"content":{"rendered":"<figure id=\"attachment_40493\" aria-describedby=\"caption-attachment-40493\" style=\"width: 300px\" class=\"wp-caption aligncenter\"><a href=\"http:\/\/kulturbloggen.com\/wp-content\/uploads\/2011\/09\/Svinalangorna_3.jpg\"><img loading=\"lazy\" decoding=\"async\" class=\"size-medium wp-image-40493\" title=\"Svinalangorna_3\" src=\"http:\/\/kulturbloggen.com\/wp-content\/uploads\/2011\/09\/Svinalangorna_3-300x199.jpg\" alt=\"\" width=\"300\" height=\"199\" \/><\/a><figcaption id=\"caption-attachment-40493\" class=\"wp-caption-text\">Foto: Rolf Konow\/Nordisk Film.<\/figcaption><\/figure>\n<p>Svenska Filminstitutet har utsett Pernilla Augusts Svinal\u00e4ngorna till Sveriges Oscarsbidrag. S\u00e5 h\u00e4r skrev Kulturbloggen i en <a href=\"http:\/\/kulturbloggen.com\/?p=27516\" target=\"_blank\">recension<\/a> om filmen vid premi\u00e4ren. Det blir sp\u00e4nnande att se vad Oscarsjuryn tycker.<\/p>\n<p>I ett pressmeddelande skriver nu Nordisk Film:<\/p>\n<blockquote><p>Svinal\u00e4ngorna, som \u00e4r Pernilla Augusts debut som l\u00e5ngfilmsregiss\u00f6r, \u00e4r fritt baserad p\u00e5 Susanna Alakoskis Augustprisvinnande roman med samma namn. Filmen utspelar sig b\u00e5de i nutid och i 70-talets Ystad och \u00e4r en gripande historia om en kvinnas konfrontation med minnena fr\u00e5n sin trassliga barndom. Noomi Rapace, Ola Rapace, Ville Virtanen och Outi M\u00e4enp\u00e4\u00e4 \u00e4r n\u00e5gra av sk\u00e5despelarna i filmen. Filmen har producerats av Helena Danielsson p\u00e5 Heppfilm och Ralf Karlsson p\u00e5 Drakfilm.<\/p>\n<p>Svinal\u00e4ngorna hade premi\u00e4r den 10 december 2010 och s\u00e5gs av n\u00e4stan 400 000 biobes\u00f6kare i Sverige. Filmen har s\u00e5lts till ett flertal l\u00e4nder, f\u00f6rutom h\u00e4r i Norden \u00e4ven till bland annat Italien, Schweiz, Tyskland, Australien, Nya Zeeland, Taiwan, Rum\u00e4nien och Israel. Filmen har tagit emot priser p\u00e5 flera prestigefyllda filmfestivaler v\u00e4rlden \u00f6ver. Bland annat prisades den i sektionen Kritikerveckan p\u00e5 Venedigs filmfestival f\u00f6rra \u00e5ret, samt i L\u00fcbeck, Hamburg och S\u00e2o Paulo. P\u00e5 hemmaplan bel\u00f6nades den med tre Guldbaggar.<\/p>\n<p>I mitten p\u00e5 januari 2012 meddelas vilka filmer som Oscarsjuryn tagit ut f\u00f6r t\u00e4vlan om B\u00e4sta icke engelskspr\u00e5kiga film. Utdelningen \u00e4ger rum den 26 februari 2012.<\/p><\/blockquote>\n<p>&#8221;Ingen annan film \u00e4n Svinal\u00e4ngorna (Beyond p\u00e5 engelska) kunde ha blivit Sveriges Oscarsbidrag 2012&#8221;, skriver <a href=\"http:\/\/www.svd.se\/kultur\/perspektiv-sveriges-oscarsbidrag-svinalangorna_6450134.svd\" target=\"_blank\">Svenska Dagbladet<\/a>.\u00a0 L\u00e4s \u00e4ven om nyheten i <a href=\"http:\/\/www.aftonbladet.se\/nojesbladet\/film\/article13585371.ab\" target=\"_blank\">Aftonbladet\/N\u00f6jesbladet,<\/a> <a href=\"http:\/\/www.dn.se\/kultur-noje\/film-tv\/svinalangorna-arets-svenska-oscarsbidrag\" target=\"_blank\">Dagens Nyheter<\/a> och <a href=\"http:\/\/www.expressen.se\/1.2552719\" target=\"_blank\">Expressen<\/a>.<\/p>\n<p>L\u00e4s \u00e4ven andra bloggares \u00e5sikter om <a href=\"http:\/\/bloggar.se\/om\/Svinal%E4ngorna\" rel=\"tag\">Svinal\u00e4ngorna<\/a>, <a href=\"http:\/\/bloggar.se\/om\/Oscars\" rel=\"tag\">Oscars<\/a><\/p>\n","protected":false},"excerpt":{"rendered":"<p>Svenska Filminstitutet har utsett Pernilla Augusts Svinal\u00e4ngorna till Sveriges Oscarsbidrag. S\u00e5 h\u00e4r skrev Kulturbloggen i en recension om filmen vid premi\u00e4ren. Det blir sp\u00e4nnande att se vad Oscarsjuryn tycker. I ett pressmeddelande skriver nu Nordisk Film: Svinal\u00e4ngorna, som \u00e4r Pernilla Augusts debut som l\u00e5ngfilmsregiss\u00f6r, \u00e4r fritt baserad p\u00e5 Susanna Alakoskis Augustprisvinnande roman med samma namn. [&hellip;]<\/p>\n","protected":false},"author":13,"featured_media":0,"comment_status":"open","ping_status":"open","sticky":false,"template":"","format":"standard","meta":{"_genesis_hide_title":false,"_genesis_hide_breadcrumbs":false,"_genesis_hide_singular_image":false,"_genesis_hide_footer_widgets":false,"_genesis_custom_body_class":"","_genesis_custom_post_class":"","_genesis_layout":"","footnotes":""},"categories":[50],"tags":[4022,4120,4211,4316,5540],"class_list":{"0":"post-40485","1":"post","2":"type-post","3":"status-publish","4":"format-standard","6":"category-filmfilm","7":"tag-noomi-rapace","8":"tag-ola-rapace","9":"tag-oscar","10":"tag-pernilla-august","11":"tag-svinalangorna","12":"entry"},"_links":{"self":[{"href":"https:\/\/kulturbloggen.com\/index.php?rest_route=\/wp\/v2\/posts\/40485","targetHints":{"allow":["GET"]}}],"collection":[{"href":"https:\/\/kulturbloggen.com\/index.php?rest_route=\/wp\/v2\/posts"}],"about":[{"href":"https:\/\/kulturbloggen.com\/index.php?rest_route=\/wp\/v2\/types\/post"}],"author":[{"embeddable":true,"href":"https:\/\/kulturbloggen.com\/index.php?rest_route=\/wp\/v2\/users\/13"}],"replies":[{"embeddable":true,"href":"https:\/\/kulturbloggen.com\/index.php?rest_route=%2Fwp%2Fv2%2Fcomments&post=40485"}],"version-history":[{"count":0,"href":"https:\/\/kulturbloggen.com\/index.php?rest_route=\/wp\/v2\/posts\/40485\/revisions"}],"wp:attachment":[{"href":"https:\/\/kulturbloggen.com\/index.php?rest_route=%2Fwp%2Fv2%2Fmedia&parent=40485"}],"wp:term":[{"taxonomy":"category","embeddable":true,"href":"https:\/\/kulturbloggen.com\/index.php?rest_route=%2Fwp%2Fv2%2Fcategories&post=40485"},{"taxonomy":"post_tag","embeddable":true,"href":"https:\/\/kulturbloggen.com\/index.php?rest_route=%2Fwp%2Fv2%2Ftags&post=40485"}],"curies":[{"name":"wp","href":"https:\/\/api.w.org\/{rel}","templated":true}]}}