{"id":40460,"date":"2011-09-06T21:01:45","date_gmt":"2011-09-06T19:01:45","guid":{"rendered":"http:\/\/kulturbloggen.com\/?p=40460"},"modified":"2011-09-06T21:01:45","modified_gmt":"2011-09-06T19:01:45","slug":"kungliga-operan-raddar-dalhalla-operafestival","status":"publish","type":"post","link":"https:\/\/kulturbloggen.com\/?p=40460","title":{"rendered":"Kungliga Operan r\u00e4ddar Dalhalla Operafestival?"},"content":{"rendered":"<p> <a href=\"http:\/\/kulturbloggen.com\/wp-content\/uploads\/2011\/09\/dalhalalbild2.jpg\"><img loading=\"lazy\" decoding=\"async\" src=\"http:\/\/kulturbloggen.com\/wp-content\/uploads\/2011\/09\/dalhalalbild2-300x142.jpg\" alt=\"\" title=\"dalhalalbild2\" width=\"300\" height=\"142\" class=\"aligncenter size-medium wp-image-40468\" \/><\/a><br \/>\nI dalatidningarna l\u00e4ser jag idag att det finns ett f\u00f6rslag om ett f\u00f6rdjupat samarbete mellan Dalhalla och Kungliga Operan.<\/p>\n<p>Bl.a. inneb\u00e4r detta att operan skulle f\u00f6rl\u00e4gga ett g\u00e4stspel i Dalhalla n\u00e4sta \u00e5r, men ocks\u00e5 ett f\u00f6rdjupat samarbete mellan \u00e5ren 2013-15.<\/p>\n<p>Bakgrunden till dessa diskussioner \u00e4r kulturministerns beg\u00e4ran att Operan skulle komma med f\u00f6rslag om ett b\u00e4ttre samarbete mellan operahusen men ocks\u00e5 till exempel med Dalhalla.<\/p>\n<p>Dalhalla har ju som bekant g\u00e5tt p\u00e5 sparl\u00e5ga n\u00e5gra \u00e5r och det k\u00e4nns inte korrekt att kalla en upps\u00e4ttning f\u00f6r en operafestival. I \u00e5r har Dalhalla bara orkat med en konsertant version av Gaetano Donizettis opera &#8221;K\u00e4rleksdrycken och f\u00f6reg\u00e5ende \u00e5r gav man &#8221;Trollfl\u00f6jten&#8221;.<\/p>\n<p>Om dessa diskussioner leder fram till konkreta \u00e4r s\u00e5v\u00e4l Kungliga Operan som Dalhalla att gratulera, men jag tror att det \u00e4r viktigt att man ger n\u00e5gra olika verk till exempel ett par veckoslut. D\u00e5 kan det \u00e5ter bli intressant med en resa till Dalhalla, men att \u00e5ka till Dalhalla f\u00f6r att se en konsertant version av &#8221;K\u00e4rleksdrycken&#8221;, hur bra den \u00e4n kan vara, \u00e4r inte aktuellt, \u00e5tminstone inte f\u00f6r mig.Det \u00e4r f\u00f6r l\u00e5ng och f\u00f6r dyrt.<\/p>\n<p><a href=\"http:\/\/www.dt.se\/nojekultur\/1.3864378-operan-kan-radda-dalhalla\">L\u00e4s mer om opera p\u00e5 Dalhalla<\/a><\/p>\n","protected":false},"excerpt":{"rendered":"<p>I dalatidningarna l\u00e4ser jag idag att det finns ett f\u00f6rslag om ett f\u00f6rdjupat samarbete mellan Dalhalla och Kungliga Operan. Bl.a. inneb\u00e4r detta att operan skulle f\u00f6rl\u00e4gga ett g\u00e4stspel i Dalhalla n\u00e4sta \u00e5r, men ocks\u00e5 ett f\u00f6rdjupat samarbete mellan \u00e5ren 2013-15. Bakgrunden till dessa diskussioner \u00e4r kulturministerns beg\u00e4ran att Operan skulle komma med f\u00f6rslag om ett [&hellip;]<\/p>\n","protected":false},"author":13,"featured_media":0,"comment_status":"open","ping_status":"open","sticky":false,"template":"","format":"standard","meta":{"_genesis_hide_title":false,"_genesis_hide_breadcrumbs":false,"_genesis_hide_singular_image":false,"_genesis_hide_footer_widgets":false,"_genesis_custom_body_class":"","_genesis_custom_post_class":"","_genesis_layout":"","footnotes":""},"categories":[20],"tags":[99,1102,3134,4911],"class_list":{"0":"post-40460","1":"post","2":"type-post","3":"status-publish","4":"format-standard","6":"category-film","7":"tag-99","8":"tag-dalhalla-operafestival","9":"tag-kungliga-operan","10":"tag-samarbete","11":"entry"},"_links":{"self":[{"href":"https:\/\/kulturbloggen.com\/index.php?rest_route=\/wp\/v2\/posts\/40460","targetHints":{"allow":["GET"]}}],"collection":[{"href":"https:\/\/kulturbloggen.com\/index.php?rest_route=\/wp\/v2\/posts"}],"about":[{"href":"https:\/\/kulturbloggen.com\/index.php?rest_route=\/wp\/v2\/types\/post"}],"author":[{"embeddable":true,"href":"https:\/\/kulturbloggen.com\/index.php?rest_route=\/wp\/v2\/users\/13"}],"replies":[{"embeddable":true,"href":"https:\/\/kulturbloggen.com\/index.php?rest_route=%2Fwp%2Fv2%2Fcomments&post=40460"}],"version-history":[{"count":0,"href":"https:\/\/kulturbloggen.com\/index.php?rest_route=\/wp\/v2\/posts\/40460\/revisions"}],"wp:attachment":[{"href":"https:\/\/kulturbloggen.com\/index.php?rest_route=%2Fwp%2Fv2%2Fmedia&parent=40460"}],"wp:term":[{"taxonomy":"category","embeddable":true,"href":"https:\/\/kulturbloggen.com\/index.php?rest_route=%2Fwp%2Fv2%2Fcategories&post=40460"},{"taxonomy":"post_tag","embeddable":true,"href":"https:\/\/kulturbloggen.com\/index.php?rest_route=%2Fwp%2Fv2%2Ftags&post=40460"}],"curies":[{"name":"wp","href":"https:\/\/api.w.org\/{rel}","templated":true}]}}