{"id":40372,"date":"2011-09-05T05:35:53","date_gmt":"2011-09-05T03:35:53","guid":{"rendered":"http:\/\/kulturbloggen.com\/?p=40372"},"modified":"2011-09-05T05:35:53","modified_gmt":"2011-09-05T03:35:53","slug":"camilla-lackberg-anglamakerskan-annu-en-storsaljare-forstas","status":"publish","type":"post","link":"https:\/\/kulturbloggen.com\/?p=40372","title":{"rendered":"Camilla L\u00e4ckberg: \u00c4nglamakerskan &#8211; \u00e4nnu en stors\u00e4ljare f\u00f6rst\u00e5s"},"content":{"rendered":"<p><a href=\"http:\/\/kulturbloggen.com\/wp-content\/uploads\/2011\/09\/anglamakerskan.jpg\"><img loading=\"lazy\" decoding=\"async\" src=\"http:\/\/kulturbloggen.com\/wp-content\/uploads\/2011\/09\/anglamakerskan-202x300.jpg\" alt=\"\" title=\"anglamakerskan\" width=\"202\" height=\"300\" class=\"aligncenter size-medium wp-image-40378\" \/><\/a><\/p>\n<p>Camilla L\u00e4ckberg har sl\u00e4ppt en ny deckare i serien om  Erica Falck och hennes polisman Patrik. Som vanligt \u00e4r det en deckare med nya mord och sp\u00e4nning som utspelar sig i det bohusl\u00e4ndska samh\u00e4llet Fj\u00e4llbacka.<\/p>\n<p>L\u00e4ckbergs b\u00f6cker s\u00e4ljer som sm\u00f6r i solen och \u00e4r Sveriges just nu b\u00e4st s\u00e4ljande f\u00f6rfattare. R\u00e4ttigheterna till hennes b\u00f6cker \u00e4r s\u00e5lda till trettioen l\u00e4nder \u00f6ver hela v\u00e4rlden. \u00c5r 2010 var hon dessutom den sjunde b\u00e4st s\u00e4ljande f\u00f6rfattaren i Europa. \u00c4nglamakerskan \u00e4r den \u00e5ttonde delen i den enormt popul\u00e4ra Fj\u00e4llbackaserien. <\/p>\n<p>Det finns sk\u00e4l till det att b\u00f6ckerna s\u00e4ljer s\u00e5 bra. Konceptet f\u00f6ljer samma mall som hennes f\u00f6reg\u00e5ngare inom den svenska deckarv\u00e5gen, genom att skildra h\u00e4ndelser kring ett brott ber\u00e4ttar deckarf\u00f6rfattaren n\u00e5got om samh\u00e4lle. Det L\u00e4ckberg g\u00f6r \u00e4r att ers\u00e4tta den traditionella huvudkarakt\u00e4ren, en sur, grinig och ofta skild polisman i \u00f6vre medel\u00e5ldern med en ung kvinna. D\u00e4rmed kan hon p\u00e5 ett naturligt s\u00e4tt placera sina huvudkarakt\u00e4rer i situationer som m\u00e5nga unga kvinnor k\u00e4nner igen: gr\u00e4l med sambo\/make om vem som ska passa barnen, griniga sv\u00e4rm\u00f6drar som l\u00e4gger sig i, gn\u00e4lliga ungar som st\u00f6r och konflikten mellan av vilja \u00e4gna sig \u00e5t sina barn och  att vilja f\u00e5 tid f\u00f6r sin karri\u00e4r.<\/p>\n<p>Camilla L\u00e4ckberg kan ber\u00e4tta en historia. Texten \u00e4r snabbl\u00e4st och det \u00e4r sp\u00e4nnande att l\u00e4sa, sv\u00e5rt att slita sig. Precis som i tidigare b\u00f6cker l\u00e5ter Camilla L\u00e4ckberg tv\u00e5 historier l\u00f6pa parallellt, en fr\u00e5n nutiden och en fr\u00e5n en h\u00e4ndelse med start f\u00f6r mer \u00e4n 100 \u00e5r sedan som i sin tur utvecklas genom n\u00e5gra decennier.<\/p>\n<p>P\u00e5sken 1974 f\u00f6rsvinner en familj sp\u00e5rl\u00f6st fr\u00e5n \u00f6n Val\u00f6 utanf\u00f6r Fj\u00e4llbacka. En fin p\u00e5skmiddag \u00e4r uppdukad i matsalen, men alla utom den ett\u00e5riga dottern Ebba \u00e4r borta. Har de blivit utsatta f\u00f6r n\u00e5got brott eller f\u00f6rsvunnit frivilligt? G\u00e5tan har aldrig f\u00e5tt n\u00e5gon l\u00f6sning.<\/p>\n<p>Patriks \u00e4ldre poliskollega G\u00f6sta var inblandad i det fallet, b\u00e5de som polis och med ett personligt engagemang eftersom han och han fru tog hand om den \u00f6vergivna ett\u00e5riga flickan ett tag.<\/p>\n<p>Den \u00f6vergivna ett\u00e5riga flickan, Ebba, \u00e5terv\u00e4nder till \u00f6n i bokens nutid. Hon och maken M\u00e5rten har f\u00f6rlorat sin lille son, och i ett f\u00f6rs\u00f6k att \u00f6vervinna sorgen och g\u00e5 vidare har de best\u00e4mt sig f\u00f6r att rusta upp huset och \u00f6ppna ett bed and breakfast. <\/p>\n<p>N\u00e4r Erica Falck f\u00e5r h\u00f6ra om parets planer blir hon b\u00e5de \u00f6verraskad och nyfiken. Hon har f\u00f6rst\u00e5s forskat en del i mysteriet med den f\u00f6rsvunna familjen.  Hon tar vara p\u00e5 chansen att f\u00e5 veta mer och s\u00f6ker upp Ebba. <\/p>\n<p>Ganska snart h\u00e4nder ot\u00e4cka saker, Ebba och M\u00e5rten uts\u00e4tts f\u00f6r en f\u00f6rs\u00f6k till mordbrand och Ebba f\u00e5r ett hotfullt brev.<\/p>\n<p>Erica Falck \u00e4r givetvis Camilla L\u00e4ckbergs alter ego. Det \u00e4r lite roligt n\u00e4r Erica i boken t\u00e4nker p\u00e5 att m\u00e5nga av hennes v\u00e4nner lite avundsjukt bruka s\u00e4ga att hon har det bra som kan f\u00f6rs\u00f6rja sig som f\u00f6rfattare och som kan best\u00e4mma sj\u00e4lv \u00f6ver sin tid. Det f\u00f6rst\u00e5r inte att Erica m\u00e5nga g\u00e5nger g\u00e4rna skulle vilja byta med dem. Hon jobbar ju sju dagar i veckan, \u00e4r aldrig ledig. Hon har alltid n\u00e5got hon m\u00e5ste g\u00f6ra, hon \u00e4r alltid upptagen med boklanseringar och annat.<\/p>\n<p>Jag kan tycka att boken \u00e4r lite spretig och personteckningarna \u00e4r inte s\u00e4rskilt djupa. N\u00e5gra karakt\u00e4rer \u00e4r v\u00e4ldigt skissartat skildrade, som typer. Det \u00e4r \u00e5 andra sidan p\u00e5 det s\u00e4tt de flesta deckare fungerar, inte bara L\u00e4ckbergs Fj\u00e4llbackahistorier. <\/p>\n<p>Uppl\u00f6sningen i slutet kan jag ocks\u00e5 ha lite sv\u00e5rt att tro p\u00e5. Det \u00e4r en del tr\u00e5das som ska knytas ihop, vilket v\u00e4l g\u00f6rs lite v\u00e4l snabbt. Fast \u00e5 andra sidan, verkligenheten \u00f6vertr\u00e4ffar m\u00e5nga g\u00e5nger de v\u00e4rsta deckarromaner.<\/p>\n<p>Ett tema i boken tycks vara f\u00f6r\u00e4ldrar som f\u00f6rlorar sina barn. Det \u00e4r flera som p\u00e5 n\u00e5got s\u00e4tt f\u00f6rlorat ett barn. Ericas syster Anna har f\u00f6rlorat ett barn, liksom Ebba och M\u00e5rten.  Ocks\u00e5 G\u00f6sta och hans fru f\u00f6rlorade ett barn n\u00e4r de var unga.<\/p>\n<p>Ett annat sp\u00e5r i ber\u00e4ttelsen \u00e4r mammor som inte orkar ta hand om sina barn. Detta \u00e4r t\u00e4tt sammanknutet med hur ett samh\u00e4lle st\u00f6ter ut m\u00e4nniskor och hur detta utanf\u00f6rskap g\u00e5r i arv i flera generationer. Detta har nyligen ocks\u00e5 skildrats i Majgull Axelssons senaste roman Moderspassion. Det \u00e4r huvudtemat ocks\u00e5 i \u00c4nglamakerskan.<\/p>\n<p>Camilla L\u00e4ckberg \u00e4r en stors\u00e4ljare och alla som redan gillar hennes deckare kommer s\u00e5 klart att l\u00e4sa den h\u00e4r ocks\u00e5. Om jag ska placera in den p\u00e5 en rankingskala bland delarna hennes Fj\u00e4llbacksvit blir det n\u00e5gonstans p\u00e5 \u00f6vre delen.<\/p>\n<p>Titel: <a href=\"http:\/\/www.bokus.com\/bok\/9789137137728\/anglamakerskan\/\">\u00c4nglamakerskan<\/a><br \/>\nF\u00f6rfattare: Camilla L\u00e4ckberg<br \/>\nISBN: 9789137137728<br \/>\nF\u00f6rlag: <a href=\"http:\/\/www.bonnierforlagen.se\/Katalog\/forum\/Host-2011\/Anglamakerskan\/\">Bokf\u00f6rlaget Forum<\/a><\/p>\n<p>L\u00e4s \u00e4ven andra bloggares \u00e5sikter om <a href=\"http:\/\/bloggar.se\/om\/Camilla+L%E4ckberg\" rel=\"tag\">Camilla L\u00e4ckberg<\/a>, <a href=\"http:\/\/bloggar.se\/om\/recension\" rel=\"tag\">recension<\/a>, <a href=\"http:\/\/bloggar.se\/om\/deckare\" rel=\"tag\">deckare<\/a>, <a href=\"http:\/\/bloggar.se\/om\/%C4nglamakerskan\" rel=\"tag\">\u00c4nglamakerskan<\/a>, <a href=\"http:\/\/bloggar.se\/om\/Fj%E4llbacka\" rel=\"tag\">Fj\u00e4llbacka<\/a><\/p>\n","protected":false},"excerpt":{"rendered":"<p>Camilla L\u00e4ckberg har sl\u00e4ppt en ny deckare i serien om Erica Falck och hennes polisman Patrik. Som vanligt \u00e4r det en deckare med nya mord och sp\u00e4nning som utspelar sig i det bohusl\u00e4ndska samh\u00e4llet Fj\u00e4llbacka. L\u00e4ckbergs b\u00f6cker s\u00e4ljer som sm\u00f6r i solen och \u00e4r Sveriges just nu b\u00e4st s\u00e4ljande f\u00f6rfattare. R\u00e4ttigheterna till hennes b\u00f6cker \u00e4r [&hellip;]<\/p>\n","protected":false},"author":2,"featured_media":0,"comment_status":"open","ping_status":"open","sticky":false,"template":"","format":"standard","meta":{"_genesis_hide_title":false,"_genesis_hide_breadcrumbs":false,"_genesis_hide_singular_image":false,"_genesis_hide_footer_widgets":false,"_genesis_custom_body_class":"","_genesis_custom_post_class":"","_genesis_layout":"","footnotes":""},"categories":[43,3,16],"tags":[6528,924,1197,1770,12285],"class_list":{"0":"post-40372","1":"post","2":"type-post","3":"status-publish","4":"format-standard","6":"category-bokrecension","7":"category-litteratur","8":"category-recension","9":"tag-anglamakerskan","10":"tag-camilla-lackberg","11":"tag-deckare","12":"tag-fjallbacka","13":"tag-recension","14":"entry"},"_links":{"self":[{"href":"https:\/\/kulturbloggen.com\/index.php?rest_route=\/wp\/v2\/posts\/40372","targetHints":{"allow":["GET"]}}],"collection":[{"href":"https:\/\/kulturbloggen.com\/index.php?rest_route=\/wp\/v2\/posts"}],"about":[{"href":"https:\/\/kulturbloggen.com\/index.php?rest_route=\/wp\/v2\/types\/post"}],"author":[{"embeddable":true,"href":"https:\/\/kulturbloggen.com\/index.php?rest_route=\/wp\/v2\/users\/2"}],"replies":[{"embeddable":true,"href":"https:\/\/kulturbloggen.com\/index.php?rest_route=%2Fwp%2Fv2%2Fcomments&post=40372"}],"version-history":[{"count":0,"href":"https:\/\/kulturbloggen.com\/index.php?rest_route=\/wp\/v2\/posts\/40372\/revisions"}],"wp:attachment":[{"href":"https:\/\/kulturbloggen.com\/index.php?rest_route=%2Fwp%2Fv2%2Fmedia&parent=40372"}],"wp:term":[{"taxonomy":"category","embeddable":true,"href":"https:\/\/kulturbloggen.com\/index.php?rest_route=%2Fwp%2Fv2%2Fcategories&post=40372"},{"taxonomy":"post_tag","embeddable":true,"href":"https:\/\/kulturbloggen.com\/index.php?rest_route=%2Fwp%2Fv2%2Ftags&post=40372"}],"curies":[{"name":"wp","href":"https:\/\/api.w.org\/{rel}","templated":true}]}}