{"id":40369,"date":"2011-09-03T10:09:58","date_gmt":"2011-09-03T08:09:58","guid":{"rendered":"http:\/\/kulturbloggen.com\/?p=40369"},"modified":"2011-09-03T10:09:58","modified_gmt":"2011-09-03T08:09:58","slug":"nervkittlande-och-vackert-gastspel-pa-stockholms-stadsteater","status":"publish","type":"post","link":"https:\/\/kulturbloggen.com\/?p=40369","title":{"rendered":"Nervkittlande och vackert g\u00e4stspel p\u00e5 Stockholms stadsteater"},"content":{"rendered":"<figure id=\"attachment_40370\" aria-describedby=\"caption-attachment-40370\" style=\"width: 199px\" class=\"wp-caption aligncenter\"><a href=\"http:\/\/kulturbloggen.com\/wp-content\/uploads\/2011\/09\/Pinfo.jpg\"><img loading=\"lazy\" decoding=\"async\" class=\"size-medium wp-image-40370 \" title=\"Pinfo\" src=\"http:\/\/kulturbloggen.com\/wp-content\/uploads\/2011\/09\/Pinfo-199x300.jpg\" alt=\"\" width=\"199\" height=\"300\" \/><\/a><figcaption id=\"caption-attachment-40370\" class=\"wp-caption-text\">Foto: Milan Szypura.<\/figcaption><\/figure>\n<p>\u00c5rets sista g\u00e4stspel p\u00e5 Stockholms stadsteater \u00e4r en annorlunda akrobatisk f\u00f6rest\u00e4llning. Franska Ieto framtr\u00e4der p\u00e5 Lilla scenen tre kv\u00e4llar i rad. P\u00e5 premi\u00e4ren den 2 september var salongen \u00e4r proppfull och publiken \u00e4r ovanligt blandad, best\u00e5r av s\u00e5v\u00e4l barn som kvinnor och m\u00e4n i alla \u00e5ldrar.<\/p>\n<p>Det b\u00f6rjar med att Fnico Feldmann och Mosi Espinoza, som tillsammans bildar Ieto, sitter p\u00e5 en tr\u00e4b\u00e4nk. En av dem \u00e4r allvarlig och m\u00e5linriktad, den andra \u00e4r nyfiken med ett brett leende p\u00e5 l\u00e4pparna. &#8221;Tv\u00e5 akrobater, varandras motsatser och komplement&#8221;, skriver Stockholms stadsteater i ett pressmeddelande. Snart b\u00f6rjar de tv\u00e5 en akrobatisk f\u00f6rest\u00e4llning som byggs p\u00e5 allt mer.<\/p>\n<p>Den franska duon utf\u00f6r sina akrobatiska nummer enormt skickligt. F\u00f6rutom att det \u00e4r imponerande s\u00e5 \u00e4r det en vacker f\u00f6rst\u00e4llning med inslag av b\u00e5de dans och ingenj\u00f6rskonst. Numret involverar fler och fler b\u00e4nkar. Totalt anv\u00e4nds \u00e5tta fyra meter l\u00e5nga b\u00e4nkar \u2013 eller h\u00f6ga, eftersom de oftast st\u00e5r p\u00e5 h\u00f6jden \u2013 p\u00e5 scenen. Det \u00e4r nervkittlande, men inneh\u00e5ller ocks\u00e5 en hel del humor och bus. F\u00f6rest\u00e4llningen avslutas med lindans p\u00e5 toppen av en avancerad b\u00e4nk-konstruktion.<\/p>\n<p>Publiken sitter p\u00e5 helsp\u00e4nn under de mest vanskliga numren och alla drar efter andan vid samma tidpunkt. Jag kan inte l\u00e5ta bli att undra hur l\u00e5ng tid det tagit att \u00f6va in allt detta och hur m\u00e5nga bl\u00e5m\u00e4rken, kross- och kl\u00e4mskador de har \u00e5samkat sig under tiden.<\/p>\n<p>IETO<\/p>\n<p>Av: Jonathan Guichard och Fnico Feldmann<br \/>\nMed: Fnico Feldmann och Mosi Espinoza<\/p>\n<p>Konstn\u00e4rlig ledare: Christian Coumin<br \/>\nLjus: Cyril Malivert<br \/>\nLjud: Maxime Denuc<br \/>\nScenografi: Teamwork<\/p>\n<p>L\u00e4s mer p\u00e5 <a href=\"http:\/\/www.stadsteatern.stockholm.se\/\" target=\"_blank\">Stockholms stadsteaters hemsida<\/a> och i <a href=\"http:\/\/teatermagasinet.se\/?p=2987\" target=\"_blank\">Teatermagasinet<\/a>.<\/p>\n<p>Ieto jobbar bland annat med fyra meter l\u00e5nga tr\u00e4b\u00e4nkar som de balanserar p\u00e5 och leker med, se Youtube-klipp:<\/p>\n<p><iframe loading=\"lazy\" src=\"http:\/\/www.youtube.com\/embed\/vAEEjmI6cHY\" frameborder=\"0\" width=\"640\" height=\"390\"><\/iframe><\/p>\n<p>L\u00e4s \u00e4ven andra bloggares \u00e5sikter om <a href=\"http:\/\/bloggar.se\/om\/akrobatik\" rel=\"tag\">akrobatik<\/a>, <a href=\"http:\/\/bloggar.se\/om\/Stockholms+stadsteater\" rel=\"tag\">Stockholms stadsteater<\/a>, <a href=\"http:\/\/bloggar.se\/om\/g%E4stspel\" rel=\"tag\">g\u00e4stspel<\/a><\/p>\n","protected":false},"excerpt":{"rendered":"<p>\u00c5rets sista g\u00e4stspel p\u00e5 Stockholms stadsteater \u00e4r en annorlunda akrobatisk f\u00f6rest\u00e4llning. Franska Ieto framtr\u00e4der p\u00e5 Lilla scenen tre kv\u00e4llar i rad. P\u00e5 premi\u00e4ren den 2 september var salongen \u00e4r proppfull och publiken \u00e4r ovanligt blandad, best\u00e5r av s\u00e5v\u00e4l barn som kvinnor och m\u00e4n i alla \u00e5ldrar. Det b\u00f6rjar med att Fnico Feldmann och Mosi Espinoza, [&hellip;]<\/p>\n","protected":false},"author":13,"featured_media":0,"comment_status":"open","ping_status":"open","sticky":false,"template":"","format":"standard","meta":{"_genesis_hide_title":false,"_genesis_hide_breadcrumbs":false,"_genesis_hide_singular_image":false,"_genesis_hide_footer_widgets":false,"_genesis_custom_body_class":"","_genesis_custom_post_class":"","_genesis_layout":"","footnotes":""},"categories":[20,30],"tags":[172,2149,5420],"class_list":{"0":"post-40369","1":"post","2":"type-post","3":"status-publish","4":"format-standard","6":"category-film","7":"category-teater","8":"tag-akrobatik","9":"tag-gastspel","10":"tag-stockholms-stadsteater","11":"entry"},"_links":{"self":[{"href":"https:\/\/kulturbloggen.com\/index.php?rest_route=\/wp\/v2\/posts\/40369","targetHints":{"allow":["GET"]}}],"collection":[{"href":"https:\/\/kulturbloggen.com\/index.php?rest_route=\/wp\/v2\/posts"}],"about":[{"href":"https:\/\/kulturbloggen.com\/index.php?rest_route=\/wp\/v2\/types\/post"}],"author":[{"embeddable":true,"href":"https:\/\/kulturbloggen.com\/index.php?rest_route=\/wp\/v2\/users\/13"}],"replies":[{"embeddable":true,"href":"https:\/\/kulturbloggen.com\/index.php?rest_route=%2Fwp%2Fv2%2Fcomments&post=40369"}],"version-history":[{"count":0,"href":"https:\/\/kulturbloggen.com\/index.php?rest_route=\/wp\/v2\/posts\/40369\/revisions"}],"wp:attachment":[{"href":"https:\/\/kulturbloggen.com\/index.php?rest_route=%2Fwp%2Fv2%2Fmedia&parent=40369"}],"wp:term":[{"taxonomy":"category","embeddable":true,"href":"https:\/\/kulturbloggen.com\/index.php?rest_route=%2Fwp%2Fv2%2Fcategories&post=40369"},{"taxonomy":"post_tag","embeddable":true,"href":"https:\/\/kulturbloggen.com\/index.php?rest_route=%2Fwp%2Fv2%2Ftags&post=40369"}],"curies":[{"name":"wp","href":"https:\/\/api.w.org\/{rel}","templated":true}]}}