{"id":40325,"date":"2011-09-01T22:05:24","date_gmt":"2011-09-01T20:05:24","guid":{"rendered":"http:\/\/kulturbloggen.com\/?p=40325"},"modified":"2011-09-01T22:05:24","modified_gmt":"2011-09-01T20:05:24","slug":"filmen-alla-hyllar-apflickorna-har-ar-recensionen","status":"publish","type":"post","link":"https:\/\/kulturbloggen.com\/?p=40325","title":{"rendered":"Filmen alla hyllar: Apflickorna, h\u00e4r \u00e4r recensionen"},"content":{"rendered":"<p><a href=\"http:\/\/kulturbloggen.com\/wp-content\/uploads\/2011\/09\/apflickorna.jpg\"><img loading=\"lazy\" decoding=\"async\" src=\"http:\/\/kulturbloggen.com\/wp-content\/uploads\/2011\/09\/apflickorna-210x300.jpg\" alt=\"\" title=\"apflickorna\" width=\"210\" height=\"300\" class=\"aligncenter size-medium wp-image-40332\" \/><\/a><\/p>\n<p>Titel: Apflickorna<br \/>\nBetyg: 3<br \/>\nPremi\u00e4r: 2 september 2011<\/p>\n<p>Apflickorna \u00e4r n\u00e5got s\u00e5 ovanligt som en film d\u00e4r unga tjejer b\u00e4r upp historien utan att vara s\u00f6ta och goda flickor utan de \u00e4r r\u00e4tt elaka. I och f\u00f6r sig r\u00e4tt s\u00f6ta, fast det \u00e4r inte huvudsaken. De tv\u00e5 huvudkarakt\u00e4rerna Emma och Cassandra har en konstig relation: v\u00e4nner, konkurrenter, f\u00f6r\u00e4lskade och \u00e4nd\u00e5 fiender. Mellan dem p\u00e5g\u00e5r en st\u00e4ndig maktf\u00f6rskjutning och de m\u00e5r definitivt inte bra, varken var f\u00f6r sig eller tillsammans, fast de till ytan ser s\u00f6ta ut och verkar v\u00e4lartade.<\/p>\n<p>Emma b\u00f6rjar tr\u00e4na h\u00e4stsporten voltige och d\u00e4r blir hon v\u00e4n med Cassandra. Eller v\u00e4n och v\u00e4n. Cassandra best\u00e4mmer sig f\u00f6r att hon ska tr\u00e4na Emma i voltige. De har en skum relation som delvis verkar ha lite sexuell attraktion, fast hur l\u00e5ngt de g\u00e5r f\u00e5r vi inte svar p\u00e5 i filmen. Det f\u00e5r vi ana oss till eller tolka sj\u00e4lva.<\/p>\n<p>Det \u00e4r d\u00e4r filmens styrka och filmens svaghet finns. Mycket s\u00e4gs inte rent ut, utan det h\u00e4nder i betraktarens eget huvud. Hur ska slutet tolkas? Ja det \u00e4r upp till publiken sj\u00e4lv.<\/p>\n<p>Det finns flera s\u00e4tt att se p\u00e5 filmen och att tolka den. Den kan ses som en skildring av flickors uppvaknande till unga kvinnor och att de utforskar sex och v\u00e4nskap. Den som vill kan l\u00e4sa en n\u00e5gon slags klasskamp, Cassandra kommer fr\u00e5n ett v\u00e4lm\u00e5ende finare hus och Emma fr\u00e5n betydligt fattigare milj\u00f6. Det \u00e4r en del i DN-kritikerns tolkning av filmen, till exempel.<\/p>\n<p>Det \u00e4r en film som verkligen f\u00e5r de traditionella filmkritikernas uppskattning. I SVT:s morgonsoffa fick den fyra klappor och <a href=\"http:\/\/www.svd.se\/kultur\/film\/bio\/film-apflickorna_6315436.svd\">av Svenska Dagbladet<\/a> fick den h\u00f6gst m\u00f6jliga: betyg 6 av 6 m\u00f6jliga.<\/p>\n<p>Jag tror att en anledning till att filmen hyllas av rutinerade gamla filmkritiker-r\u00e4var \u00e4r att det inte \u00e4r en tydlig film. Det \u00e4r ocks\u00e5 sk\u00e4let till att en del upplever filmen obehaglig. Jag s\u00e5g visningen i en salong som mest bestod av ton\u00e5rstjejer. Flera av dem var v\u00e4ldigt konfunderade och visste inte vad de skulle tycka om filmen alls.<\/p>\n<p>I centrum st\u00e5r f\u00f6rutom  Emma och Cassandra ocks\u00e5 Emmas sex\u00e5riga lillasyster Sara som spelas av<br \/>\nIsabella Lindqvist som var sex \u00e5r n\u00e4r filmen spelades in. Isabella \u00e4r den som imponerar allra mest. Hon \u00e4r som f\u00f6dd framf\u00f6r kameran. <\/p>\n<p>Skildringen av hennes pappa som vill st\u00e5 emot den \u00f6kande sexualiseringen av sm\u00e5flickor \u00e4r en sorglig beskrivning av n\u00e5got som p\u00e5g\u00e5r v\u00e5rt samh\u00e4lle idag. Pappan vill att hon ska f\u00e5 vara den lilla flicka hon \u00e4r och inte ska beh\u00f6va ha bikini utan baddr\u00e4kt. Men alla andra flickor i simskolan har en bh som kallas topp f\u00f6r att inte riktigt erk\u00e4nna sexualiseringen.<\/p>\n<p>Betyg 3 betyder att det \u00e4r en bra film, mycket bra. Varf\u00f6r den inte f\u00e5r \u00e4nnu h\u00f6gre av oss beror p\u00e5 att en del av dialogerna har v\u00e4l d\u00e5lig tajming. Kanske var det t\u00e4nkt som ett medvetet grepp f\u00f6r att det ska upplevas som mer naturtroget, men det k\u00e4ndes inte s\u00e5 alltid.<\/p>\n<p>Bildm\u00e4ssigt jobbar regiss\u00f6ren med m\u00e5nga l\u00e5nga tagningar. Det fungerar ibland mycket bra men blir ibland f\u00f6r l\u00e5ngsamt. <\/p>\n<p>Apflickorna \u00e4r en \u00f6verraskande film och en film som tar flera \u00f6verraskande v\u00e4ndningar. Det \u00e4r en film du inte kan gissa hur n\u00e5got ska g\u00e5, ot\u00e4ck och bitvis tr\u00e4ffs\u00e4ker. Jag tror vi har sett debutfilmen av en kommande svensk storregiss\u00f6r. Fast vid n\u00e5gra tillf\u00e4llen var v\u00e4ndningarna sv\u00e5ra att tro p\u00e5, det blev f\u00f6r mycket.<\/p>\n<p>Apflickorna \u00e4r Lisa Aschans l\u00e5ngfilmsdebut. Hon har skrivit manus tillsammans med Josefine Adolfsson. Apflickorna var det femte och sista projektet inom Filminstitutets Rookiesatsning vars uppdrag var att st\u00f6dja billiga filmer av oetablerade regiss\u00f6rer.<\/p>\n<p>F\u00f6rmodligen l\u00e4r vi f\u00e5 se flera av sk\u00e5despelarna i andra roller fram\u00f6ver ocks\u00e5 och speciellt lilla Isabella Lindqvist.<\/p>\n<p><iframe loading=\"lazy\" width=\"640\" height=\"390\" src=\"http:\/\/www.youtube.com\/embed\/vDgBNqPMbiM\" frameborder=\"0\" allowfullscreen><\/iframe><\/p>\n<p>Relaterat: <a href=\"http:\/\/svt.se\/2.27170\/1.2509062\/fran_apflickor_till_jagare\">SVT Kulturnyheterna<\/a> och <a href=\"http:\/\/www.expressen.se\/noje\/recensioner\/film\/1.2546235\/apflickorna\">Expressen<\/a>.<\/p>\n<p>L\u00e4s \u00e4ven andra bloggares \u00e5sikter om <a href=\"http:\/\/bloggar.se\/om\/Apflickorna\" rel=\"tag\">Apflickorna<\/a>, <a href=\"http:\/\/bloggar.se\/om\/film\" rel=\"tag\">film<\/a>, <a href=\"http:\/\/bloggar.se\/om\/filmrecension\" rel=\"tag\">filmrecension<\/a><\/p>\n","protected":false},"excerpt":{"rendered":"<p>Titel: Apflickorna Betyg: 3 Premi\u00e4r: 2 september 2011 Apflickorna \u00e4r n\u00e5got s\u00e5 ovanligt som en film d\u00e4r unga tjejer b\u00e4r upp historien utan att vara s\u00f6ta och goda flickor utan de \u00e4r r\u00e4tt elaka. I och f\u00f6r sig r\u00e4tt s\u00f6ta, fast det \u00e4r inte huvudsaken. De tv\u00e5 huvudkarakt\u00e4rerna Emma och Cassandra har en konstig relation: [&hellip;]<\/p>\n","protected":false},"author":2,"featured_media":0,"comment_status":"open","ping_status":"open","sticky":false,"template":"","format":"standard","meta":{"_genesis_hide_title":false,"_genesis_hide_breadcrumbs":false,"_genesis_hide_singular_image":false,"_genesis_hide_footer_widgets":false,"_genesis_custom_body_class":"","_genesis_custom_post_class":"","_genesis_layout":"","footnotes":""},"categories":[51,16],"tags":[351,1738,12286],"class_list":{"0":"post-40325","1":"post","2":"type-post","3":"status-publish","4":"format-standard","6":"category-filmer","7":"category-recension","8":"tag-apflickorna","9":"tag-filmrecension","10":"tag-film","11":"entry"},"_links":{"self":[{"href":"https:\/\/kulturbloggen.com\/index.php?rest_route=\/wp\/v2\/posts\/40325","targetHints":{"allow":["GET"]}}],"collection":[{"href":"https:\/\/kulturbloggen.com\/index.php?rest_route=\/wp\/v2\/posts"}],"about":[{"href":"https:\/\/kulturbloggen.com\/index.php?rest_route=\/wp\/v2\/types\/post"}],"author":[{"embeddable":true,"href":"https:\/\/kulturbloggen.com\/index.php?rest_route=\/wp\/v2\/users\/2"}],"replies":[{"embeddable":true,"href":"https:\/\/kulturbloggen.com\/index.php?rest_route=%2Fwp%2Fv2%2Fcomments&post=40325"}],"version-history":[{"count":0,"href":"https:\/\/kulturbloggen.com\/index.php?rest_route=\/wp\/v2\/posts\/40325\/revisions"}],"wp:attachment":[{"href":"https:\/\/kulturbloggen.com\/index.php?rest_route=%2Fwp%2Fv2%2Fmedia&parent=40325"}],"wp:term":[{"taxonomy":"category","embeddable":true,"href":"https:\/\/kulturbloggen.com\/index.php?rest_route=%2Fwp%2Fv2%2Fcategories&post=40325"},{"taxonomy":"post_tag","embeddable":true,"href":"https:\/\/kulturbloggen.com\/index.php?rest_route=%2Fwp%2Fv2%2Ftags&post=40325"}],"curies":[{"name":"wp","href":"https:\/\/api.w.org\/{rel}","templated":true}]}}