{"id":40275,"date":"2011-08-31T08:17:31","date_gmt":"2011-08-31T06:17:31","guid":{"rendered":"http:\/\/kulturbloggen.com\/?p=40275"},"modified":"2011-08-31T08:17:31","modified_gmt":"2011-08-31T06:17:31","slug":"nu-foreslar-regeringen-att-kulturbloggen-ska-sparas-i-kungliga-biblioteket","status":"publish","type":"post","link":"https:\/\/kulturbloggen.com\/?p=40275","title":{"rendered":"Nu f\u00f6resl\u00e5r regeringen att Kulturbloggen och alla digitala tidningar ska sparas i Kungliga biblioteket"},"content":{"rendered":"<p><a href=\"http:\/\/kulturbloggen.com\/wp-content\/uploads\/2011\/08\/Sk\u00e4rmavbild-2011-08-31-kl.-08.14.57.png\"><img loading=\"lazy\" decoding=\"async\" src=\"http:\/\/kulturbloggen.com\/wp-content\/uploads\/2011\/08\/Sk\u00e4rmavbild-2011-08-31-kl.-08.14.57-300x187.png\" alt=\"\" title=\"Sk\u00e4rmavbild 2011-08-31 kl. 08.14.57\" width=\"300\" height=\"187\" class=\"aligncenter size-medium wp-image-40277\" \/><\/a><\/p>\n<p>Regeringen vill att elektroniska publikationer ska sparas i Kungliga biblioteket och f\u00f6resl\u00e5r i en lagr\u00e5dsremiss elektroniska publikationer ska sparas.<\/p>\n<p>Sedan 1600-talet finns det en leveransplikt f\u00f6r det som publiceras i Sverige. Plikten g\u00e4ller i dag bara f\u00f6r fysiska f\u00f6rem\u00e5l som tidningar, b\u00f6cker, videoband och filmrullar samt f\u00f6r radio- eller TV-program som s\u00e4nds i etern. Sveriges nationalbibliotek, Kungliga biblioteket, ska spara det som kommer in. Leveransplikten har tv\u00e5 syften, dels att ge forskare tillg\u00e5ng till material, dels att bevara v\u00e5rt kulturarv.<\/p>\n<p>Regeringens f\u00f6rslag inneb\u00e4r inte att alls som publiceras digitalt ska sparas.<br \/>\n&#8211; Att vi bevarar publikationer till efterv\u00e4rlden \u00e4r viktigt b\u00e5de f\u00f6r forskningen och som en del av v\u00e5rt kulturarv. Lagstiftningen anpassas nu till 2000-talet och \u00e4ven kommande generationer f\u00e5r m\u00f6jlighet att ta del av v\u00e5r tids tankar och texter, s\u00e4ger utbildningsminister Jan Bj\u00f6rklund i <a href=\"http:\/\/www.regeringen.se\/sb\/d\/14060\/a\/173944\">ett pressmeddelande<\/a>.<\/p>\n<p>Pliktexemplar ska l\u00e4mnas av det som massmedief\u00f6retag och vissa andra publicerar elektroniskt. Exempelvis privata bloggar ska inte omfattas av leveransplikten.<\/p>\n<p>Eftersom Kulturbloggen inte \u00e4r en privat blogg utan b\u00e5de har en registrerad ansvarig utgivare och ett ISSN-nummer f\u00f6ruts\u00e4tter jag att Kungliga bibliotketet ska spara v\u00e5ra artiklar.<\/p>\n<p>Relaterat: <a href=\"http:\/\/www.dn.se\/kultur-noje\/nattidningar-ska-sparas-pa-kb\">Dagen Nyheter<\/a><\/p>\n<p>L\u00e4s \u00e4ven andra bloggares \u00e5sikter om <a href=\"http:\/\/bloggar.se\/om\/medier\" rel=\"tag\">medier<\/a>, <a href=\"http:\/\/bloggar.se\/om\/lagr%E5dsremiss\" rel=\"tag\">lagr\u00e5dsremiss<\/a>, <a href=\"http:\/\/bloggar.se\/om\/kulturpoliitk\" rel=\"tag\">kulturpoliitk<\/a>, <a href=\"http:\/\/bloggar.se\/om\/kungliga+biblioteket\" rel=\"tag\">kungliga biblioteket<\/a>, <a href=\"http:\/\/bloggar.se\/om\/kulturbloggen\" rel=\"tag\">kulturbloggen<\/a><\/p>\n","protected":false},"excerpt":{"rendered":"<p>Regeringen vill att elektroniska publikationer ska sparas i Kungliga biblioteket och f\u00f6resl\u00e5r i en lagr\u00e5dsremiss elektroniska publikationer ska sparas. Sedan 1600-talet finns det en leveransplikt f\u00f6r det som publiceras i Sverige. Plikten g\u00e4ller i dag bara f\u00f6r fysiska f\u00f6rem\u00e5l som tidningar, b\u00f6cker, videoband och filmrullar samt f\u00f6r radio- eller TV-program som s\u00e4nds i etern. Sveriges [&hellip;]<\/p>\n","protected":false},"author":13,"featured_media":0,"comment_status":"open","ping_status":"open","sticky":false,"template":"","format":"standard","meta":{"_genesis_hide_title":false,"_genesis_hide_breadcrumbs":false,"_genesis_hide_singular_image":false,"_genesis_hide_footer_widgets":false,"_genesis_custom_body_class":"","_genesis_custom_post_class":"","_genesis_layout":"","footnotes":""},"categories":[62],"tags":[3084,3108,3133,3211,3582],"class_list":{"0":"post-40275","1":"post","2":"type-post","3":"status-publish","4":"format-standard","6":"category-medie-och-kulturpolitik","7":"tag-kulturbloggen","8":"tag-kulturpoliitk","9":"tag-kungliga-biblioteket","10":"tag-lagradsremiss","11":"tag-medier","12":"entry"},"_links":{"self":[{"href":"https:\/\/kulturbloggen.com\/index.php?rest_route=\/wp\/v2\/posts\/40275","targetHints":{"allow":["GET"]}}],"collection":[{"href":"https:\/\/kulturbloggen.com\/index.php?rest_route=\/wp\/v2\/posts"}],"about":[{"href":"https:\/\/kulturbloggen.com\/index.php?rest_route=\/wp\/v2\/types\/post"}],"author":[{"embeddable":true,"href":"https:\/\/kulturbloggen.com\/index.php?rest_route=\/wp\/v2\/users\/13"}],"replies":[{"embeddable":true,"href":"https:\/\/kulturbloggen.com\/index.php?rest_route=%2Fwp%2Fv2%2Fcomments&post=40275"}],"version-history":[{"count":0,"href":"https:\/\/kulturbloggen.com\/index.php?rest_route=\/wp\/v2\/posts\/40275\/revisions"}],"wp:attachment":[{"href":"https:\/\/kulturbloggen.com\/index.php?rest_route=%2Fwp%2Fv2%2Fmedia&parent=40275"}],"wp:term":[{"taxonomy":"category","embeddable":true,"href":"https:\/\/kulturbloggen.com\/index.php?rest_route=%2Fwp%2Fv2%2Fcategories&post=40275"},{"taxonomy":"post_tag","embeddable":true,"href":"https:\/\/kulturbloggen.com\/index.php?rest_route=%2Fwp%2Fv2%2Ftags&post=40275"}],"curies":[{"name":"wp","href":"https:\/\/api.w.org\/{rel}","templated":true}]}}