{"id":40023,"date":"2011-08-26T12:15:12","date_gmt":"2011-08-26T10:15:12","guid":{"rendered":"http:\/\/kulturbloggen.com\/?p=40023"},"modified":"2011-08-26T12:15:12","modified_gmt":"2011-08-26T10:15:12","slug":"bilder-fran-ulrik-munthers-releasefest","status":"publish","type":"post","link":"https:\/\/kulturbloggen.com\/?p=40023","title":{"rendered":"Bilder fr\u00e5n Ulrik Munthers releasefest"},"content":{"rendered":"<p><a href=\"http:\/\/kulturbloggen.com\/wp-content\/uploads\/2011\/08\/UlrikMunther.jpg\"><img loading=\"lazy\" decoding=\"async\" src=\"http:\/\/kulturbloggen.com\/wp-content\/uploads\/2011\/08\/UlrikMunther-300x300.jpg\" alt=\"\" title=\"UlrikMunther\" width=\"300\" height=\"300\" class=\"aligncenter size-medium wp-image-40028\" \/><\/a><\/p>\n<p>Sveriges nya flickidol Ulrik Munther h\u00f6ll releasefest i gitarrbutiken Twang i Stockholm d\u00e4r han framf\u00f6rde l\u00e5tar fr\u00e5n sitt nyss utgivna sj\u00e4lvbetitlade debutalbum. Kulturbloggen var p\u00e5 plats och tog nedanst\u00e5ende bilder:<\/p>\n<p><a href=\"http:\/\/kulturbloggen.com\/wp-content\/uploads\/2011\/08\/ulrik-3.jpg\"><img loading=\"lazy\" decoding=\"async\" src=\"http:\/\/kulturbloggen.com\/wp-content\/uploads\/2011\/08\/ulrik-3-300x200.jpg\" alt=\"\" title=\"ulrik 3\" width=\"300\" height=\"200\" class=\"aligncenter size-medium wp-image-40024\" \/><\/a><\/p>\n<p><a href=\"http:\/\/kulturbloggen.com\/wp-content\/uploads\/2011\/08\/ulrik-1.jpg\"><img loading=\"lazy\" decoding=\"async\" src=\"http:\/\/kulturbloggen.com\/wp-content\/uploads\/2011\/08\/ulrik-1-300x200.jpg\" alt=\"\" title=\"ulrik 1\" width=\"300\" height=\"200\" class=\"aligncenter size-medium wp-image-40026\" \/><\/a><\/p>\n<p><a href=\"http:\/\/kulturbloggen.com\/wp-content\/uploads\/2011\/08\/ulrik-2.jpg\"><img loading=\"lazy\" decoding=\"async\" src=\"http:\/\/kulturbloggen.com\/wp-content\/uploads\/2011\/08\/ulrik-2-300x200.jpg\" alt=\"\" title=\"ulrik 2\" width=\"300\" height=\"200\" class=\"aligncenter size-medium wp-image-40027\" \/><\/a><\/p>\n<p>H\u00e4r kan du se honom framf\u00f6ra en av sina l\u00e5tar p\u00e5 Alls\u00e5ng p\u00e5 Skansen:<\/p>\n<p><iframe loading=\"lazy\" width=\"560\" height=\"345\" src=\"http:\/\/www.youtube.com\/embed\/72PDNYdD8yc\" frameborder=\"0\" allowfullscreen><\/iframe><\/p>\n","protected":false},"excerpt":{"rendered":"<p>Sveriges nya flickidol Ulrik Munther h\u00f6ll releasefest i gitarrbutiken Twang i Stockholm d\u00e4r han framf\u00f6rde l\u00e5tar fr\u00e5n sitt nyss utgivna sj\u00e4lvbetitlade debutalbum. Kulturbloggen var p\u00e5 plats och tog nedanst\u00e5ende bilder: H\u00e4r kan du se honom framf\u00f6ra en av sina l\u00e5tar p\u00e5 Alls\u00e5ng p\u00e5 Skansen:<\/p>\n","protected":false},"author":3,"featured_media":0,"comment_status":"open","ping_status":"open","sticky":false,"template":"","format":"standard","meta":{"_genesis_hide_title":false,"_genesis_hide_breadcrumbs":false,"_genesis_hide_singular_image":false,"_genesis_hide_footer_widgets":false,"_genesis_custom_body_class":"","_genesis_custom_post_class":"","_genesis_layout":"","footnotes":""},"categories":[7],"tags":[6072],"class_list":{"0":"post-40023","1":"post","2":"type-post","3":"status-publish","4":"format-standard","6":"category-musik","7":"tag-ulrik-munther","8":"entry"},"_links":{"self":[{"href":"https:\/\/kulturbloggen.com\/index.php?rest_route=\/wp\/v2\/posts\/40023","targetHints":{"allow":["GET"]}}],"collection":[{"href":"https:\/\/kulturbloggen.com\/index.php?rest_route=\/wp\/v2\/posts"}],"about":[{"href":"https:\/\/kulturbloggen.com\/index.php?rest_route=\/wp\/v2\/types\/post"}],"author":[{"embeddable":true,"href":"https:\/\/kulturbloggen.com\/index.php?rest_route=\/wp\/v2\/users\/3"}],"replies":[{"embeddable":true,"href":"https:\/\/kulturbloggen.com\/index.php?rest_route=%2Fwp%2Fv2%2Fcomments&post=40023"}],"version-history":[{"count":0,"href":"https:\/\/kulturbloggen.com\/index.php?rest_route=\/wp\/v2\/posts\/40023\/revisions"}],"wp:attachment":[{"href":"https:\/\/kulturbloggen.com\/index.php?rest_route=%2Fwp%2Fv2%2Fmedia&parent=40023"}],"wp:term":[{"taxonomy":"category","embeddable":true,"href":"https:\/\/kulturbloggen.com\/index.php?rest_route=%2Fwp%2Fv2%2Fcategories&post=40023"},{"taxonomy":"post_tag","embeddable":true,"href":"https:\/\/kulturbloggen.com\/index.php?rest_route=%2Fwp%2Fv2%2Ftags&post=40023"}],"curies":[{"name":"wp","href":"https:\/\/api.w.org\/{rel}","templated":true}]}}