{"id":40010,"date":"2011-08-26T12:58:56","date_gmt":"2011-08-26T10:58:56","guid":{"rendered":"http:\/\/kulturbloggen.com\/?p=40010"},"modified":"2011-08-26T12:58:56","modified_gmt":"2011-08-26T10:58:56","slug":"hang-pa-var-med-i-den-langa-manskliga-kedjan-langs-strandvagen-den-baltiska-kedjan","status":"publish","type":"post","link":"https:\/\/kulturbloggen.com\/?p=40010","title":{"rendered":"H\u00e4ng p\u00e5: var med i den l\u00e5nga m\u00e4nskliga kedjan l\u00e4ngs Strandv\u00e4gen (Den baltiska kedjan)"},"content":{"rendered":"<p><a href=\"http:\/\/kulturbloggen.com\/wp-content\/uploads\/2011\/08\/kedja.jpg\"><img loading=\"lazy\" decoding=\"async\" class=\"aligncenter size-medium wp-image-40020\" title=\"kedja\" src=\"http:\/\/kulturbloggen.com\/wp-content\/uploads\/2011\/08\/kedja-300x155.jpg\" alt=\"\" width=\"300\" height=\"155\" \/><\/a><\/p>\n<p>Den baltiska kedjan var en fredlig massdemonstration d\u00e4r miljontals m\u00e4nniskor fattade varandras h\u00e4nder, \u00e4nda fr\u00e5n Vilnius i Litauen till Tallinn i Estland.<br \/>\nDen har inf\u00f6rts p\u00e5 UNESCO:s lista \u00f6ver \u201dMemory of the World\u201d, r\u00f6nte stor uppm\u00e4rksamhet v\u00e4rlden \u00f6ver och syntes till och med fr\u00e5n rymden. P\u00e5 l\u00f6rdag \u00e5terskapas kedjan l\u00e4ngs med Strandv\u00e4gen i centrala Stockholm, till minne av de baltiska staternas frig\u00f6relse och den sjungande revolutionen.<\/p>\n<p>P\u00e5 l\u00f6rdag den 27 augusti startar \u00d6stersj\u00f6festivalen 2011 i Stockholm. I samband med den invigningen ska en m\u00e4nsklig kedja bildas, till minne av den baltiska kedjan.<\/p>\n<p>Jag tycker det k\u00e4nns som en manifestation som passar som en st\u00f6d f\u00f6r de frig\u00f6relsek\u00e4mpar som just nu k\u00e4mpar f\u00f6r att slippa diktaturen ocks\u00e5, som i Libyen och f\u00f6r m\u00e4nniskor\u00e4ttsk\u00e4mpar i Kina. Ja listan \u00f6ver l\u00e4nder d\u00e4r m\u00e4nniskor lever under ofrihet \u00e4r tyv\u00e4rr l\u00e5ng. L\u00e4ngre \u00e4n s\u00e5 har m\u00e4nskligheten inte kommit.<\/p>\n<p>Mer info om den m\u00e4nskliga kedjan som arrangeras i Stockholm l\u00f6rdag den 27 augusti:<\/p>\n<p>Invigningen sker i samarbete med Baltiska \u00e5ret 2011 och p\u00e5 samma dag som Sverige f\u00f6r 20 \u00e5r sedan erk\u00e4nde de baltiska staternas sj\u00e4lvst\u00e4ndighet. Kulturministrarna fr\u00e5n Estland, Lettland, Litauen och Sverige kommer att delta och tala ifr\u00e5n Berwaldhallens tak, sedan f\u00f6ljer festivalens invigningskonsert i n\u00e4rvaro av Kungaparet.<\/p>\n<p>F\u00f6rutom invigningstal och underh\u00e5llning av Stockholms L\u00e4ns Bl\u00e5sarsymfoniker, genomf\u00f6rs en manifestation till minne av den Baltiska kedjan som bildades 1989, en aktion som var avg\u00f6rande i de baltiska staternas frig\u00f6relse. F\u00f6r mer bakgrund om den Baltiska kedjan, l\u00e4s h\u00e4r.<\/p>\n<p><strong>H\u00e5llpunkter 27 augusti:<\/strong><br \/>\n16.30 Musik med ensembler ur Stockholms L\u00e4ns Bl\u00e5sarsymfoniker och dess ungdomsorkester<br \/>\n17.15 Tal av Sveriges kulturminister Lena Adelsohn Liljeroth, Estlands kulturminister Rein Lang, Lettlands kulturminister Sarmite Elerte och Litauens kulturminister Ar?nas Gel?nas<br \/>\n17.45 Bildandet av en m\u00e4nsklig kedja \u2013 \u201dKedja f\u00f6r frihet\u201d \u2013 fr\u00e5n Berwaldhallen och l\u00e4ngsmed Strandv\u00e4gen<br \/>\n18.00 \u201dKedja f\u00f6r Frihet\u201d h\u00e5lls samman i ett par minuter<\/p>\n<p>Kl.19.30 b\u00f6rjar den i P2 direkts\u00e4nda invigningskonserten i n\u00e4rvaro av bland annat Kung Carl XVI Gustav, Drottning Silvia, medlemmar ur regeringen samt kulturministrarna fr\u00e5n de baltiska l\u00e4nderna<\/p>\n<p>Konsertprogram:<br \/>\nEstlands Nationella Symfoniorkester, Estlands nationella mansk\u00f6r RAM, Lettiska radions k\u00f6r, Liepait\u00e9s (flickk\u00f6r fr\u00e5n Litauen) under ledning av dirigent T\u00f5nu Kaljuste.<br \/>\nF\u00f6r mer information om festival och program, bes\u00f6k \u00d6stersj\u00f6festivalens hemsida.<\/p>\n<p>&#8212;&#8212;&#8212;<\/p>\n<p><a href=\"http:\/\/hogbergstankar.blogspot.com\/2011\/08\/nyinspelat-for-afrikans-horn.html\">Ett annat projekt till st\u00f6d f\u00f6r or\u00e4ttvisor i v\u00e4rlden ber\u00e4ttar Peter H\u00f6gberg om:<\/a><br \/>\n<strong>Idag s\u00e5 kan<a href=\"http:\/\/hd.se\/noje\/nojesbloggen\/2011\/08\/19\/kedjan-gor-musik-for-att-motverka-svalten\/\">\u00a0man<\/a>\u00a0ta del av en ny\u00a0<a href=\"http:\/\/open.spotify.com\/album\/6rIiVbRfAD5tvwhkYX3p7s\">skiva<\/a>\u00a0&#8221;ringar p\u00e5 vattnet&#8221; med en samling artister som i klassisk mening gjort en inspelning f\u00f6r\u00a0<a href=\"http:\/\/www.svd.se\/nyheter\/utrikes\/darfor-svalter-de-unika-bilder-fran-afrikas-horn_6403585.svd\">sv\u00e4lten<\/a>\u00a0p\u00e5 Afrikans Horn. M\u00e5nga av v\u00e5ra k\u00e4nda artister \u00e4r det som finns med p\u00e5 plattan. Allt \u00e4r f\u00f6r att hj\u00e4lpa Radiohj\u00e4lpen med sin insaml<\/strong>ing.<\/p>\n<p><a href=\"http:\/\/martinmobergsblogg.blogspot.com\/2011\/08\/fredagsmusik-kedjan-ringar-pa-vattnet.html\">Martin Moberg har ocks\u00e5 bloggat om detta.<\/a><\/p>\n<p>L\u00e4s \u00e4ven andra bloggares \u00e5sikter om <a href=\"http:\/\/bloggar.se\/om\/%D6stersj%F6festivalen\" rel=\"tag\">\u00d6stersj\u00f6festivalen<\/a>, <a href=\"http:\/\/bloggar.se\/om\/Baltiska+kedjan\" rel=\"tag\">Baltiska kedjan<\/a><\/p>\n","protected":false},"excerpt":{"rendered":"<p>Den baltiska kedjan var en fredlig massdemonstration d\u00e4r miljontals m\u00e4nniskor fattade varandras h\u00e4nder, \u00e4nda fr\u00e5n Vilnius i Litauen till Tallinn i Estland. Den har inf\u00f6rts p\u00e5 UNESCO:s lista \u00f6ver \u201dMemory of the World\u201d, r\u00f6nte stor uppm\u00e4rksamhet v\u00e4rlden \u00f6ver och syntes till och med fr\u00e5n rymden. P\u00e5 l\u00f6rdag \u00e5terskapas kedjan l\u00e4ngs med Strandv\u00e4gen i centrala Stockholm, [&hellip;]<\/p>\n","protected":false},"author":2,"featured_media":0,"comment_status":"open","ping_status":"open","sticky":false,"template":"","format":"standard","meta":{"_genesis_hide_title":false,"_genesis_hide_breadcrumbs":false,"_genesis_hide_singular_image":false,"_genesis_hide_footer_widgets":false,"_genesis_custom_body_class":"","_genesis_custom_post_class":"","_genesis_layout":"","footnotes":""},"categories":[62],"tags":[508,6544],"class_list":{"0":"post-40010","1":"post","2":"type-post","3":"status-publish","4":"format-standard","6":"category-medie-och-kulturpolitik","7":"tag-baltiska-kedjan","8":"tag-ostersjofestivalen","9":"entry"},"_links":{"self":[{"href":"https:\/\/kulturbloggen.com\/index.php?rest_route=\/wp\/v2\/posts\/40010","targetHints":{"allow":["GET"]}}],"collection":[{"href":"https:\/\/kulturbloggen.com\/index.php?rest_route=\/wp\/v2\/posts"}],"about":[{"href":"https:\/\/kulturbloggen.com\/index.php?rest_route=\/wp\/v2\/types\/post"}],"author":[{"embeddable":true,"href":"https:\/\/kulturbloggen.com\/index.php?rest_route=\/wp\/v2\/users\/2"}],"replies":[{"embeddable":true,"href":"https:\/\/kulturbloggen.com\/index.php?rest_route=%2Fwp%2Fv2%2Fcomments&post=40010"}],"version-history":[{"count":0,"href":"https:\/\/kulturbloggen.com\/index.php?rest_route=\/wp\/v2\/posts\/40010\/revisions"}],"wp:attachment":[{"href":"https:\/\/kulturbloggen.com\/index.php?rest_route=%2Fwp%2Fv2%2Fmedia&parent=40010"}],"wp:term":[{"taxonomy":"category","embeddable":true,"href":"https:\/\/kulturbloggen.com\/index.php?rest_route=%2Fwp%2Fv2%2Fcategories&post=40010"},{"taxonomy":"post_tag","embeddable":true,"href":"https:\/\/kulturbloggen.com\/index.php?rest_route=%2Fwp%2Fv2%2Ftags&post=40010"}],"curies":[{"name":"wp","href":"https:\/\/api.w.org\/{rel}","templated":true}]}}