{"id":39389,"date":"2011-08-13T10:45:37","date_gmt":"2011-08-13T08:45:37","guid":{"rendered":"http:\/\/kulturbloggen.com\/?p=39389"},"modified":"2011-08-13T10:45:37","modified_gmt":"2011-08-13T08:45:37","slug":"jag-saknar-dig-%e2%80%93-gripande-film-om-forlorad-syster","status":"publish","type":"post","link":"https:\/\/kulturbloggen.com\/?p=39389","title":{"rendered":"Jag saknar dig \u2013 gripande film om f\u00f6rlorad syster"},"content":{"rendered":"<figure id=\"attachment_39390\" aria-describedby=\"caption-attachment-39390\" style=\"width: 220px\" class=\"wp-caption aligncenter\"><a href=\"http:\/\/kulturbloggen.com\/wp-content\/uploads\/2011\/08\/jag_saknar_dig_webb.jpg\"><img loading=\"lazy\" decoding=\"async\" class=\"size-full wp-image-39390\" title=\"jag_saknar_dig_webb\" src=\"http:\/\/kulturbloggen.com\/wp-content\/uploads\/2011\/08\/jag_saknar_dig_webb.jpg\" alt=\"\" width=\"220\" height=\"146\" \/><\/a><figcaption id=\"caption-attachment-39390\" class=\"wp-caption-text\">Erica och Hanna Midfj\u00e4ll.<\/figcaption><\/figure>\n<p>Titel: Jag saknar dig<br \/>\nBetyg: 4<br \/>\nSvensk premi\u00e4r: 19 augusti 2011<\/p>\n<p>Till att b\u00f6rja med liknar Jag saknar dig en ganska vanlig ungdomsfilm. Handlingen kretsar kring de snart 15-\u00e5riga tvillingsystrarna Cilla och Tina som k\u00e4mpar med sina identiteter. Det handlar om syskon-, f\u00f6r\u00e4ldra- och kompisrelationer i den \u00f6mt\u00e5liga period som 14-15-\u00e5rs\u00e5ldern \u00e4r. Tina (Erica Midfj\u00e4ll) \u00e4r popul\u00e4r bland killarna och mest intresserad av smink och sin senaste f\u00f6r\u00e4lskelse. Cilla (Tina Midfj\u00e4ll) \u00e4r konstn\u00e4rssj\u00e4len och idealisten och dr\u00f6mmer om att bli regiss\u00f6r. Ocks\u00e5 hon blir s\u00e5 sm\u00e5ningom k\u00e4r, i s\u00e5ngaren i bandet Ailu Crash (Ludde Nilsson).<\/p>\n<p>Men det finns en stor skillnad mellan Jag saknar dig och andra ton\u00e5rsskildringar: att vi hela tiden \u00e4r medvetna om att Cilla inte kommer att f\u00e5 uppleva sin 15-\u00e5rsdag eftersom hon kommer att d\u00f6 i en bilolycka. Trots den vetskapen \u2013 eller kanske just d\u00e4rf\u00f6r \u2013 blir Cillas d\u00f6d oerh\u00f6rt tragisk. T\u00e5rarna str\u00f6mmar och det tar en bra stund innan jag kan koncentrera mig ordentligt p\u00e5 handlingen igen.<\/p>\n<p>Jag ger Jag saknar dig en stark 4 i betyg f\u00f6r den trov\u00e4rdiga skildringen av det vacuum som uppst\u00e5r n\u00e4r Cilla \u00e4r borta och Tina blir ensam kvar. Det k\u00e4nns n\u00e4stan som man \u00e4r en av alla runt omkring Tina som p\u00e5verkas av sorg och skuldk\u00e4nslor. Ja, det \u00e4r v\u00e4ldigt sorgligt, men \u00e4nd\u00e5 finns det ett ljus i filmen. Samtidigt som det \u00e4r en tragedi \u00e4r det en utvecklingshistoria om Tina, som hittar sig sj\u00e4lv p\u00e5 ett nytt s\u00e4tt och som till slut kan g\u00e5 vidare ur sin sorg.<\/p>\n<p>Jag saknar dig ger ocks\u00e5 en fascinerande bild av hur det \u00e4r att ha en en\u00e4ggstvilling \u2013 en syster som \u00e4r s\u00e5 lik en sj\u00e4lv men som \u00e4nd\u00e5 kan vara s\u00e5 olik, av Tinas och Cillas n\u00e4ra relation som inneh\u00e5ller en hel del br\u00e5k men som \u00e4r fylld av k\u00e4rlek.<\/p>\n<p>Jag saknar dig \u00e4r en filmatisering av Peter Pohls ungdomsbok Jag saknar dig, Jag saknar dig! som han erh\u00e5llit Augustpriset f\u00f6r. Filmen Jag saknar dig har redan bel\u00f6nats med publikens pris p\u00e5 G\u00f6teborgs filmfestival, d\u00e4r den hade smygpremi\u00e4r, och tilldelats Unga filmjuryns pris p\u00e5 BUFF 2011. \u00c4ktheten i boken och filmen kan h\u00e4nga ihop med att de \u00e4r baserade p\u00e5 en verklig historia. Peter Pohl skrev romanen tillsammans med ton\u00e5riga Kinna Gieth, som sj\u00e4lv f\u00f6rlorade sin tvillingsyster i en olycka. Men en stor del av filmens kvaliteter f\u00e5r nog ocks\u00e5 tillskrivas regin av Anders Gr\u00f6nros, som tidigare bland annat regisserat filmer som Agnes Cecilia och Glasbl\u00e5sarens barn.<\/p>\n<p>Filmen \u00e4r definitivt inte enbart en ungdomsfilm utan ses med beh\u00e5llning av alla \u00e5ldersgrupper (gl\u00f6m inte n\u00e4sduken bara).<\/p>\n<p>P\u00e5 fredag den 19 augusti \u00e4r det premi\u00e4r f\u00f6r Jag saknar dig i Stockholm, G\u00f6teborg, Malm\u00f6, Uppsala, Lund, \u00d6rebro, Link\u00f6ping, Karlstad, Helsingborg, V\u00e4ster\u00e5s, Norrk\u00f6ping, G\u00e4vle, Sundsvall, J\u00f6nk\u00f6ping, Lule\u00e5, V\u00e4xj\u00f6, Bor\u00e5s, Eskilstuna, \u00d6stersund, Sk\u00f6vde, Skellefte\u00e5, Kristianstad, Karlskrona, Falun, Uddevalla, V\u00e4nersborg, Nyk\u00f6ping, \u00d6rnsk\u00f6ldsvik, Ystad, Hudiksvall, Kung\u00e4lv, Sandviken, Ludvika, Vimmerby, Arvika, Vara, Kalix, Hyltebruk, Hedemora, B\u00e5stad, Pite\u00e5, Boden, Nyn\u00e4shman, Kiruna, \u00c4ngelholm, H\u00f6gan\u00e4s, Ulricehamn, Jakobsberg, H\u00e4ssleholm, Enk\u00f6ping, Tran\u00e5s, Eksj\u00f6, Leksand, Bengtsfors, Skurup, Varberg, Sk\u00e4rhamn, Sollentuna, Kungsbacka, Karlshamn, Ronneby, Katrineholm, R\u00e4ttvik, Tierp och Grebbestad.<\/p>\n<p>L\u00e4s \u00e4ven andra bloggares \u00e5sikter om <a href=\"http:\/\/bloggar.se\/om\/filmrecension\" rel=\"tag\">filmrecension<\/a>, <a href=\"http:\/\/bloggar.se\/om\/ungdomsfilm\" rel=\"tag\">ungdomsfilm<\/a>, <a href=\"http:\/\/bloggar.se\/om\/svensk+film\" rel=\"tag\">svensk film<\/a><\/p>\n","protected":false},"excerpt":{"rendered":"<p>Titel: Jag saknar dig Betyg: 4 Svensk premi\u00e4r: 19 augusti 2011 Till att b\u00f6rja med liknar Jag saknar dig en ganska vanlig ungdomsfilm. Handlingen kretsar kring de snart 15-\u00e5riga tvillingsystrarna Cilla och Tina som k\u00e4mpar med sina identiteter. Det handlar om syskon-, f\u00f6r\u00e4ldra- och kompisrelationer i den \u00f6mt\u00e5liga period som 14-15-\u00e5rs\u00e5ldern \u00e4r. Tina (Erica Midfj\u00e4ll) [&hellip;]<\/p>\n","protected":false},"author":13,"featured_media":0,"comment_status":"open","ping_status":"open","sticky":false,"template":"","format":"standard","meta":{"_genesis_hide_title":false,"_genesis_hide_breadcrumbs":false,"_genesis_hide_singular_image":false,"_genesis_hide_footer_widgets":false,"_genesis_custom_body_class":"","_genesis_custom_post_class":"","_genesis_layout":"","footnotes":""},"categories":[50,51,16],"tags":[5520,6094],"class_list":{"0":"post-39389","1":"post","2":"type-post","3":"status-publish","4":"format-standard","6":"category-filmfilm","7":"category-filmer","8":"category-recension","9":"tag-svensk-film","10":"tag-ungdomsfilm","11":"entry"},"_links":{"self":[{"href":"https:\/\/kulturbloggen.com\/index.php?rest_route=\/wp\/v2\/posts\/39389","targetHints":{"allow":["GET"]}}],"collection":[{"href":"https:\/\/kulturbloggen.com\/index.php?rest_route=\/wp\/v2\/posts"}],"about":[{"href":"https:\/\/kulturbloggen.com\/index.php?rest_route=\/wp\/v2\/types\/post"}],"author":[{"embeddable":true,"href":"https:\/\/kulturbloggen.com\/index.php?rest_route=\/wp\/v2\/users\/13"}],"replies":[{"embeddable":true,"href":"https:\/\/kulturbloggen.com\/index.php?rest_route=%2Fwp%2Fv2%2Fcomments&post=39389"}],"version-history":[{"count":0,"href":"https:\/\/kulturbloggen.com\/index.php?rest_route=\/wp\/v2\/posts\/39389\/revisions"}],"wp:attachment":[{"href":"https:\/\/kulturbloggen.com\/index.php?rest_route=%2Fwp%2Fv2%2Fmedia&parent=39389"}],"wp:term":[{"taxonomy":"category","embeddable":true,"href":"https:\/\/kulturbloggen.com\/index.php?rest_route=%2Fwp%2Fv2%2Fcategories&post=39389"},{"taxonomy":"post_tag","embeddable":true,"href":"https:\/\/kulturbloggen.com\/index.php?rest_route=%2Fwp%2Fv2%2Ftags&post=39389"}],"curies":[{"name":"wp","href":"https:\/\/api.w.org\/{rel}","templated":true}]}}