{"id":39068,"date":"2011-08-03T10:34:16","date_gmt":"2011-08-03T08:34:16","guid":{"rendered":"http:\/\/kulturbloggen.com\/?p=39068"},"modified":"2011-08-03T10:34:16","modified_gmt":"2011-08-03T08:34:16","slug":"bo-r-holmberg-magnus-ljunggren-marten-melin-sara-kadefors-och-stefan-casta-nominerade-till-barnens-romanpris","status":"publish","type":"post","link":"https:\/\/kulturbloggen.com\/?p=39068","title":{"rendered":"Bo R Holmberg, Magnus Ljunggren, M\u00e5rten Melin, Sara Kadefors och Stefan Casta nominerade till Barnens Romanpris"},"content":{"rendered":"<p><a href=\"http:\/\/kulturbloggen.com\/wp-content\/uploads\/2011\/08\/barnensromanpris.jpg\"><img loading=\"lazy\" decoding=\"async\" src=\"http:\/\/kulturbloggen.com\/wp-content\/uploads\/2011\/08\/barnensromanpris-300x208.jpg\" alt=\"\" title=\"BARNENS ROMANPRIS.\" width=\"300\" height=\"208\" class=\"aligncenter size-medium wp-image-39069\" \/><\/a><br \/>\nBo R Holmberg, Magnus Ljunggren, M\u00e5rten Melin, Sara Kadefors och Stefan Casta \u00e4r de fem nominerade f\u00f6rfattarna till Barnens romanpris 2011. Vem vinnaren blir avsl\u00f6jas i P1:s direkts\u00e4ndning av prisutdelningen 12 augusti kl 11.03 p\u00e5 Stockholms Kulturhus, ber\u00e4ttar ett pressmeddelande.<\/p>\n<p>De fem nominerade b\u00f6ckerna \u00e4r:<br \/>\n&#8221;Alice varannan vecka&#8221; av Bo R Holmberg<br \/>\n &#8221;Den gr\u00f6na cirkeln&#8221; av Stefan Casta<br \/>\n&#8221;Nyckelbarnen&#8221; av Sara Kadefors<br \/>\n&#8221;Som trolleri&#8221; av M\u00e5rten Melin<br \/>\n&#8221;VM-sommar&#8221; av Magnus Ljunggren<\/p>\n<p>Om Barnens romanpris<br \/>\nKulturjournalisten Kerstin M. Lundberg \u00e4r en av initiativtagarna bakom Sveriges Radios romanpris som startade 1993. Tillsammans med Ylva M\u00e5rtens, journalist och redakt\u00f6r f\u00f6r radioprogrammet &#8221;Barnen&#8221; i P1, startade hon Barnens romanpris 2010 f\u00f6r att fr\u00e4mja l\u00e4sning bland barn. De nominerade b\u00f6ckerna som \u00e4r fem svenska b\u00f6cker f\u00f6r barn mellan 10-13 \u00e5r utgivna under 2010 v\u00e4ljs ut av en kritikergrupp. Vinnaren utses sedan av en jury best\u00e5ende av mellanstadiebarn. Cecilia Bodstr\u00f6m, kanalansvarig P1, delar ut priset p\u00e5 Kulturhuset i Stockholm p\u00e5 avdelningen Tiotretton. Barnens romanpris \u00e4r ett samarbete mellan Sveriges Radio och UR.<\/p>\n<p>Bilden:<br \/>\nYlva M\u00e5rtens och Kerstin M Lundberg. Foto: Mattias Ahlm\/Sveriges Radio<\/p>\n<p>L\u00e4s \u00e4ven andra bloggares \u00e5sikter om <a href=\"http:\/\/bloggar.se\/om\/Barnens+romanpris\" rel=\"tag\">Barnens romanpris<\/a>, <a href=\"http:\/\/bloggar.se\/om\/litteratur\" rel=\"tag\">litteratur<\/a>, <a href=\"http:\/\/bloggar.se\/om\/bok\" rel=\"tag\">bok<\/a>, <a href=\"http:\/\/bloggar.se\/om\/bokpris\" rel=\"tag\">bokpris<\/a>, <a href=\"http:\/\/bloggar.se\/om\/Sveriges+radio\" rel=\"tag\">Sveriges radio<\/a><\/p>\n","protected":false},"excerpt":{"rendered":"<p>Bo R Holmberg, Magnus Ljunggren, M\u00e5rten Melin, Sara Kadefors och Stefan Casta \u00e4r de fem nominerade f\u00f6rfattarna till Barnens romanpris 2011. Vem vinnaren blir avsl\u00f6jas i P1:s direkts\u00e4ndning av prisutdelningen 12 augusti kl 11.03 p\u00e5 Stockholms Kulturhus, ber\u00e4ttar ett pressmeddelande. De fem nominerade b\u00f6ckerna \u00e4r: &#8221;Alice varannan vecka&#8221; av Bo R Holmberg &#8221;Den gr\u00f6na cirkeln&#8221; [&hellip;]<\/p>\n","protected":false},"author":2,"featured_media":0,"comment_status":"open","ping_status":"open","sticky":false,"template":"","format":"standard","meta":{"_genesis_hide_title":false,"_genesis_hide_breadcrumbs":false,"_genesis_hide_singular_image":false,"_genesis_hide_footer_widgets":false,"_genesis_custom_body_class":"","_genesis_custom_post_class":"","_genesis_layout":"","footnotes":""},"categories":[3],"tags":[535,12280,786,5537],"class_list":{"0":"post-39068","1":"post","2":"type-post","3":"status-publish","4":"format-standard","6":"category-litteratur","7":"tag-barnens-romanpris","8":"tag-litteratur","9":"tag-bokpris","10":"tag-sveriges-radio","11":"entry"},"_links":{"self":[{"href":"https:\/\/kulturbloggen.com\/index.php?rest_route=\/wp\/v2\/posts\/39068","targetHints":{"allow":["GET"]}}],"collection":[{"href":"https:\/\/kulturbloggen.com\/index.php?rest_route=\/wp\/v2\/posts"}],"about":[{"href":"https:\/\/kulturbloggen.com\/index.php?rest_route=\/wp\/v2\/types\/post"}],"author":[{"embeddable":true,"href":"https:\/\/kulturbloggen.com\/index.php?rest_route=\/wp\/v2\/users\/2"}],"replies":[{"embeddable":true,"href":"https:\/\/kulturbloggen.com\/index.php?rest_route=%2Fwp%2Fv2%2Fcomments&post=39068"}],"version-history":[{"count":0,"href":"https:\/\/kulturbloggen.com\/index.php?rest_route=\/wp\/v2\/posts\/39068\/revisions"}],"wp:attachment":[{"href":"https:\/\/kulturbloggen.com\/index.php?rest_route=%2Fwp%2Fv2%2Fmedia&parent=39068"}],"wp:term":[{"taxonomy":"category","embeddable":true,"href":"https:\/\/kulturbloggen.com\/index.php?rest_route=%2Fwp%2Fv2%2Fcategories&post=39068"},{"taxonomy":"post_tag","embeddable":true,"href":"https:\/\/kulturbloggen.com\/index.php?rest_route=%2Fwp%2Fv2%2Ftags&post=39068"}],"curies":[{"name":"wp","href":"https:\/\/api.w.org\/{rel}","templated":true}]}}