{"id":38924,"date":"2011-07-29T18:19:35","date_gmt":"2011-07-29T16:19:35","guid":{"rendered":"http:\/\/kulturbloggen.com\/?p=38924"},"modified":"2011-07-29T18:19:35","modified_gmt":"2011-07-29T16:19:35","slug":"kulturbloggens-guide-om-miniserier-pa-tv-for-regniga-dagar","status":"publish","type":"post","link":"https:\/\/kulturbloggen.com\/?p=38924","title":{"rendered":"Kulturbloggens guide om miniserier p\u00e5 tv f\u00f6r regniga dagar"},"content":{"rendered":"<p><a href=\"http:\/\/kulturbloggen.com\/wp-content\/uploads\/2011\/07\/thekennedys.jpg\"><img loading=\"lazy\" decoding=\"async\" src=\"http:\/\/kulturbloggen.com\/wp-content\/uploads\/2011\/07\/thekennedys-300x202.jpg\" alt=\"\" title=\"thekennedys\" width=\"300\" height=\"202\" class=\"aligncenter size-medium wp-image-38931\" \/><\/a><\/p>\n<p>Regniga dagar och myggfulla n\u00e4tter. \u00c4ven sommaren f\u00f6r med sig gott om tillf\u00e4llen f\u00f6r tv och film. Jag har rotat fram ett par mer eller mindre uppm\u00e4rksammade miniserier &#8211; ett beh\u00e4ndigt format att ta sig an under den sista sommarm\u00e5naden. <\/p>\n<p><strong>The Kennedys (2011)<\/strong><br \/>\nI januari stoppade History Channel serien med motiveringen att den visar en vinklad bild av historiska fakta.<br \/>\nSVT s\u00e4nde serien om klanen Kennedy i v\u00e5ras. 8 avsnitt p\u00e5 knappt en timme vardera \u00e4r alldeles f\u00f6r kort tid att ber\u00e4tta om s\u00e5 komplexa politiska skeenden och personportr\u00e4tt, men serien kan inte beskyllas f\u00f6r att bli utdragen i alla fall. Det bjuds p\u00e5 mycket tillfredsst\u00e4llande sk\u00e5despelarprestationer, och det lyckas bli sp\u00e4nnande trots att vi alla vet hur det kommer sluta. The Kennedys saknar Aaron Sorkins fantastiska dialog som vi annars vant oss vid att h\u00f6ra fr\u00e5n Vita husets korridorer, men i geng\u00e4ld f\u00e5r man, \u00e5tminstone en k\u00e4nsla av att, l\u00e4ra sig n\u00e5got om amerikansk historia.<br \/>\nPassar: mammor som gillar familjedrama och romantik, pappor som gillar strategi och politik, och alla vi andra som saknar The West Wing.<br \/>\nBetyg: 3<\/p>\n<p><strong>Mannen under trappan (2009)<\/strong><br \/>\nSvensk thrillerserie. Fredrik flyttar in med sin lyckliga familj \u2013 fru och tv\u00e5 barn &#8211; i en vacker villa med utsikt \u00f6ver \u00e5krar och skog. En natt dyker en h\u00e5rig, m\u00f6rk och smutsig man upp i hallen. Han s\u00e4ger att han heter Kw\u00e5dd och att han \u201dbor h\u00e4r\u201d. Och han verkar inte vilja l\u00e4mna huset heller&#8230; Produktionen k\u00e4nns stundtals fruktansv\u00e4rt l\u00e5gbudget, men levererar \u00e4nd\u00e5 en paranoid och krypande olustk\u00e4nsla som f\u00e5 serier med samma intention lyckas med. L\u00e4mnar dig s\u00f6mnl\u00f6s om du inte str\u00e4ck-ser den!<br \/>\nPassar: Alla som passerat mellanstadiet och som inte har f\u00f6r sk\u00f6ra nerver.<br \/>\nBetyg: 3<\/p>\n<p><strong>Taken (2002)<\/strong><br \/>\nEn amerikansk soldat blir bortf\u00f6rd av utomjordingar under andra v\u00e4rldskrigets Tyskland. Ett ufo kraschar i USA och en av dess passagerare f\u00f6rsvinner. Dessa h\u00e4ndelser ger konsekvenser f\u00f6r flertalet m\u00e4nniskor, inom och utanf\u00f6r arm\u00e9n. Taken utspelar sig under fem decennier och f\u00f6ljer flera generationer vars liv p\u00e5verkats av bes\u00f6ken. Och utomjordingarna kommer tillbaka. Jag gillar episka historier, men Spielberg har en del problem att best\u00e4mma vilken genre han vill jobba med. Ibland \u00e4r det gulligt, ibland \u00e4r det ot\u00e4ckt, och ibland \u00e4r det bara utdraget.<br \/>\nPassar: alla som vill ha mer av Spielbergs alien-historier efter att ha sett bioaktulla Super 8, samt vi som tycker att allt r\u00f6rligt material blir mer intressant med kostymer fr\u00e5n tidigare decennier.<br \/>\nBetyg: 2<\/p>\n<p><strong>Lost Room (2006)<\/strong><br \/>\nDenna g\u00e5tfulla sci-fi-ber\u00e4ttelse hade premi\u00e4r mitt under Lost-eran (2004 \u2013 2010) och inneh\u00e5ller, liksom Lost, parallella och ok\u00e4nda v\u00e4rldar. Ett mystiskt motellrum, till vilket man f\u00e5r tillg\u00e5ng genom att l\u00e5sa upp vilken d\u00f6rr som helst med en speciell nyckel, verkar vara portalen till en annan v\u00e4rld. Allt som placeras i rummet har f\u00f6rsvunnit till n\u00e4sta g\u00e5ng d\u00f6rren \u00f6ppnas. S\u00e5 \u00e4ven m\u00e4nniskor.<br \/>\nPassar: Fans av serier som Lost, the Event etc, men som inte orkar binda upp sig i 7 s\u00e4songer.<br \/>\nBetyg: 3<\/p>\n<p><strong>Lasermannen (2005)<\/strong><br \/>\nLasermannen, John Ausonius, begick mellan 1991-92 flera attentat mot invandrare i Sverige. En person d\u00f6dades och tio skadades. Denna svenska miniserie om 3 avsnitt p\u00e5 90 min vardera \u00e4r baserad p\u00e5 Gellert Tamas stors\u00e4ljande bok med samma namn och \u00e4r ett intressant personportr\u00e4tt och en stark dramatisering av fruktansv\u00e4rda handlingar som tyv\u00e4rr \u00e4r minst lika aktuella i dag, i Sverige och utanf\u00f6r.<br \/>\nPassar: Alla. Lasermannen b\u00f6r finnas med i kursplanen f\u00f6r h\u00f6gstadiet.<br \/>\nBetyg: 4<\/p>\n<p><strong>Stolthet o f\u00f6rdom (1995)<\/strong><br \/>\nN\u00e4r SVT s\u00e4nde den romantiska Jane Austen-ber\u00e4ttelsen p\u00e5 90-talet satt b\u00e5de jag och mamma som  klistrade. Sen dess har jag inf\u00f6rskaffat serien p\u00e5 dvd och pl\u00f6jt den ungef\u00e4r en g\u00e5ng per \u00e5r. (Filmen som kom 2010 spolade jag dock igenom en g\u00e5ng och gav en stor tumme ned.) Jag \u00e4lskar att bl\u00e4ndas av kostymerna och uppr\u00f6ras av k\u00f6nsmaktsordningen. Enda problemet \u00e4r v\u00e4l att Mr Darcy efter s\u00e5 m\u00e5nga \u00e5r fortfarande inte l\u00e4rt sig att inte sl\u00f6sa bort tid genom trumpen envishet.<br \/>\nPassar: fr\u00e4mst kvinnor och sm\u00e5flickor som fortfarande dr\u00f6mmer om ridderliga gentlem\u00e4n, men ocks\u00e5 alla som uppskattar riktigt bra kostymdramer.<br \/>\nBetyg: 4<\/p>\n<p>L\u00e4s \u00e4ven andra bloggares \u00e5sikter om <a href=\"http:\/\/bloggar.se\/om\/The+Kennedys\" rel=\"tag\">The Kennedys<\/a>, <a href=\"http:\/\/bloggar.se\/om\/tv\" rel=\"tag\">tv<\/a>, <a href=\"http:\/\/bloggar.se\/om\/miniserier\" rel=\"tag\">miniserier<\/a>, <a href=\"http:\/\/bloggar.se\/om\/guide\" rel=\"tag\">guide<\/a>, <a href=\"http:\/\/bloggar.se\/om\/\" rel=\"tag\"><\/a><\/p>\n","protected":false},"excerpt":{"rendered":"<p>Regniga dagar och myggfulla n\u00e4tter. \u00c4ven sommaren f\u00f6r med sig gott om tillf\u00e4llen f\u00f6r tv och film. Jag har rotat fram ett par mer eller mindre uppm\u00e4rksammade miniserier &#8211; ett beh\u00e4ndigt format att ta sig an under den sista sommarm\u00e5naden. The Kennedys (2011) I januari stoppade History Channel serien med motiveringen att den visar en [&hellip;]<\/p>\n","protected":false},"author":13,"featured_media":0,"comment_status":"open","ping_status":"open","sticky":false,"template":"","format":"standard","meta":{"_genesis_hide_title":false,"_genesis_hide_breadcrumbs":false,"_genesis_hide_singular_image":false,"_genesis_hide_footer_widgets":false,"_genesis_custom_body_class":"","_genesis_custom_post_class":"","_genesis_layout":"","footnotes":""},"categories":[50],"tags":[2120,3699,5763,6012],"class_list":{"0":"post-38924","1":"post","2":"type-post","3":"status-publish","4":"format-standard","6":"category-filmfilm","7":"tag-guide","8":"tag-miniserier","9":"tag-the-kennedys","10":"tag-tv","11":"entry"},"_links":{"self":[{"href":"https:\/\/kulturbloggen.com\/index.php?rest_route=\/wp\/v2\/posts\/38924","targetHints":{"allow":["GET"]}}],"collection":[{"href":"https:\/\/kulturbloggen.com\/index.php?rest_route=\/wp\/v2\/posts"}],"about":[{"href":"https:\/\/kulturbloggen.com\/index.php?rest_route=\/wp\/v2\/types\/post"}],"author":[{"embeddable":true,"href":"https:\/\/kulturbloggen.com\/index.php?rest_route=\/wp\/v2\/users\/13"}],"replies":[{"embeddable":true,"href":"https:\/\/kulturbloggen.com\/index.php?rest_route=%2Fwp%2Fv2%2Fcomments&post=38924"}],"version-history":[{"count":0,"href":"https:\/\/kulturbloggen.com\/index.php?rest_route=\/wp\/v2\/posts\/38924\/revisions"}],"wp:attachment":[{"href":"https:\/\/kulturbloggen.com\/index.php?rest_route=%2Fwp%2Fv2%2Fmedia&parent=38924"}],"wp:term":[{"taxonomy":"category","embeddable":true,"href":"https:\/\/kulturbloggen.com\/index.php?rest_route=%2Fwp%2Fv2%2Fcategories&post=38924"},{"taxonomy":"post_tag","embeddable":true,"href":"https:\/\/kulturbloggen.com\/index.php?rest_route=%2Fwp%2Fv2%2Ftags&post=38924"}],"curies":[{"name":"wp","href":"https:\/\/api.w.org\/{rel}","templated":true}]}}