{"id":38854,"date":"2011-07-28T11:15:34","date_gmt":"2011-07-28T09:15:34","guid":{"rendered":"http:\/\/kulturbloggen.com\/?p=38854"},"modified":"2011-11-26T08:32:44","modified_gmt":"2011-11-26T07:32:44","slug":"jocke-berg-fran-kent-sjunger-ledmotivet-till-bilar-2","status":"publish","type":"post","link":"https:\/\/kulturbloggen.com\/?p=38854","title":{"rendered":"Jocke Berg fr\u00e5n Kent sjunger ledmotivet till Bilar 2"},"content":{"rendered":"<p>Jocke Berg fr\u00e5n Kent sjunger l\u00e5ten &#8221;Det k\u00e4nns perfekt&#8221; d\u00e4r br\u00f6derna Rongedal k\u00f6rar. L\u00e5ten \u00e4r en remake av The Cars j\u00e4ttehit &#8221;You Might Think&#8221; fr\u00e5n 1984 och \u00e4r nu ledmotiv till den animerade Disney\/Pixarfilmen som har svensk premi\u00e4r 5 augusti. I den Amerikanska originalversionen av Bilar 2 framf\u00f6rs l\u00e5ten av Weezer. Eventuellt kommer det svenska titelsp\u00e5ret att sl\u00e4ppas som singel.<\/p>\n<p>Ett pressmeddelande ber\u00e4ttar mer:<\/p>\n<blockquote><p>Den 5 augusti har uppf\u00f6ljningen till den hyllade Disney\/Pixar-filmen Bilar premi\u00e4r p\u00e5 de svenska biograferna. Filmen visas i 3D p\u00e5 utvalda biografer och kan ses b\u00e5de p\u00e5 svenska och p\u00e5 engelska.<\/p>\n<p>I den svenska versionen g\u00f6r \u00e5terigen Martin Stenmarck r\u00f6sten som den popul\u00e4ra Blixten McQueen, likv\u00e4l som Jan Modin som \u00e4ven denna g\u00e5ng gestaltar B\u00e4rgarn. Bland de nya karakt\u00e4rerna h\u00f6rs Lia Boysen som Holley Blinkers, G\u00f6ran Stangertz som Finn McMissile, Johannes Bah Kuhnke som Max Axeltryck och David Hellenius som Professor Z\u00fcndapp.<\/p>\n<p>Hela v\u00e4rlden \u00e4r en racerbana n\u00e4r racingens superstj\u00e4rna Blixten McQueen sladdar tillbaka in i \u00e4ventyret, givetvis med sin b\u00e4ste v\u00e4n B\u00e4rgarn i sl\u00e4pt\u00e5g. I den h\u00e4r nya och h\u00f6goktaniga forts\u00e4ttningen av Bilar \u00e4r det dags att ta sig an v\u00e4rldens snabbaste och skickligaste konkurrenter. B\u00e4rgarn och Blixten McQueen kommer att beh\u00f6va sina pass n\u00e4r de nu ger sig in i en v\u00e4rld fylld av intriger, sp\u00e4nning och blixtsnabba komiska \u00e4ventyr jorden runt.<\/p><\/blockquote>\n<p><strong><a href=\"http:\/\/kulturbloggen.com\/?p=38821\">H\u00e4r kan du l\u00e4sa Kulturbloggens recension av filmen Bilar 2.<\/a><\/strong><\/p>\n<p>L\u00e4s \u00e4ven andra bloggares \u00e5sikter om <a href=\"http:\/\/bloggar.se\/om\/Jocke+Berg\" rel=\"tag\">Jocke Berg<\/a>, <a href=\"http:\/\/bloggar.se\/om\/Kent\" rel=\"tag\">Kent<\/a>, <a href=\"http:\/\/bloggar.se\/om\/Bilar+2\" rel=\"tag\">Bilar 2<\/a>, <a href=\"http:\/\/bloggar.se\/om\/Rongedal\" rel=\"tag\">Rongedal<\/a>, <a href=\"http:\/\/bloggar.se\/om\/filmmusik\" rel=\"tag\">filmmusik<\/a><\/p>\n","protected":false},"excerpt":{"rendered":"<p>Jocke Berg fr\u00e5n Kent sjunger l\u00e5ten &#8221;Det k\u00e4nns perfekt&#8221; d\u00e4r br\u00f6derna Rongedal k\u00f6rar. L\u00e5ten \u00e4r en remake av The Cars j\u00e4ttehit &#8221;You Might Think&#8221; fr\u00e5n 1984 och \u00e4r nu ledmotiv till den animerade Disney\/Pixarfilmen som har svensk premi\u00e4r 5 augusti. I den Amerikanska originalversionen av Bilar 2 framf\u00f6rs l\u00e5ten av Weezer. Eventuellt kommer det svenska [&hellip;]<\/p>\n","protected":false},"author":13,"featured_media":44663,"comment_status":"open","ping_status":"open","sticky":false,"template":"","format":"standard","meta":{"_genesis_hide_title":false,"_genesis_hide_breadcrumbs":false,"_genesis_hide_singular_image":false,"_genesis_hide_footer_widgets":false,"_genesis_custom_body_class":"","_genesis_custom_post_class":"","_genesis_layout":"","footnotes":""},"categories":[50,7],"tags":[633,2688,2909,4831],"class_list":{"0":"post-38854","1":"post","2":"type-post","3":"status-publish","4":"format-standard","5":"has-post-thumbnail","7":"category-filmfilm","8":"category-musik","9":"tag-bilar-2","10":"tag-jocke-berg","11":"tag-kent","12":"tag-rongedal","13":"entry"},"_links":{"self":[{"href":"https:\/\/kulturbloggen.com\/index.php?rest_route=\/wp\/v2\/posts\/38854","targetHints":{"allow":["GET"]}}],"collection":[{"href":"https:\/\/kulturbloggen.com\/index.php?rest_route=\/wp\/v2\/posts"}],"about":[{"href":"https:\/\/kulturbloggen.com\/index.php?rest_route=\/wp\/v2\/types\/post"}],"author":[{"embeddable":true,"href":"https:\/\/kulturbloggen.com\/index.php?rest_route=\/wp\/v2\/users\/13"}],"replies":[{"embeddable":true,"href":"https:\/\/kulturbloggen.com\/index.php?rest_route=%2Fwp%2Fv2%2Fcomments&post=38854"}],"version-history":[{"count":1,"href":"https:\/\/kulturbloggen.com\/index.php?rest_route=\/wp\/v2\/posts\/38854\/revisions"}],"predecessor-version":[{"id":44664,"href":"https:\/\/kulturbloggen.com\/index.php?rest_route=\/wp\/v2\/posts\/38854\/revisions\/44664"}],"wp:featuredmedia":[{"embeddable":true,"href":"https:\/\/kulturbloggen.com\/index.php?rest_route=\/wp\/v2\/media\/44663"}],"wp:attachment":[{"href":"https:\/\/kulturbloggen.com\/index.php?rest_route=%2Fwp%2Fv2%2Fmedia&parent=38854"}],"wp:term":[{"taxonomy":"category","embeddable":true,"href":"https:\/\/kulturbloggen.com\/index.php?rest_route=%2Fwp%2Fv2%2Fcategories&post=38854"},{"taxonomy":"post_tag","embeddable":true,"href":"https:\/\/kulturbloggen.com\/index.php?rest_route=%2Fwp%2Fv2%2Ftags&post=38854"}],"curies":[{"name":"wp","href":"https:\/\/api.w.org\/{rel}","templated":true}]}}